{"id":2446,"date":"2023-11-03T12:08:59","date_gmt":"2023-11-03T11:08:59","guid":{"rendered":"https:\/\/grabowiec.pl\/ug\/?p=2446"},"modified":"2023-11-03T12:09:32","modified_gmt":"2023-11-03T11:09:32","slug":"termin-skladania-wnioskow-suszowych-przedluzony","status":"publish","type":"post","link":"https:\/\/grabowiec.pl\/ug\/index.php\/2023\/11\/03\/termin-skladania-wnioskow-suszowych-przedluzony\/","title":{"rendered":"Termin sk\u0142adania wniosk\u00f3w suszowych przed\u0142u\u017cony"},"content":{"rendered":"\n<p>Rz\u0105d wyd\u0142u\u017cy\u0142 termin sk\u0142adania wniosk\u00f3w o oszacowanie szk\u00f3d, kt\u00f3re powsta\u0142y w wyniku tegorocznej suszy. Rolnicy b\u0119d\u0105 mieli tak\u0105 mo\u017cliwo\u015b\u0107 do 17 listopada 2023 r.<\/p>\n\n\n\n<p>Rada Ministr\u00f3w przyj\u0119\u0142a rozporz\u0105dzenie zmieniaj\u0105ce rozporz\u0105dzenie w sprawie szczeg\u00f3\u0142owego zakresu i sposob\u00f3w realizacji niekt\u00f3rych zada\u0144 Agencji Restrukturyzacji i Modernizacji Rolnictwa, przed\u0142o\u017cone przez ministra rolnictwa i rozwoju wsi.<\/p>\n\n\n\n<h3 class=\"wp-block-heading\"><strong>Najwa\u017cniejsze rozwi\u0105zania<\/strong><\/h3>\n\n\n\n<ul class=\"wp-block-list\">\n<li>Obecnie termin sk\u0142adania wniosk\u00f3w o oszacowanie szk\u00f3d, kt\u00f3re powsta\u0142y w wyniku tegorocznej suszy up\u0142ywa 30 pa\u017adziernika 2023 r. Jednak ze wzgl\u0119du na liczne pro\u015bby od organizacji rolniczych, rz\u0105d przed\u0142u\u017ca ten termin do 17 listopada 2023 r.<\/li>\n\n\n\n<li>Ponadto umo\u017cliwione zostanie udzielanie w 2024 r. pomocy producentom rolnym, w kt\u00f3rych gospodarstwie rolnym lub dziale specjalnym produkcji rolnej, szkody w uprawach owocuj\u0105cych drzew owocowych, owocuj\u0105cych krzew\u00f3w owocowych lub truskawek \u2013 spowodowane wyst\u0105pieniem w 2023 r. przymrozk\u00f3w wiosennych, gradu lub huraganu \u2013 powsta\u0142e na powierzchni uprawy, obj\u0119\u0142y co najmniej 30 proc. i mniej ni\u017c 70 proc. danej uprawy, z uwagi na wyczerpanie w bie\u017c\u0105cym roku limitu pomocy de minimis, co uniemo\u017cliwia udzielenie pomocy producentom rolnym, kt\u00f3rzy ponie\u015bli szkody w wysoko\u015bci do 30% \u015bredniej rocznej produkcji rolnej.<\/li>\n\n\n\n<li>Mo\u017cliwo\u015b\u0107 uzyskania pomocy powinna wp\u0142yn\u0105\u0107 na popraw\u0119 p\u0142ynno\u015bci finansowej rolnik\u00f3w, a tym samym docelowo na wzrost konkurencyjno\u015bci polskich gospodarstw rolnych na rynku Unii Europejskiej.<\/li>\n<\/ul>\n\n\n\n<ul class=\"wp-block-list\">\n<li class=\"has-large-font-size\"><strong><a href=\"https:\/\/www.gov.pl\/web\/rolnictwo\/termin-skladania-wnioskow-suszowych-przedluzony\" target=\"_blank\" rel=\"noreferrer noopener\">CZYTAJ WI\u0118CEJ<\/a><\/strong><\/li>\n<\/ul>\n","protected":false},"excerpt":{"rendered":"<p>Rz\u0105d wyd\u0142u\u017cy\u0142 termin sk\u0142adania wniosk\u00f3w o oszacowanie szk\u00f3d, kt\u00f3re powsta\u0142y w wyniku tegorocznej suszy. Rolnicy &hellip;<\/p>\n","protected":false},"author":1,"featured_media":2448,"comment_status":"closed","ping_status":"closed","sticky":false,"template":"","format":"standard","meta":{"footnotes":""},"categories":[9],"tags":[],"class_list":["post-2446","post","type-post","status-publish","format-standard","has-post-thumbnail","hentry","category-ogloszenia"],"author_data":{"name":"GrabAdmin","url":"https:\/\/grabowiec.pl\/ug\/index.php\/author\/grabadmin\/"},"excerpt_data":"Rz\u0105d wyd\u0142u\u017cy\u0142 termin sk\u0142adania wniosk\u00f3w o oszacowanie szk\u00f3d, kt\u00f3re powsta\u0142y w wyniku tegorocznej suszy. Rolnicy...","categories_data":{"9":{"term_id":9,"name":"OG\u0141OSZENIA","slug":"ogloszenia","term_group":0,"term_taxonomy_id":9,"taxonomy":"category","description":"","parent":0,"count":160,"filter":"raw","cat_ID":9,"category_count":160,"category_description":"","cat_name":"OG\u0141OSZENIA","category_nicename":"ogloszenia","category_parent":0}},"featured_image_src":"https:\/\/grabowiec.pl\/ug\/wp-content\/uploads\/2023\/11\/1460x616.jpeg","date_formated":"2023-11-03","yoast_head":"<!-- This site is optimized with the Yoast SEO plugin v27.5 - https:\/\/yoast.com\/product\/yoast-seo-wordpress\/ -->\n<title>Termin sk\u0142adania wniosk\u00f3w suszowych przed\u0142u\u017cony - GMINA GRABOWIEC<\/title>\n<meta name=\"robots\" content=\"index, follow, max-snippet:-1, max-image-preview:large, max-video-preview:-1\" \/>\n<link rel=\"canonical\" href=\"https:\/\/grabowiec.pl\/ug\/index.php\/2023\/11\/03\/termin-skladania-wnioskow-suszowych-przedluzony\/\" \/>\n<meta property=\"og:locale\" content=\"pl_PL\" \/>\n<meta property=\"og:type\" content=\"article\" \/>\n<meta property=\"og:title\" content=\"Termin sk\u0142adania wniosk\u00f3w suszowych przed\u0142u\u017cony - GMINA GRABOWIEC\" \/>\n<meta property=\"og:description\" content=\"Rz\u0105d wyd\u0142u\u017cy\u0142 termin sk\u0142adania wniosk\u00f3w o oszacowanie szk\u00f3d, kt\u00f3re powsta\u0142y w wyniku tegorocznej suszy. Rolnicy &hellip;\" \/>\n<meta property=\"og:url\" content=\"https:\/\/grabowiec.pl\/ug\/index.php\/2023\/11\/03\/termin-skladania-wnioskow-suszowych-przedluzony\/\" \/>\n<meta property=\"og:site_name\" content=\"GMINA GRABOWIEC\" \/>\n<meta property=\"article:published_time\" content=\"2023-11-03T11:08:59+00:00\" \/>\n<meta property=\"article:modified_time\" content=\"2023-11-03T11:09:32+00:00\" \/>\n<meta property=\"og:image\" content=\"https:\/\/grabowiec.pl\/ug\/wp-content\/uploads\/2023\/11\/1460x616.jpeg\" \/>\n\t<meta property=\"og:image:width\" content=\"1460\" \/>\n\t<meta property=\"og:image:height\" content=\"616\" \/>\n\t<meta property=\"og:image:type\" content=\"image\/jpeg\" \/>\n<meta name=\"author\" content=\"GrabAdmin\" \/>\n<meta name=\"twitter:card\" content=\"summary_large_image\" \/>\n<meta name=\"twitter:label1\" content=\"Napisane przez\" \/>\n\t<meta name=\"twitter:data1\" content=\"GrabAdmin\" \/>\n\t<meta name=\"twitter:label2\" content=\"Szacowany czas czytania\" \/>\n\t<meta name=\"twitter:data2\" content=\"2 minuty\" \/>\n<script type=\"application\/ld+json\" class=\"yoast-schema-graph\">{\"@context\":\"https:\\\/\\\/schema.org\",\"@graph\":[{\"@type\":\"Article\",\"@id\":\"https:\\\/\\\/grabowiec.pl\\\/ug\\\/index.php\\\/2023\\\/11\\\/03\\\/termin-skladania-wnioskow-suszowych-przedluzony\\\/#article\",\"isPartOf\":{\"@id\":\"https:\\\/\\\/grabowiec.pl\\\/ug\\\/index.php\\\/2023\\\/11\\\/03\\\/termin-skladania-wnioskow-suszowych-przedluzony\\\/\"},\"author\":{\"name\":\"GrabAdmin\",\"@id\":\"https:\\\/\\\/grabowiec.pl\\\/ug\\\/#\\\/schema\\\/person\\\/5985d73d5ee31f074e8352f4782bdf99\"},\"headline\":\"Termin sk\u0142adania wniosk\u00f3w suszowych przed\u0142u\u017cony\",\"datePublished\":\"2023-11-03T11:08:59+00:00\",\"dateModified\":\"2023-11-03T11:09:32+00:00\",\"mainEntityOfPage\":{\"@id\":\"https:\\\/\\\/grabowiec.pl\\\/ug\\\/index.php\\\/2023\\\/11\\\/03\\\/termin-skladania-wnioskow-suszowych-przedluzony\\\/\"},\"wordCount\":252,\"publisher\":{\"@id\":\"https:\\\/\\\/grabowiec.pl\\\/ug\\\/#organization\"},\"image\":{\"@id\":\"https:\\\/\\\/grabowiec.pl\\\/ug\\\/index.php\\\/2023\\\/11\\\/03\\\/termin-skladania-wnioskow-suszowych-przedluzony\\\/#primaryimage\"},\"thumbnailUrl\":\"https:\\\/\\\/grabowiec.pl\\\/ug\\\/wp-content\\\/uploads\\\/2023\\\/11\\\/1460x616.jpeg\",\"articleSection\":[\"OG\u0141OSZENIA\"],\"inLanguage\":\"pl-PL\"},{\"@type\":\"WebPage\",\"@id\":\"https:\\\/\\\/grabowiec.pl\\\/ug\\\/index.php\\\/2023\\\/11\\\/03\\\/termin-skladania-wnioskow-suszowych-przedluzony\\\/\",\"url\":\"https:\\\/\\\/grabowiec.pl\\\/ug\\\/index.php\\\/2023\\\/11\\\/03\\\/termin-skladania-wnioskow-suszowych-przedluzony\\\/\",\"name\":\"Termin sk\u0142adania wniosk\u00f3w suszowych przed\u0142u\u017cony - GMINA GRABOWIEC\",\"isPartOf\":{\"@id\":\"https:\\\/\\\/grabowiec.pl\\\/ug\\\/#website\"},\"primaryImageOfPage\":{\"@id\":\"https:\\\/\\\/grabowiec.pl\\\/ug\\\/index.php\\\/2023\\\/11\\\/03\\\/termin-skladania-wnioskow-suszowych-przedluzony\\\/#primaryimage\"},\"image\":{\"@id\":\"https:\\\/\\\/grabowiec.pl\\\/ug\\\/index.php\\\/2023\\\/11\\\/03\\\/termin-skladania-wnioskow-suszowych-przedluzony\\\/#primaryimage\"},\"thumbnailUrl\":\"https:\\\/\\\/grabowiec.pl\\\/ug\\\/wp-content\\\/uploads\\\/2023\\\/11\\\/1460x616.jpeg\",\"datePublished\":\"2023-11-03T11:08:59+00:00\",\"dateModified\":\"2023-11-03T11:09:32+00:00\",\"breadcrumb\":{\"@id\":\"https:\\\/\\\/grabowiec.pl\\\/ug\\\/index.php\\\/2023\\\/11\\\/03\\\/termin-skladania-wnioskow-suszowych-przedluzony\\\/#breadcrumb\"},\"inLanguage\":\"pl-PL\",\"potentialAction\":[{\"@type\":\"ReadAction\",\"target\":[\"https:\\\/\\\/grabowiec.pl\\\/ug\\\/index.php\\\/2023\\\/11\\\/03\\\/termin-skladania-wnioskow-suszowych-przedluzony\\\/\"]}]},{\"@type\":\"ImageObject\",\"inLanguage\":\"pl-PL\",\"@id\":\"https:\\\/\\\/grabowiec.pl\\\/ug\\\/index.php\\\/2023\\\/11\\\/03\\\/termin-skladania-wnioskow-suszowych-przedluzony\\\/#primaryimage\",\"url\":\"https:\\\/\\\/grabowiec.pl\\\/ug\\\/wp-content\\\/uploads\\\/2023\\\/11\\\/1460x616.jpeg\",\"contentUrl\":\"https:\\\/\\\/grabowiec.pl\\\/ug\\\/wp-content\\\/uploads\\\/2023\\\/11\\\/1460x616.jpeg\",\"width\":1460,\"height\":616},{\"@type\":\"BreadcrumbList\",\"@id\":\"https:\\\/\\\/grabowiec.pl\\\/ug\\\/index.php\\\/2023\\\/11\\\/03\\\/termin-skladania-wnioskow-suszowych-przedluzony\\\/#breadcrumb\",\"itemListElement\":[{\"@type\":\"ListItem\",\"position\":1,\"name\":\"Strona g\u0142\u00f3wna\",\"item\":\"https:\\\/\\\/grabowiec.pl\\\/ug\\\/\"},{\"@type\":\"ListItem\",\"position\":2,\"name\":\"Termin sk\u0142adania wniosk\u00f3w suszowych przed\u0142u\u017cony\"}]},{\"@type\":\"WebSite\",\"@id\":\"https:\\\/\\\/grabowiec.pl\\\/ug\\\/#website\",\"url\":\"https:\\\/\\\/grabowiec.pl\\\/ug\\\/\",\"name\":\"GMINA GRABOWIEC\",\"description\":\"\",\"publisher\":{\"@id\":\"https:\\\/\\\/grabowiec.pl\\\/ug\\\/#organization\"},\"potentialAction\":[{\"@type\":\"SearchAction\",\"target\":{\"@type\":\"EntryPoint\",\"urlTemplate\":\"https:\\\/\\\/grabowiec.pl\\\/ug\\\/?s={search_term_string}\"},\"query-input\":{\"@type\":\"PropertyValueSpecification\",\"valueRequired\":true,\"valueName\":\"search_term_string\"}}],\"inLanguage\":\"pl-PL\"},{\"@type\":\"Organization\",\"@id\":\"https:\\\/\\\/grabowiec.pl\\\/ug\\\/#organization\",\"name\":\"GMINA GRABOWIEC\",\"url\":\"https:\\\/\\\/grabowiec.pl\\\/ug\\\/\",\"logo\":{\"@type\":\"ImageObject\",\"inLanguage\":\"pl-PL\",\"@id\":\"https:\\\/\\\/grabowiec.pl\\\/ug\\\/#\\\/schema\\\/logo\\\/image\\\/\",\"url\":\"https:\\\/\\\/grabowiec.pl\\\/ug\\\/wp-content\\\/uploads\\\/2023\\\/02\\\/grab-herb.png\",\"contentUrl\":\"https:\\\/\\\/grabowiec.pl\\\/ug\\\/wp-content\\\/uploads\\\/2023\\\/02\\\/grab-herb.png\",\"width\":500,\"height\":600,\"caption\":\"GMINA GRABOWIEC\"},\"image\":{\"@id\":\"https:\\\/\\\/grabowiec.pl\\\/ug\\\/#\\\/schema\\\/logo\\\/image\\\/\"}},{\"@type\":\"Person\",\"@id\":\"https:\\\/\\\/grabowiec.pl\\\/ug\\\/#\\\/schema\\\/person\\\/5985d73d5ee31f074e8352f4782bdf99\",\"name\":\"GrabAdmin\",\"image\":{\"@type\":\"ImageObject\",\"inLanguage\":\"pl-PL\",\"@id\":\"https:\\\/\\\/secure.gravatar.com\\\/avatar\\\/d282d70901c093d417c40ef93cb537ed734f8c89a218e980f2eb8806fb2268e4?s=96&d=mm&r=g\",\"url\":\"https:\\\/\\\/secure.gravatar.com\\\/avatar\\\/d282d70901c093d417c40ef93cb537ed734f8c89a218e980f2eb8806fb2268e4?s=96&d=mm&r=g\",\"contentUrl\":\"https:\\\/\\\/secure.gravatar.com\\\/avatar\\\/d282d70901c093d417c40ef93cb537ed734f8c89a218e980f2eb8806fb2268e4?s=96&d=mm&r=g\",\"caption\":\"GrabAdmin\"},\"sameAs\":[\"http:\\\/\\\/grabowiec.pl\\\/ug\"],\"url\":\"https:\\\/\\\/grabowiec.pl\\\/ug\\\/index.php\\\/author\\\/grabadmin\\\/\"}]}<\/script>\n<!-- \/ Yoast SEO plugin. -->","yoast_head_json":{"title":"Termin sk\u0142adania wniosk\u00f3w suszowych przed\u0142u\u017cony - GMINA GRABOWIEC","robots":{"index":"index","follow":"follow","max-snippet":"max-snippet:-1","max-image-preview":"max-image-preview:large","max-video-preview":"max-video-preview:-1"},"canonical":"https:\/\/grabowiec.pl\/ug\/index.php\/2023\/11\/03\/termin-skladania-wnioskow-suszowych-przedluzony\/","og_locale":"pl_PL","og_type":"article","og_title":"Termin sk\u0142adania wniosk\u00f3w suszowych przed\u0142u\u017cony - GMINA GRABOWIEC","og_description":"Rz\u0105d wyd\u0142u\u017cy\u0142 termin sk\u0142adania wniosk\u00f3w o oszacowanie szk\u00f3d, kt\u00f3re powsta\u0142y w wyniku tegorocznej suszy. Rolnicy &hellip;","og_url":"https:\/\/grabowiec.pl\/ug\/index.php\/2023\/11\/03\/termin-skladania-wnioskow-suszowych-przedluzony\/","og_site_name":"GMINA GRABOWIEC","article_published_time":"2023-11-03T11:08:59+00:00","article_modified_time":"2023-11-03T11:09:32+00:00","og_image":[{"width":1460,"height":616,"url":"https:\/\/grabowiec.pl\/ug\/wp-content\/uploads\/2023\/11\/1460x616.jpeg","type":"image\/jpeg"}],"author":"GrabAdmin","twitter_card":"summary_large_image","twitter_misc":{"Napisane przez":"GrabAdmin","Szacowany czas czytania":"2 minuty"},"schema":{"@context":"https:\/\/schema.org","@graph":[{"@type":"Article","@id":"https:\/\/grabowiec.pl\/ug\/index.php\/2023\/11\/03\/termin-skladania-wnioskow-suszowych-przedluzony\/#article","isPartOf":{"@id":"https:\/\/grabowiec.pl\/ug\/index.php\/2023\/11\/03\/termin-skladania-wnioskow-suszowych-przedluzony\/"},"author":{"name":"GrabAdmin","@id":"https:\/\/grabowiec.pl\/ug\/#\/schema\/person\/5985d73d5ee31f074e8352f4782bdf99"},"headline":"Termin sk\u0142adania wniosk\u00f3w suszowych przed\u0142u\u017cony","datePublished":"2023-11-03T11:08:59+00:00","dateModified":"2023-11-03T11:09:32+00:00","mainEntityOfPage":{"@id":"https:\/\/grabowiec.pl\/ug\/index.php\/2023\/11\/03\/termin-skladania-wnioskow-suszowych-przedluzony\/"},"wordCount":252,"publisher":{"@id":"https:\/\/grabowiec.pl\/ug\/#organization"},"image":{"@id":"https:\/\/grabowiec.pl\/ug\/index.php\/2023\/11\/03\/termin-skladania-wnioskow-suszowych-przedluzony\/#primaryimage"},"thumbnailUrl":"https:\/\/grabowiec.pl\/ug\/wp-content\/uploads\/2023\/11\/1460x616.jpeg","articleSection":["OG\u0141OSZENIA"],"inLanguage":"pl-PL"},{"@type":"WebPage","@id":"https:\/\/grabowiec.pl\/ug\/index.php\/2023\/11\/03\/termin-skladania-wnioskow-suszowych-przedluzony\/","url":"https:\/\/grabowiec.pl\/ug\/index.php\/2023\/11\/03\/termin-skladania-wnioskow-suszowych-przedluzony\/","name":"Termin sk\u0142adania wniosk\u00f3w suszowych przed\u0142u\u017cony - GMINA GRABOWIEC","isPartOf":{"@id":"https:\/\/grabowiec.pl\/ug\/#website"},"primaryImageOfPage":{"@id":"https:\/\/grabowiec.pl\/ug\/index.php\/2023\/11\/03\/termin-skladania-wnioskow-suszowych-przedluzony\/#primaryimage"},"image":{"@id":"https:\/\/grabowiec.pl\/ug\/index.php\/2023\/11\/03\/termin-skladania-wnioskow-suszowych-przedluzony\/#primaryimage"},"thumbnailUrl":"https:\/\/grabowiec.pl\/ug\/wp-content\/uploads\/2023\/11\/1460x616.jpeg","datePublished":"2023-11-03T11:08:59+00:00","dateModified":"2023-11-03T11:09:32+00:00","breadcrumb":{"@id":"https:\/\/grabowiec.pl\/ug\/index.php\/2023\/11\/03\/termin-skladania-wnioskow-suszowych-przedluzony\/#breadcrumb"},"inLanguage":"pl-PL","potentialAction":[{"@type":"ReadAction","target":["https:\/\/grabowiec.pl\/ug\/index.php\/2023\/11\/03\/termin-skladania-wnioskow-suszowych-przedluzony\/"]}]},{"@type":"ImageObject","inLanguage":"pl-PL","@id":"https:\/\/grabowiec.pl\/ug\/index.php\/2023\/11\/03\/termin-skladania-wnioskow-suszowych-przedluzony\/#primaryimage","url":"https:\/\/grabowiec.pl\/ug\/wp-content\/uploads\/2023\/11\/1460x616.jpeg","contentUrl":"https:\/\/grabowiec.pl\/ug\/wp-content\/uploads\/2023\/11\/1460x616.jpeg","width":1460,"height":616},{"@type":"BreadcrumbList","@id":"https:\/\/grabowiec.pl\/ug\/index.php\/2023\/11\/03\/termin-skladania-wnioskow-suszowych-przedluzony\/#breadcrumb","itemListElement":[{"@type":"ListItem","position":1,"name":"Strona g\u0142\u00f3wna","item":"https:\/\/grabowiec.pl\/ug\/"},{"@type":"ListItem","position":2,"name":"Termin sk\u0142adania wniosk\u00f3w suszowych przed\u0142u\u017cony"}]},{"@type":"WebSite","@id":"https:\/\/grabowiec.pl\/ug\/#website","url":"https:\/\/grabowiec.pl\/ug\/","name":"GMINA GRABOWIEC","description":"","publisher":{"@id":"https:\/\/grabowiec.pl\/ug\/#organization"},"potentialAction":[{"@type":"SearchAction","target":{"@type":"EntryPoint","urlTemplate":"https:\/\/grabowiec.pl\/ug\/?s={search_term_string}"},"query-input":{"@type":"PropertyValueSpecification","valueRequired":true,"valueName":"search_term_string"}}],"inLanguage":"pl-PL"},{"@type":"Organization","@id":"https:\/\/grabowiec.pl\/ug\/#organization","name":"GMINA GRABOWIEC","url":"https:\/\/grabowiec.pl\/ug\/","logo":{"@type":"ImageObject","inLanguage":"pl-PL","@id":"https:\/\/grabowiec.pl\/ug\/#\/schema\/logo\/image\/","url":"https:\/\/grabowiec.pl\/ug\/wp-content\/uploads\/2023\/02\/grab-herb.png","contentUrl":"https:\/\/grabowiec.pl\/ug\/wp-content\/uploads\/2023\/02\/grab-herb.png","width":500,"height":600,"caption":"GMINA GRABOWIEC"},"image":{"@id":"https:\/\/grabowiec.pl\/ug\/#\/schema\/logo\/image\/"}},{"@type":"Person","@id":"https:\/\/grabowiec.pl\/ug\/#\/schema\/person\/5985d73d5ee31f074e8352f4782bdf99","name":"GrabAdmin","image":{"@type":"ImageObject","inLanguage":"pl-PL","@id":"https:\/\/secure.gravatar.com\/avatar\/d282d70901c093d417c40ef93cb537ed734f8c89a218e980f2eb8806fb2268e4?s=96&d=mm&r=g","url":"https:\/\/secure.gravatar.com\/avatar\/d282d70901c093d417c40ef93cb537ed734f8c89a218e980f2eb8806fb2268e4?s=96&d=mm&r=g","contentUrl":"https:\/\/secure.gravatar.com\/avatar\/d282d70901c093d417c40ef93cb537ed734f8c89a218e980f2eb8806fb2268e4?s=96&d=mm&r=g","caption":"GrabAdmin"},"sameAs":["http:\/\/grabowiec.pl\/ug"],"url":"https:\/\/grabowiec.pl\/ug\/index.php\/author\/grabadmin\/"}]}},"_links":{"self":[{"href":"https:\/\/grabowiec.pl\/ug\/index.php\/wp-json\/wp\/v2\/posts\/2446","targetHints":{"allow":["GET"]}}],"collection":[{"href":"https:\/\/grabowiec.pl\/ug\/index.php\/wp-json\/wp\/v2\/posts"}],"about":[{"href":"https:\/\/grabowiec.pl\/ug\/index.php\/wp-json\/wp\/v2\/types\/post"}],"author":[{"embeddable":true,"href":"https:\/\/grabowiec.pl\/ug\/index.php\/wp-json\/wp\/v2\/users\/1"}],"replies":[{"embeddable":true,"href":"https:\/\/grabowiec.pl\/ug\/index.php\/wp-json\/wp\/v2\/comments?post=2446"}],"version-history":[{"count":2,"href":"https:\/\/grabowiec.pl\/ug\/index.php\/wp-json\/wp\/v2\/posts\/2446\/revisions"}],"predecessor-version":[{"id":2449,"href":"https:\/\/grabowiec.pl\/ug\/index.php\/wp-json\/wp\/v2\/posts\/2446\/revisions\/2449"}],"wp:featuredmedia":[{"embeddable":true,"href":"https:\/\/grabowiec.pl\/ug\/index.php\/wp-json\/wp\/v2\/media\/2448"}],"wp:attachment":[{"href":"https:\/\/grabowiec.pl\/ug\/index.php\/wp-json\/wp\/v2\/media?parent=2446"}],"wp:term":[{"taxonomy":"category","embeddable":true,"href":"https:\/\/grabowiec.pl\/ug\/index.php\/wp-json\/wp\/v2\/categories?post=2446"},{"taxonomy":"post_tag","embeddable":true,"href":"https:\/\/grabowiec.pl\/ug\/index.php\/wp-json\/wp\/v2\/tags?post=2446"}],"curies":[{"name":"wp","href":"https:\/\/api.w.org\/{rel}","templated":true}]}}