{"id":2729,"date":"2024-02-26T10:17:09","date_gmt":"2024-02-26T09:17:09","guid":{"rendered":"https:\/\/grabowiec.pl\/ug\/?p=2729"},"modified":"2024-02-26T10:17:09","modified_gmt":"2024-02-26T09:17:09","slug":"urzad-marszalkowski-w-lublinie-zaprasza-do-udzialu-w-konursach","status":"publish","type":"post","link":"https:\/\/grabowiec.pl\/ug\/index.php\/2024\/02\/26\/urzad-marszalkowski-w-lublinie-zaprasza-do-udzialu-w-konursach\/","title":{"rendered":"URZ\u0104D MARSZA\u0141KOWSKI W LUBLINIE ZAPRASZA DO UDZIA\u0141U W KONURSACH"},"content":{"rendered":"\n<p>Urz\u0105d Marsza\u0142kowski Wojew\u00f3dztwa Lubelskiego wyszed\u0142 z inicjatyw\u0105 organizacji kolejnych edycji cyklicznych konkurs\u00f3w skierowanych do mieszka\u0144c\u00f3w obszar\u00f3w wiejskich.<\/p>\n\n\n\n<p class=\"has-larger-font-size\"><strong>EKOLUBELSKIE<\/strong><\/p>\n\n\n\n<figure class=\"wp-block-image size-full\"><img loading=\"lazy\" decoding=\"async\" width=\"1792\" height=\"896\" src=\"https:\/\/grabowiec.pl\/ug\/wp-content\/uploads\/2024\/01\/Ekolubelskie-2024.jpg\" alt=\"\" class=\"wp-image-2730\" srcset=\"https:\/\/grabowiec.pl\/ug\/wp-content\/uploads\/2024\/01\/Ekolubelskie-2024.jpg 1792w, https:\/\/grabowiec.pl\/ug\/wp-content\/uploads\/2024\/01\/Ekolubelskie-2024-300x150.jpg 300w, https:\/\/grabowiec.pl\/ug\/wp-content\/uploads\/2024\/01\/Ekolubelskie-2024-1024x512.jpg 1024w, https:\/\/grabowiec.pl\/ug\/wp-content\/uploads\/2024\/01\/Ekolubelskie-2024-768x384.jpg 768w, https:\/\/grabowiec.pl\/ug\/wp-content\/uploads\/2024\/01\/Ekolubelskie-2024-1536x768.jpg 1536w, https:\/\/grabowiec.pl\/ug\/wp-content\/uploads\/2024\/01\/Ekolubelskie-2024-388x194.jpg 388w\" sizes=\"auto, (max-width: 1792px) 100vw, 1792px\" \/><\/figure>\n\n\n\n<ul class=\"wp-block-list\">\n<li class=\"has-large-font-size\"><a href=\"https:\/\/grabowiec.pl\/ug\/wp-content\/uploads\/2024\/01\/3a.Regulamin-konkursu-Ekolubelskie-2024.pdf\" target=\"_blank\" rel=\"noreferrer noopener\">REGULAMIN<\/a><\/li>\n\n\n\n<li class=\"has-large-font-size\"><a href=\"https:\/\/grabowiec.pl\/ug\/wp-content\/uploads\/2024\/01\/3b.Formularz-zgloszeniowy-kandydata-Ekolubelskie-2024.pdf\" target=\"_blank\" rel=\"noreferrer noopener\">FORMULARZ ZG\u0141OSZENIOWY<\/a><\/li>\n<\/ul>\n\n\n\n<hr class=\"wp-block-separator has-alpha-channel-opacity\"\/>\n\n\n\n<p class=\"has-larger-font-size\"><strong>KOBIETA PRZEDSI\u0118BIORCZA<\/strong><\/p>\n\n\n\n<figure class=\"wp-block-image size-full\"><img loading=\"lazy\" decoding=\"async\" width=\"1792\" height=\"896\" src=\"https:\/\/grabowiec.pl\/ug\/wp-content\/uploads\/2024\/01\/Kobieta-Przedsiebiorcza-Eko-2024.jpg\" alt=\"\" class=\"wp-image-2733\" srcset=\"https:\/\/grabowiec.pl\/ug\/wp-content\/uploads\/2024\/01\/Kobieta-Przedsiebiorcza-Eko-2024.jpg 1792w, https:\/\/grabowiec.pl\/ug\/wp-content\/uploads\/2024\/01\/Kobieta-Przedsiebiorcza-Eko-2024-300x150.jpg 300w, https:\/\/grabowiec.pl\/ug\/wp-content\/uploads\/2024\/01\/Kobieta-Przedsiebiorcza-Eko-2024-1024x512.jpg 1024w, https:\/\/grabowiec.pl\/ug\/wp-content\/uploads\/2024\/01\/Kobieta-Przedsiebiorcza-Eko-2024-768x384.jpg 768w, https:\/\/grabowiec.pl\/ug\/wp-content\/uploads\/2024\/01\/Kobieta-Przedsiebiorcza-Eko-2024-1536x768.jpg 1536w, https:\/\/grabowiec.pl\/ug\/wp-content\/uploads\/2024\/01\/Kobieta-Przedsiebiorcza-Eko-2024-388x194.jpg 388w\" sizes=\"auto, (max-width: 1792px) 100vw, 1792px\" \/><\/figure>\n\n\n\n<ul class=\"wp-block-list\">\n<li class=\"has-large-font-size\"><a href=\"https:\/\/grabowiec.pl\/ug\/wp-content\/uploads\/2024\/01\/1.-Regulamin-Konkurs_Kobieta-Przedsiebiorcza-w-stylu-Eko-2024.pdf\" target=\"_blank\" rel=\"noreferrer noopener\">REGULAMIN<\/a><\/li>\n\n\n\n<li class=\"has-large-font-size\"><a href=\"https:\/\/grabowiec.pl\/ug\/wp-content\/uploads\/2024\/01\/1a.-Zal.-nr-1-Kobieta-Przedsiebiorcza-Eko.pdf\" target=\"_blank\" rel=\"noreferrer noopener\">KARTA ZG\u0141OSZENIOWA<\/a><\/li>\n\n\n\n<li class=\"has-large-font-size\"><a href=\"https:\/\/grabowiec.pl\/ug\/wp-content\/uploads\/2024\/01\/1b.-Zal.-nr-2-Kobieta-Przedsiebiorcza-Eko-Klauzula.pdf\" target=\"_blank\" rel=\"noreferrer noopener\">KLAUZULA<\/a><\/li>\n<\/ul>\n\n\n\n<hr class=\"wp-block-separator has-alpha-channel-opacity\"\/>\n\n\n\n<p class=\"has-larger-font-size\"><strong>NASZ SO\u0141TYS<\/strong><\/p>\n\n\n\n<figure class=\"wp-block-image size-full\"><img loading=\"lazy\" decoding=\"async\" width=\"1792\" height=\"896\" src=\"https:\/\/grabowiec.pl\/ug\/wp-content\/uploads\/2024\/01\/Nasz-Soltys-2024.jpg\" alt=\"\" class=\"wp-image-2737\" srcset=\"https:\/\/grabowiec.pl\/ug\/wp-content\/uploads\/2024\/01\/Nasz-Soltys-2024.jpg 1792w, https:\/\/grabowiec.pl\/ug\/wp-content\/uploads\/2024\/01\/Nasz-Soltys-2024-300x150.jpg 300w, https:\/\/grabowiec.pl\/ug\/wp-content\/uploads\/2024\/01\/Nasz-Soltys-2024-1024x512.jpg 1024w, https:\/\/grabowiec.pl\/ug\/wp-content\/uploads\/2024\/01\/Nasz-Soltys-2024-768x384.jpg 768w, https:\/\/grabowiec.pl\/ug\/wp-content\/uploads\/2024\/01\/Nasz-Soltys-2024-1536x768.jpg 1536w, https:\/\/grabowiec.pl\/ug\/wp-content\/uploads\/2024\/01\/Nasz-Soltys-2024-388x194.jpg 388w\" sizes=\"auto, (max-width: 1792px) 100vw, 1792px\" \/><\/figure>\n\n\n\n<ul class=\"wp-block-list\">\n<li class=\"has-large-font-size\"><a href=\"https:\/\/grabowiec.pl\/ug\/wp-content\/uploads\/2024\/01\/4a.Regulamin-Konkursu-Nasz-soltys-2024.pdf\" target=\"_blank\" rel=\"noreferrer noopener\">REGULAMIN<\/a><\/li>\n\n\n\n<li class=\"has-large-font-size\"><a href=\"https:\/\/grabowiec.pl\/ug\/wp-content\/uploads\/2024\/01\/4b.zalaczniki-nr-1-i-2-do-Regulaminu-Nasz-soltys.pdf\" target=\"_blank\" rel=\"noreferrer noopener\">KARTA ZG\u0141OSZENIOWA<\/a><\/li>\n<\/ul>\n\n\n\n<hr class=\"wp-block-separator has-alpha-channel-opacity\"\/>\n\n\n\n<p class=\"has-larger-font-size\"><strong>ROLNIK Z LUBELSKIEGO<\/strong><\/p>\n\n\n\n<figure class=\"wp-block-image size-full\"><img loading=\"lazy\" decoding=\"async\" width=\"1792\" height=\"896\" src=\"https:\/\/grabowiec.pl\/ug\/wp-content\/uploads\/2024\/01\/Rolnik-z-Lubelskiego-2024.jpg\" alt=\"\" class=\"wp-image-2740\" srcset=\"https:\/\/grabowiec.pl\/ug\/wp-content\/uploads\/2024\/01\/Rolnik-z-Lubelskiego-2024.jpg 1792w, https:\/\/grabowiec.pl\/ug\/wp-content\/uploads\/2024\/01\/Rolnik-z-Lubelskiego-2024-300x150.jpg 300w, https:\/\/grabowiec.pl\/ug\/wp-content\/uploads\/2024\/01\/Rolnik-z-Lubelskiego-2024-1024x512.jpg 1024w, https:\/\/grabowiec.pl\/ug\/wp-content\/uploads\/2024\/01\/Rolnik-z-Lubelskiego-2024-768x384.jpg 768w, https:\/\/grabowiec.pl\/ug\/wp-content\/uploads\/2024\/01\/Rolnik-z-Lubelskiego-2024-1536x768.jpg 1536w, https:\/\/grabowiec.pl\/ug\/wp-content\/uploads\/2024\/01\/Rolnik-z-Lubelskiego-2024-388x194.jpg 388w\" sizes=\"auto, (max-width: 1792px) 100vw, 1792px\" \/><\/figure>\n\n\n\n<ul class=\"wp-block-list\">\n<li class=\"has-large-font-size\"><a href=\"https:\/\/grabowiec.pl\/ug\/wp-content\/uploads\/2024\/01\/2a.Regulamin-konkursu-Rolnik-z-Lubelskiego-2024.pdf\" target=\"_blank\" rel=\"noreferrer noopener\">REGULAMIN<\/a><\/li>\n\n\n\n<li class=\"has-large-font-size\"><a href=\"https:\/\/grabowiec.pl\/ug\/wp-content\/uploads\/2024\/01\/2b.Formularz-zgloszenia-kandydata-Rolnik-z-Lubelskiego-2024pdf.pdf\" target=\"_blank\" rel=\"noreferrer noopener\">FORMULARZ ZG\u0141OSZENIA<\/a><\/li>\n<\/ul>\n","protected":false},"excerpt":{"rendered":"<p>Urz\u0105d Marsza\u0142kowski Wojew\u00f3dztwa Lubelskiego wyszed\u0142 z inicjatyw\u0105 organizacji kolejnych edycji cyklicznych konkurs\u00f3w skierowanych do mieszka\u0144c\u00f3w &hellip;<\/p>\n","protected":false},"author":1,"featured_media":2745,"comment_status":"closed","ping_status":"closed","sticky":false,"template":"","format":"standard","meta":{"footnotes":""},"categories":[9],"tags":[],"class_list":["post-2729","post","type-post","status-publish","format-standard","has-post-thumbnail","hentry","category-ogloszenia"],"author_data":{"name":"GrabAdmin","url":"https:\/\/grabowiec.pl\/ug\/index.php\/author\/grabadmin\/"},"excerpt_data":"Urz\u0105d Marsza\u0142kowski Wojew\u00f3dztwa Lubelskiego wyszed\u0142 z inicjatyw\u0105 organizacji kolejnych edycji cyklicznych konkurs\u00f3w skierowanych do mieszka\u0144c\u00f3w...","categories_data":{"9":{"term_id":9,"name":"OG\u0141OSZENIA","slug":"ogloszenia","term_group":0,"term_taxonomy_id":9,"taxonomy":"category","description":"","parent":0,"count":160,"filter":"raw","cat_ID":9,"category_count":160,"category_description":"","cat_name":"OG\u0141OSZENIA","category_nicename":"ogloszenia","category_parent":0}},"featured_image_src":"https:\/\/grabowiec.pl\/ug\/wp-content\/uploads\/2024\/01\/um-bg-konkursy.jpg","date_formated":"2024-02-26","yoast_head":"<!-- This site is optimized with the Yoast SEO plugin v27.5 - https:\/\/yoast.com\/product\/yoast-seo-wordpress\/ -->\n<title>URZ\u0104D MARSZA\u0141KOWSKI W LUBLINIE ZAPRASZA DO UDZIA\u0141U W KONURSACH - GMINA GRABOWIEC<\/title>\n<meta name=\"robots\" content=\"index, follow, max-snippet:-1, max-image-preview:large, max-video-preview:-1\" \/>\n<link rel=\"canonical\" href=\"https:\/\/grabowiec.pl\/ug\/index.php\/2024\/02\/26\/urzad-marszalkowski-w-lublinie-zaprasza-do-udzialu-w-konursach\/\" \/>\n<meta property=\"og:locale\" content=\"pl_PL\" \/>\n<meta property=\"og:type\" content=\"article\" \/>\n<meta property=\"og:title\" content=\"URZ\u0104D MARSZA\u0141KOWSKI W LUBLINIE ZAPRASZA DO UDZIA\u0141U W KONURSACH - GMINA GRABOWIEC\" \/>\n<meta property=\"og:description\" content=\"Urz\u0105d Marsza\u0142kowski Wojew\u00f3dztwa Lubelskiego wyszed\u0142 z inicjatyw\u0105 organizacji kolejnych edycji cyklicznych konkurs\u00f3w skierowanych do mieszka\u0144c\u00f3w &hellip;\" \/>\n<meta property=\"og:url\" content=\"https:\/\/grabowiec.pl\/ug\/index.php\/2024\/02\/26\/urzad-marszalkowski-w-lublinie-zaprasza-do-udzialu-w-konursach\/\" \/>\n<meta property=\"og:site_name\" content=\"GMINA GRABOWIEC\" \/>\n<meta property=\"article:published_time\" content=\"2024-02-26T09:17:09+00:00\" \/>\n<meta property=\"og:image\" content=\"https:\/\/grabowiec.pl\/ug\/wp-content\/uploads\/2024\/01\/um-bg-konkursy.jpg\" \/>\n\t<meta property=\"og:image:width\" content=\"1920\" \/>\n\t<meta property=\"og:image:height\" content=\"1080\" \/>\n\t<meta property=\"og:image:type\" content=\"image\/jpeg\" \/>\n<meta name=\"author\" content=\"GrabAdmin\" \/>\n<meta name=\"twitter:card\" content=\"summary_large_image\" \/>\n<meta name=\"twitter:label1\" content=\"Napisane przez\" \/>\n\t<meta name=\"twitter:data1\" content=\"GrabAdmin\" \/>\n\t<meta name=\"twitter:label2\" content=\"Szacowany czas czytania\" \/>\n\t<meta name=\"twitter:data2\" content=\"1 minuta\" \/>\n<script type=\"application\/ld+json\" class=\"yoast-schema-graph\">{\"@context\":\"https:\\\/\\\/schema.org\",\"@graph\":[{\"@type\":\"Article\",\"@id\":\"https:\\\/\\\/grabowiec.pl\\\/ug\\\/index.php\\\/2024\\\/02\\\/26\\\/urzad-marszalkowski-w-lublinie-zaprasza-do-udzialu-w-konursach\\\/#article\",\"isPartOf\":{\"@id\":\"https:\\\/\\\/grabowiec.pl\\\/ug\\\/index.php\\\/2024\\\/02\\\/26\\\/urzad-marszalkowski-w-lublinie-zaprasza-do-udzialu-w-konursach\\\/\"},\"author\":{\"name\":\"GrabAdmin\",\"@id\":\"https:\\\/\\\/grabowiec.pl\\\/ug\\\/#\\\/schema\\\/person\\\/5985d73d5ee31f074e8352f4782bdf99\"},\"headline\":\"URZ\u0104D MARSZA\u0141KOWSKI W LUBLINIE ZAPRASZA DO UDZIA\u0141U W KONURSACH\",\"datePublished\":\"2024-02-26T09:17:09+00:00\",\"mainEntityOfPage\":{\"@id\":\"https:\\\/\\\/grabowiec.pl\\\/ug\\\/index.php\\\/2024\\\/02\\\/26\\\/urzad-marszalkowski-w-lublinie-zaprasza-do-udzialu-w-konursach\\\/\"},\"wordCount\":63,\"publisher\":{\"@id\":\"https:\\\/\\\/grabowiec.pl\\\/ug\\\/#organization\"},\"image\":{\"@id\":\"https:\\\/\\\/grabowiec.pl\\\/ug\\\/index.php\\\/2024\\\/02\\\/26\\\/urzad-marszalkowski-w-lublinie-zaprasza-do-udzialu-w-konursach\\\/#primaryimage\"},\"thumbnailUrl\":\"https:\\\/\\\/grabowiec.pl\\\/ug\\\/wp-content\\\/uploads\\\/2024\\\/01\\\/um-bg-konkursy.jpg\",\"articleSection\":[\"OG\u0141OSZENIA\"],\"inLanguage\":\"pl-PL\"},{\"@type\":\"WebPage\",\"@id\":\"https:\\\/\\\/grabowiec.pl\\\/ug\\\/index.php\\\/2024\\\/02\\\/26\\\/urzad-marszalkowski-w-lublinie-zaprasza-do-udzialu-w-konursach\\\/\",\"url\":\"https:\\\/\\\/grabowiec.pl\\\/ug\\\/index.php\\\/2024\\\/02\\\/26\\\/urzad-marszalkowski-w-lublinie-zaprasza-do-udzialu-w-konursach\\\/\",\"name\":\"URZ\u0104D MARSZA\u0141KOWSKI W LUBLINIE ZAPRASZA DO UDZIA\u0141U W KONURSACH - GMINA GRABOWIEC\",\"isPartOf\":{\"@id\":\"https:\\\/\\\/grabowiec.pl\\\/ug\\\/#website\"},\"primaryImageOfPage\":{\"@id\":\"https:\\\/\\\/grabowiec.pl\\\/ug\\\/index.php\\\/2024\\\/02\\\/26\\\/urzad-marszalkowski-w-lublinie-zaprasza-do-udzialu-w-konursach\\\/#primaryimage\"},\"image\":{\"@id\":\"https:\\\/\\\/grabowiec.pl\\\/ug\\\/index.php\\\/2024\\\/02\\\/26\\\/urzad-marszalkowski-w-lublinie-zaprasza-do-udzialu-w-konursach\\\/#primaryimage\"},\"thumbnailUrl\":\"https:\\\/\\\/grabowiec.pl\\\/ug\\\/wp-content\\\/uploads\\\/2024\\\/01\\\/um-bg-konkursy.jpg\",\"datePublished\":\"2024-02-26T09:17:09+00:00\",\"breadcrumb\":{\"@id\":\"https:\\\/\\\/grabowiec.pl\\\/ug\\\/index.php\\\/2024\\\/02\\\/26\\\/urzad-marszalkowski-w-lublinie-zaprasza-do-udzialu-w-konursach\\\/#breadcrumb\"},\"inLanguage\":\"pl-PL\",\"potentialAction\":[{\"@type\":\"ReadAction\",\"target\":[\"https:\\\/\\\/grabowiec.pl\\\/ug\\\/index.php\\\/2024\\\/02\\\/26\\\/urzad-marszalkowski-w-lublinie-zaprasza-do-udzialu-w-konursach\\\/\"]}]},{\"@type\":\"ImageObject\",\"inLanguage\":\"pl-PL\",\"@id\":\"https:\\\/\\\/grabowiec.pl\\\/ug\\\/index.php\\\/2024\\\/02\\\/26\\\/urzad-marszalkowski-w-lublinie-zaprasza-do-udzialu-w-konursach\\\/#primaryimage\",\"url\":\"https:\\\/\\\/grabowiec.pl\\\/ug\\\/wp-content\\\/uploads\\\/2024\\\/01\\\/um-bg-konkursy.jpg\",\"contentUrl\":\"https:\\\/\\\/grabowiec.pl\\\/ug\\\/wp-content\\\/uploads\\\/2024\\\/01\\\/um-bg-konkursy.jpg\",\"width\":1920,\"height\":1080},{\"@type\":\"BreadcrumbList\",\"@id\":\"https:\\\/\\\/grabowiec.pl\\\/ug\\\/index.php\\\/2024\\\/02\\\/26\\\/urzad-marszalkowski-w-lublinie-zaprasza-do-udzialu-w-konursach\\\/#breadcrumb\",\"itemListElement\":[{\"@type\":\"ListItem\",\"position\":1,\"name\":\"Strona g\u0142\u00f3wna\",\"item\":\"https:\\\/\\\/grabowiec.pl\\\/ug\\\/\"},{\"@type\":\"ListItem\",\"position\":2,\"name\":\"URZ\u0104D MARSZA\u0141KOWSKI W LUBLINIE ZAPRASZA DO UDZIA\u0141U W KONURSACH\"}]},{\"@type\":\"WebSite\",\"@id\":\"https:\\\/\\\/grabowiec.pl\\\/ug\\\/#website\",\"url\":\"https:\\\/\\\/grabowiec.pl\\\/ug\\\/\",\"name\":\"GMINA GRABOWIEC\",\"description\":\"\",\"publisher\":{\"@id\":\"https:\\\/\\\/grabowiec.pl\\\/ug\\\/#organization\"},\"potentialAction\":[{\"@type\":\"SearchAction\",\"target\":{\"@type\":\"EntryPoint\",\"urlTemplate\":\"https:\\\/\\\/grabowiec.pl\\\/ug\\\/?s={search_term_string}\"},\"query-input\":{\"@type\":\"PropertyValueSpecification\",\"valueRequired\":true,\"valueName\":\"search_term_string\"}}],\"inLanguage\":\"pl-PL\"},{\"@type\":\"Organization\",\"@id\":\"https:\\\/\\\/grabowiec.pl\\\/ug\\\/#organization\",\"name\":\"GMINA GRABOWIEC\",\"url\":\"https:\\\/\\\/grabowiec.pl\\\/ug\\\/\",\"logo\":{\"@type\":\"ImageObject\",\"inLanguage\":\"pl-PL\",\"@id\":\"https:\\\/\\\/grabowiec.pl\\\/ug\\\/#\\\/schema\\\/logo\\\/image\\\/\",\"url\":\"https:\\\/\\\/grabowiec.pl\\\/ug\\\/wp-content\\\/uploads\\\/2023\\\/02\\\/grab-herb.png\",\"contentUrl\":\"https:\\\/\\\/grabowiec.pl\\\/ug\\\/wp-content\\\/uploads\\\/2023\\\/02\\\/grab-herb.png\",\"width\":500,\"height\":600,\"caption\":\"GMINA GRABOWIEC\"},\"image\":{\"@id\":\"https:\\\/\\\/grabowiec.pl\\\/ug\\\/#\\\/schema\\\/logo\\\/image\\\/\"}},{\"@type\":\"Person\",\"@id\":\"https:\\\/\\\/grabowiec.pl\\\/ug\\\/#\\\/schema\\\/person\\\/5985d73d5ee31f074e8352f4782bdf99\",\"name\":\"GrabAdmin\",\"image\":{\"@type\":\"ImageObject\",\"inLanguage\":\"pl-PL\",\"@id\":\"https:\\\/\\\/secure.gravatar.com\\\/avatar\\\/d282d70901c093d417c40ef93cb537ed734f8c89a218e980f2eb8806fb2268e4?s=96&d=mm&r=g\",\"url\":\"https:\\\/\\\/secure.gravatar.com\\\/avatar\\\/d282d70901c093d417c40ef93cb537ed734f8c89a218e980f2eb8806fb2268e4?s=96&d=mm&r=g\",\"contentUrl\":\"https:\\\/\\\/secure.gravatar.com\\\/avatar\\\/d282d70901c093d417c40ef93cb537ed734f8c89a218e980f2eb8806fb2268e4?s=96&d=mm&r=g\",\"caption\":\"GrabAdmin\"},\"sameAs\":[\"http:\\\/\\\/grabowiec.pl\\\/ug\"],\"url\":\"https:\\\/\\\/grabowiec.pl\\\/ug\\\/index.php\\\/author\\\/grabadmin\\\/\"}]}<\/script>\n<!-- \/ Yoast SEO plugin. -->","yoast_head_json":{"title":"URZ\u0104D MARSZA\u0141KOWSKI W LUBLINIE ZAPRASZA DO UDZIA\u0141U W KONURSACH - GMINA GRABOWIEC","robots":{"index":"index","follow":"follow","max-snippet":"max-snippet:-1","max-image-preview":"max-image-preview:large","max-video-preview":"max-video-preview:-1"},"canonical":"https:\/\/grabowiec.pl\/ug\/index.php\/2024\/02\/26\/urzad-marszalkowski-w-lublinie-zaprasza-do-udzialu-w-konursach\/","og_locale":"pl_PL","og_type":"article","og_title":"URZ\u0104D MARSZA\u0141KOWSKI W LUBLINIE ZAPRASZA DO UDZIA\u0141U W KONURSACH - GMINA GRABOWIEC","og_description":"Urz\u0105d Marsza\u0142kowski Wojew\u00f3dztwa Lubelskiego wyszed\u0142 z inicjatyw\u0105 organizacji kolejnych edycji cyklicznych konkurs\u00f3w skierowanych do mieszka\u0144c\u00f3w &hellip;","og_url":"https:\/\/grabowiec.pl\/ug\/index.php\/2024\/02\/26\/urzad-marszalkowski-w-lublinie-zaprasza-do-udzialu-w-konursach\/","og_site_name":"GMINA GRABOWIEC","article_published_time":"2024-02-26T09:17:09+00:00","og_image":[{"width":1920,"height":1080,"url":"https:\/\/grabowiec.pl\/ug\/wp-content\/uploads\/2024\/01\/um-bg-konkursy.jpg","type":"image\/jpeg"}],"author":"GrabAdmin","twitter_card":"summary_large_image","twitter_misc":{"Napisane przez":"GrabAdmin","Szacowany czas czytania":"1 minuta"},"schema":{"@context":"https:\/\/schema.org","@graph":[{"@type":"Article","@id":"https:\/\/grabowiec.pl\/ug\/index.php\/2024\/02\/26\/urzad-marszalkowski-w-lublinie-zaprasza-do-udzialu-w-konursach\/#article","isPartOf":{"@id":"https:\/\/grabowiec.pl\/ug\/index.php\/2024\/02\/26\/urzad-marszalkowski-w-lublinie-zaprasza-do-udzialu-w-konursach\/"},"author":{"name":"GrabAdmin","@id":"https:\/\/grabowiec.pl\/ug\/#\/schema\/person\/5985d73d5ee31f074e8352f4782bdf99"},"headline":"URZ\u0104D MARSZA\u0141KOWSKI W LUBLINIE ZAPRASZA DO UDZIA\u0141U W KONURSACH","datePublished":"2024-02-26T09:17:09+00:00","mainEntityOfPage":{"@id":"https:\/\/grabowiec.pl\/ug\/index.php\/2024\/02\/26\/urzad-marszalkowski-w-lublinie-zaprasza-do-udzialu-w-konursach\/"},"wordCount":63,"publisher":{"@id":"https:\/\/grabowiec.pl\/ug\/#organization"},"image":{"@id":"https:\/\/grabowiec.pl\/ug\/index.php\/2024\/02\/26\/urzad-marszalkowski-w-lublinie-zaprasza-do-udzialu-w-konursach\/#primaryimage"},"thumbnailUrl":"https:\/\/grabowiec.pl\/ug\/wp-content\/uploads\/2024\/01\/um-bg-konkursy.jpg","articleSection":["OG\u0141OSZENIA"],"inLanguage":"pl-PL"},{"@type":"WebPage","@id":"https:\/\/grabowiec.pl\/ug\/index.php\/2024\/02\/26\/urzad-marszalkowski-w-lublinie-zaprasza-do-udzialu-w-konursach\/","url":"https:\/\/grabowiec.pl\/ug\/index.php\/2024\/02\/26\/urzad-marszalkowski-w-lublinie-zaprasza-do-udzialu-w-konursach\/","name":"URZ\u0104D MARSZA\u0141KOWSKI W LUBLINIE ZAPRASZA DO UDZIA\u0141U W KONURSACH - GMINA GRABOWIEC","isPartOf":{"@id":"https:\/\/grabowiec.pl\/ug\/#website"},"primaryImageOfPage":{"@id":"https:\/\/grabowiec.pl\/ug\/index.php\/2024\/02\/26\/urzad-marszalkowski-w-lublinie-zaprasza-do-udzialu-w-konursach\/#primaryimage"},"image":{"@id":"https:\/\/grabowiec.pl\/ug\/index.php\/2024\/02\/26\/urzad-marszalkowski-w-lublinie-zaprasza-do-udzialu-w-konursach\/#primaryimage"},"thumbnailUrl":"https:\/\/grabowiec.pl\/ug\/wp-content\/uploads\/2024\/01\/um-bg-konkursy.jpg","datePublished":"2024-02-26T09:17:09+00:00","breadcrumb":{"@id":"https:\/\/grabowiec.pl\/ug\/index.php\/2024\/02\/26\/urzad-marszalkowski-w-lublinie-zaprasza-do-udzialu-w-konursach\/#breadcrumb"},"inLanguage":"pl-PL","potentialAction":[{"@type":"ReadAction","target":["https:\/\/grabowiec.pl\/ug\/index.php\/2024\/02\/26\/urzad-marszalkowski-w-lublinie-zaprasza-do-udzialu-w-konursach\/"]}]},{"@type":"ImageObject","inLanguage":"pl-PL","@id":"https:\/\/grabowiec.pl\/ug\/index.php\/2024\/02\/26\/urzad-marszalkowski-w-lublinie-zaprasza-do-udzialu-w-konursach\/#primaryimage","url":"https:\/\/grabowiec.pl\/ug\/wp-content\/uploads\/2024\/01\/um-bg-konkursy.jpg","contentUrl":"https:\/\/grabowiec.pl\/ug\/wp-content\/uploads\/2024\/01\/um-bg-konkursy.jpg","width":1920,"height":1080},{"@type":"BreadcrumbList","@id":"https:\/\/grabowiec.pl\/ug\/index.php\/2024\/02\/26\/urzad-marszalkowski-w-lublinie-zaprasza-do-udzialu-w-konursach\/#breadcrumb","itemListElement":[{"@type":"ListItem","position":1,"name":"Strona g\u0142\u00f3wna","item":"https:\/\/grabowiec.pl\/ug\/"},{"@type":"ListItem","position":2,"name":"URZ\u0104D MARSZA\u0141KOWSKI W LUBLINIE ZAPRASZA DO UDZIA\u0141U W KONURSACH"}]},{"@type":"WebSite","@id":"https:\/\/grabowiec.pl\/ug\/#website","url":"https:\/\/grabowiec.pl\/ug\/","name":"GMINA GRABOWIEC","description":"","publisher":{"@id":"https:\/\/grabowiec.pl\/ug\/#organization"},"potentialAction":[{"@type":"SearchAction","target":{"@type":"EntryPoint","urlTemplate":"https:\/\/grabowiec.pl\/ug\/?s={search_term_string}"},"query-input":{"@type":"PropertyValueSpecification","valueRequired":true,"valueName":"search_term_string"}}],"inLanguage":"pl-PL"},{"@type":"Organization","@id":"https:\/\/grabowiec.pl\/ug\/#organization","name":"GMINA GRABOWIEC","url":"https:\/\/grabowiec.pl\/ug\/","logo":{"@type":"ImageObject","inLanguage":"pl-PL","@id":"https:\/\/grabowiec.pl\/ug\/#\/schema\/logo\/image\/","url":"https:\/\/grabowiec.pl\/ug\/wp-content\/uploads\/2023\/02\/grab-herb.png","contentUrl":"https:\/\/grabowiec.pl\/ug\/wp-content\/uploads\/2023\/02\/grab-herb.png","width":500,"height":600,"caption":"GMINA GRABOWIEC"},"image":{"@id":"https:\/\/grabowiec.pl\/ug\/#\/schema\/logo\/image\/"}},{"@type":"Person","@id":"https:\/\/grabowiec.pl\/ug\/#\/schema\/person\/5985d73d5ee31f074e8352f4782bdf99","name":"GrabAdmin","image":{"@type":"ImageObject","inLanguage":"pl-PL","@id":"https:\/\/secure.gravatar.com\/avatar\/d282d70901c093d417c40ef93cb537ed734f8c89a218e980f2eb8806fb2268e4?s=96&d=mm&r=g","url":"https:\/\/secure.gravatar.com\/avatar\/d282d70901c093d417c40ef93cb537ed734f8c89a218e980f2eb8806fb2268e4?s=96&d=mm&r=g","contentUrl":"https:\/\/secure.gravatar.com\/avatar\/d282d70901c093d417c40ef93cb537ed734f8c89a218e980f2eb8806fb2268e4?s=96&d=mm&r=g","caption":"GrabAdmin"},"sameAs":["http:\/\/grabowiec.pl\/ug"],"url":"https:\/\/grabowiec.pl\/ug\/index.php\/author\/grabadmin\/"}]}},"_links":{"self":[{"href":"https:\/\/grabowiec.pl\/ug\/index.php\/wp-json\/wp\/v2\/posts\/2729","targetHints":{"allow":["GET"]}}],"collection":[{"href":"https:\/\/grabowiec.pl\/ug\/index.php\/wp-json\/wp\/v2\/posts"}],"about":[{"href":"https:\/\/grabowiec.pl\/ug\/index.php\/wp-json\/wp\/v2\/types\/post"}],"author":[{"embeddable":true,"href":"https:\/\/grabowiec.pl\/ug\/index.php\/wp-json\/wp\/v2\/users\/1"}],"replies":[{"embeddable":true,"href":"https:\/\/grabowiec.pl\/ug\/index.php\/wp-json\/wp\/v2\/comments?post=2729"}],"version-history":[{"count":1,"href":"https:\/\/grabowiec.pl\/ug\/index.php\/wp-json\/wp\/v2\/posts\/2729\/revisions"}],"predecessor-version":[{"id":2744,"href":"https:\/\/grabowiec.pl\/ug\/index.php\/wp-json\/wp\/v2\/posts\/2729\/revisions\/2744"}],"wp:featuredmedia":[{"embeddable":true,"href":"https:\/\/grabowiec.pl\/ug\/index.php\/wp-json\/wp\/v2\/media\/2745"}],"wp:attachment":[{"href":"https:\/\/grabowiec.pl\/ug\/index.php\/wp-json\/wp\/v2\/media?parent=2729"}],"wp:term":[{"taxonomy":"category","embeddable":true,"href":"https:\/\/grabowiec.pl\/ug\/index.php\/wp-json\/wp\/v2\/categories?post=2729"},{"taxonomy":"post_tag","embeddable":true,"href":"https:\/\/grabowiec.pl\/ug\/index.php\/wp-json\/wp\/v2\/tags?post=2729"}],"curies":[{"name":"wp","href":"https:\/\/api.w.org\/{rel}","templated":true}]}}