{"id":3548,"date":"2024-08-05T13:46:46","date_gmt":"2024-08-05T11:46:46","guid":{"rendered":"https:\/\/grabowiec.pl\/ug\/?p=3548"},"modified":"2024-08-08T13:47:12","modified_gmt":"2024-08-08T11:47:12","slug":"68-miedzynarodowy-wyscig-kolarski-przyjazni-polsko-ukrainskiej","status":"publish","type":"post","link":"https:\/\/grabowiec.pl\/ug\/index.php\/2024\/08\/05\/68-miedzynarodowy-wyscig-kolarski-przyjazni-polsko-ukrainskiej\/","title":{"rendered":"68 MI\u0118DZYNARODOWY WY\u015aCIG KOLARSKI PRZYJA\u0179NI POLSKO \u2013 UKRAI\u0143SKIEJ"},"content":{"rendered":"\n<p><strong>Ju\u017c jutro, 6 sierpnia rozpocznie si\u0119 68 Mi\u0119dzynarodowy Wy\u015bcig Kolarski Przyja\u017ani Polsko \u2013 Ukrai\u0144skiej. Wy\u015bcig potrwa do pi\u0105tku 9 sierpnia. Zosta\u0142 podzielony na pi\u0119\u0107 etap\u00f3w, ka\u017cdy z nich przebiega przez powiat zamojski. Nad bezpiecze\u0144stwem uczestnik\u00f3w kolarskich zmaga\u0144 oraz innych u\u017cytkownik\u00f3w ruchu drogowego b\u0119d\u0105 czuwali policjanci. Apelujemy o wyrozumia\u0142o\u015b\u0107, wzmo\u017con\u0105 czujno\u015b\u0107 i zwracanie uwagi na polecenia wydawane przez funkcjonariuszy Policji i inne s\u0142u\u017cby zaanga\u017cowane w zabezpieczenie wy\u015bcigu.<\/strong><\/p>\n\n\n\n<p>Ju\u017c jutro, 6 sierpnia rozpocznie si\u0119 68 Mi\u0119dzynarodowy Wy\u015bcig Kolarski Przyja\u017ani Polsko \u2013 Ukrai\u0144skiej. Wy\u015bcig potrwa do pi\u0105tku 9 sierpnia. Zosta\u0142 podzielony na pi\u0119\u0107 etap\u00f3w, ka\u017cdy z nich przebiega przez powiat zamojski. Nad bezpiecze\u0144stwem uczestnik\u00f3w kolarskich zmaga\u0144 oraz innych u\u017cytkownik\u00f3w ruchu drogowego b\u0119d\u0105 czuwali policjanci.<\/p>\n\n\n\n<p>W czasie, kiedy kolarze b\u0119d\u0105 porusza\u0107 si\u0119 wymienionymi poni\u017cej trasami, nale\u017cy spodziewa\u0107 si\u0119 utrudnie\u0144 w ruchu pojazd\u00f3w.<\/p>\n\n\n\n<p>Oto poszczeg\u00f3lne etapy wy\u015bcigu:<\/p>\n\n\n\n<p><a><\/a> <strong>We wtorek, 6 sierpnia (I etap)<\/strong>&nbsp;nast\u0105pi otwarcie wy\u015bcigu. O godzinie 10.50 &nbsp;na ulicy Legion\u00f3w w Zamo\u015bciu odb\u0119dzie si\u0119 start honorowy i przejazd kolarzy do Sita\u0144ca, gdzie oko\u0142o godziny 11.00 rozpocznie si\u0119 I etap wy\u015bcigu. Kolarze b\u0119d\u0105 przemieszczali si\u0119 przez miejscowo\u015bci: Sitaniec, Bortatycze, Bia\u0142obrzegi, Z\u0142ojec, Krzak, Nielisz, Naw\u00f3z, Kulik\u00f3w, Deszkowice, \u0179rebce, S\u0105siadka, Mokrelipie, Radecznica, po czym wjad\u0105 na teren powiatu bi\u0142gorajskiego, a nast\u0119pnie ponownie na teren powiatu zamojskiego jad\u0105c przez miejscowo\u015bci Gorajec, Stara Wie\u015b, Zagroble, Podgrodzie, Zaburze, Radecznica, Deszkowice, Michal\u00f3w,Klemens\u00f3w, Szczebrzeszyn, Brody Ma\u0142e, \u017burawnica, Zwierzyniec, Trzyniec, Topulcza, Kaw\u0119czyn, Szczebrzeszyn z met\u0105 przed Urz\u0119dem Miasta w Szczebrzeszynie oko\u0142o godz. 14.15.<\/p>\n\n\n\n<p><strong>W \u015brod\u0119 7 sierpnia (II etap)<\/strong> odb\u0119dzie si\u0119 jazda indywidualna na czas. Start i meta wy\u015bcigu zaplanowana zosta\u0142a w Kalinowicach o godzinie 10.00. Zawodnicy b\u0119d\u0105 poruszali si\u0119 na trasie: Kalinowice, Pni\u00f3wek, Bia\u0142owola, Zalesie, Rachodoszcze, Zalesie, Bia\u0142opola, Pni\u00f3wek. Oko\u0142o godziny 12.30 uczestnicy wy\u015bcigu pojawi\u0105 si\u0119 na mecie w Kalinowicach. &nbsp;<\/p>\n\n\n\n<p class=\"has-normal-font-size\">Tego samego dnia w godzinach 15.00 \u2013 18.00 odb\u0119dzie si\u0119 <strong>III etap wy\u015bcigu<\/strong>. Start honorowy nast\u0105pi tu\u017c przed 15.00 na ulicy Wyszy\u0144skiego w Zamo\u015bciu, po czym kolarze przejad\u0105 ulicami Jana Paw\u0142a II i Lwowsk\u0105. Nast\u0119pnie peleton wystartuje w Kalinowicach i przejedzie przez miejscowo\u015bci: Zalesie, Suchowola, Hutk\u00f3w, Majdan Wielki, Krasnobr\u00f3d, Zielone, po czym wjedzie na teren powiatu tomaszowskiego i bi\u0142gorajskiego. Gdy ponownie wr\u00f3ci na drogi powiatu zamojskiego b\u0119dzie przemieszcza\u0142 si\u0119 przez miejscowo\u015bci: Krasnobr\u00f3d, Jacnia, Adam\u00f3w, Szewnia G\u00f3rna, Lipsko, \u017bdan\u00f3w, Zamo\u015b\u0107 ulicami: Lipsk\u0105, Orl\u0105t Lwowskich, Odrodzenia, Wyszy\u0144skiego. Zako\u0144czenie III etapu wy\u015bcigu nast\u0105pi na mecie przy Hotelu \u201eJubilat\u201d przy ulicy Wyszy\u0144skiego w Zamo\u015bciu oko\u0142o godziny 18:00.<\/p>\n\n\n\n<p class=\"has-text-color has-link-color has-normal-font-size wp-elements-b5875f3abf744cb8f43ff79253c8a544\" style=\"color:#bc0b0b\">W czwartek 8 sierpnia (IV etap) start honorowy nast\u0105pi kilka minut przed godzin\u0105 10.00 na ulicy Wyszy\u0144skiego w Zamo\u015bciu. Kolejno, kolarze przejad\u0105 ulic\u0105 Legion\u00f3w, by o godzinie 10.00 w miejscowo\u015bci \u0141apiguz rozpocz\u0105\u0107 wy\u015bcig. Trasa ich przejazdu jest nast\u0119puj\u0105ca: \u0141apiguz, Udrycze, D\u0119bowiec, Skierbiesz\u00f3w, <strong><span style=\"text-decoration: underline;\">Grabowiec, Grabowiec G\u00f3ra, Rog\u00f3w<\/span>,<\/strong> Mi\u0105czyn, Horysz\u00f3w. Po opuszczeniu kolarzy miejscowo\u015bci Horysz\u00f3w, wjad\u0105 oni na teren powiatu hrubieszowskiego, po czym ponownie peleton pojawi si\u0119 na drogach powiatu zamojskiego przemieszczaj\u0105c si\u0119 przez miejscowo\u015bci: Drewniki, Majdan Skierbieszowski, Skierbiesz\u00f3w, D\u0119bowiec, \u0141apiguz, Zamo\u015b\u0107. Peleton wjedzie do Zamo\u015bcia ulic\u0105 Legion\u00f3w, przez Rondo Honorowych Dawc\u00f3w Krwi, w kierunku ulicy Prymasa Stefana Wyszy\u0144skiego, gdzie na wysoko\u015bci Hotelu \u201eJubilat\u201d oko\u0142o godziny 13.15 etap IV wy\u015bcigu zostanie zako\u0144czony.<\/p>\n\n\n\n<p>W ostatnim dniu wy\u015bcigu <strong>9 sierpnia (V etap)<\/strong>&nbsp;kolarze rozpoczn\u0105 zmagania o godzinie 9.50 ze startu honorowego na ulicy Wyszy\u0144skiego w Zamo\u015bciu. Nast\u0119pnie przejad\u0105 ulicami: Jana Paw\u0142a II i Lwowsk\u0105. Kilka minut p\u00f3\u017aniej, o godzinie 10.00 w Kalinowicach, peleton ruszy ze startu wsp\u00f3lnego i b\u0119dzie przemieszcza\u0142 si\u0119 przez miejscowo\u015bci: Kalinowice, Pni\u00f3wek, Bia\u0142owola, Zalesie, Rachodoszcze, Bo\u017ca Wola, Majdan Ruszowski, \u0141abunie Reforma. Nast\u0119pnie kolarze wjad\u0105 na teren powiatu tomaszowskiego, po ponownie pojawi\u0105 si\u0119 na drogach powiatu zamojskiego przeje\u017cd\u017caj\u0105c przez nast\u0119puj\u0105ce miejscowo\u015bci: Kotlice, Mi\u0105czyn, Jaros\u0142awiec, Zamo\u015b\u0107. Ko\u0144cz\u0105c zmagania, peleton wjedzie do Zamo\u015bcia ulic\u0105 Hrubieszowsk\u0105, przejedzie przez Rondo Honorowych Dawc\u00f3w Krwi, a nast\u0119pnie b\u0119dzie si\u0119 porusza\u0142 ulic\u0105 Wyszy\u0144skiego i zako\u0144czy wy\u015bcig na wysoko\u015bci Hotelu \u201eJubilat\u201d.<\/p>\n\n\n\n<p><strong>UWAGA !<\/strong><\/p>\n\n\n\n<p><strong>Wy\u015bcig, poza obszarem miejskim, odb\u0119dzie si\u0119 przy otwartym ruchu drogowym. Tylko na czas przejazdu czo\u0142\u00f3wki i g\u0142\u00f3wnego peletonu wy\u015bcigu pojazdy jad\u0105ce z przeciwka kierowane b\u0119d\u0105 na pobocze drogi, natomiast na czas przejazdu kolumny wy\u015bcigu przez miasto i podczas dojazdu do mety, ulice, kt\u00f3rymi b\u0119d\u0105 przeje\u017cd\u017ca\u0107 kolarze zostan\u0105 ca\u0142kowicie wy\u0142\u0105czone z ruchu drogowego.<\/strong><\/p>\n\n\n\n<p>Do kierowc\u00f3w apelujemy o cierpliwo\u015b\u0107, wzmo\u017con\u0105 czujno\u015b\u0107 i zwracanie uwagi na polecenia wydawane przez policjant\u00f3w i inne s\u0142u\u017cby zaanga\u017cowane w zabezpieczenie wy\u015bcigu.<\/p>\n","protected":false},"excerpt":{"rendered":"<p>Ju\u017c jutro, 6 sierpnia rozpocznie si\u0119 68 Mi\u0119dzynarodowy Wy\u015bcig Kolarski Przyja\u017ani Polsko \u2013 Ukrai\u0144skiej. Wy\u015bcig &hellip;<\/p>\n","protected":false},"author":1,"featured_media":3551,"comment_status":"closed","ping_status":"closed","sticky":false,"template":"","format":"standard","meta":{"footnotes":""},"categories":[7],"tags":[],"class_list":["post-3548","post","type-post","status-publish","format-standard","has-post-thumbnail","hentry","category-archiwum"],"author_data":{"name":"GrabAdmin","url":"https:\/\/grabowiec.pl\/ug\/index.php\/author\/grabadmin\/"},"excerpt_data":"Ju\u017c jutro, 6 sierpnia rozpocznie si\u0119 68 Mi\u0119dzynarodowy Wy\u015bcig Kolarski Przyja\u017ani Polsko \u2013 Ukrai\u0144skiej. Wy\u015bcig...","categories_data":{"7":{"term_id":7,"name":"ARCHIWUM","slug":"archiwum","term_group":0,"term_taxonomy_id":7,"taxonomy":"category","description":"","parent":0,"count":121,"filter":"raw","cat_ID":7,"category_count":121,"category_description":"","cat_name":"ARCHIWUM","category_nicename":"archiwum","category_parent":0}},"featured_image_src":"https:\/\/grabowiec.pl\/ug\/wp-content\/uploads\/2024\/08\/wyscig-blur.jpg","date_formated":"2024-08-05","yoast_head":"<!-- This site is optimized with the Yoast SEO plugin v27.5 - https:\/\/yoast.com\/product\/yoast-seo-wordpress\/ -->\n<title>68 MI\u0118DZYNARODOWY WY\u015aCIG KOLARSKI PRZYJA\u0179NI POLSKO \u2013 UKRAI\u0143SKIEJ - GMINA GRABOWIEC<\/title>\n<meta name=\"robots\" content=\"index, follow, max-snippet:-1, max-image-preview:large, max-video-preview:-1\" \/>\n<link rel=\"canonical\" href=\"https:\/\/grabowiec.pl\/ug\/index.php\/2024\/08\/05\/68-miedzynarodowy-wyscig-kolarski-przyjazni-polsko-ukrainskiej\/\" \/>\n<meta property=\"og:locale\" content=\"pl_PL\" \/>\n<meta property=\"og:type\" content=\"article\" \/>\n<meta property=\"og:title\" content=\"68 MI\u0118DZYNARODOWY WY\u015aCIG KOLARSKI PRZYJA\u0179NI POLSKO \u2013 UKRAI\u0143SKIEJ - GMINA GRABOWIEC\" \/>\n<meta property=\"og:description\" content=\"Ju\u017c jutro, 6 sierpnia rozpocznie si\u0119 68 Mi\u0119dzynarodowy Wy\u015bcig Kolarski Przyja\u017ani Polsko \u2013 Ukrai\u0144skiej. Wy\u015bcig &hellip;\" \/>\n<meta property=\"og:url\" content=\"https:\/\/grabowiec.pl\/ug\/index.php\/2024\/08\/05\/68-miedzynarodowy-wyscig-kolarski-przyjazni-polsko-ukrainskiej\/\" \/>\n<meta property=\"og:site_name\" content=\"GMINA GRABOWIEC\" \/>\n<meta property=\"article:published_time\" content=\"2024-08-05T11:46:46+00:00\" \/>\n<meta property=\"article:modified_time\" content=\"2024-08-08T11:47:12+00:00\" \/>\n<meta property=\"og:image\" content=\"https:\/\/grabowiec.pl\/ug\/wp-content\/uploads\/2024\/08\/wyscig-blur.jpg\" \/>\n\t<meta property=\"og:image:width\" content=\"1920\" \/>\n\t<meta property=\"og:image:height\" content=\"1080\" \/>\n\t<meta property=\"og:image:type\" content=\"image\/jpeg\" \/>\n<meta name=\"author\" content=\"GrabAdmin\" \/>\n<meta name=\"twitter:card\" content=\"summary_large_image\" \/>\n<meta name=\"twitter:label1\" content=\"Napisane przez\" \/>\n\t<meta name=\"twitter:data1\" content=\"GrabAdmin\" \/>\n\t<meta name=\"twitter:label2\" content=\"Szacowany czas czytania\" \/>\n\t<meta name=\"twitter:data2\" content=\"5 minut\" \/>\n<script type=\"application\/ld+json\" class=\"yoast-schema-graph\">{\"@context\":\"https:\\\/\\\/schema.org\",\"@graph\":[{\"@type\":\"Article\",\"@id\":\"https:\\\/\\\/grabowiec.pl\\\/ug\\\/index.php\\\/2024\\\/08\\\/05\\\/68-miedzynarodowy-wyscig-kolarski-przyjazni-polsko-ukrainskiej\\\/#article\",\"isPartOf\":{\"@id\":\"https:\\\/\\\/grabowiec.pl\\\/ug\\\/index.php\\\/2024\\\/08\\\/05\\\/68-miedzynarodowy-wyscig-kolarski-przyjazni-polsko-ukrainskiej\\\/\"},\"author\":{\"name\":\"GrabAdmin\",\"@id\":\"https:\\\/\\\/grabowiec.pl\\\/ug\\\/#\\\/schema\\\/person\\\/5985d73d5ee31f074e8352f4782bdf99\"},\"headline\":\"68 MI\u0118DZYNARODOWY WY\u015aCIG KOLARSKI PRZYJA\u0179NI POLSKO \u2013 UKRAI\u0143SKIEJ\",\"datePublished\":\"2024-08-05T11:46:46+00:00\",\"dateModified\":\"2024-08-08T11:47:12+00:00\",\"mainEntityOfPage\":{\"@id\":\"https:\\\/\\\/grabowiec.pl\\\/ug\\\/index.php\\\/2024\\\/08\\\/05\\\/68-miedzynarodowy-wyscig-kolarski-przyjazni-polsko-ukrainskiej\\\/\"},\"wordCount\":845,\"publisher\":{\"@id\":\"https:\\\/\\\/grabowiec.pl\\\/ug\\\/#organization\"},\"image\":{\"@id\":\"https:\\\/\\\/grabowiec.pl\\\/ug\\\/index.php\\\/2024\\\/08\\\/05\\\/68-miedzynarodowy-wyscig-kolarski-przyjazni-polsko-ukrainskiej\\\/#primaryimage\"},\"thumbnailUrl\":\"https:\\\/\\\/grabowiec.pl\\\/ug\\\/wp-content\\\/uploads\\\/2024\\\/08\\\/wyscig-blur.jpg\",\"articleSection\":[\"ARCHIWUM\"],\"inLanguage\":\"pl-PL\"},{\"@type\":\"WebPage\",\"@id\":\"https:\\\/\\\/grabowiec.pl\\\/ug\\\/index.php\\\/2024\\\/08\\\/05\\\/68-miedzynarodowy-wyscig-kolarski-przyjazni-polsko-ukrainskiej\\\/\",\"url\":\"https:\\\/\\\/grabowiec.pl\\\/ug\\\/index.php\\\/2024\\\/08\\\/05\\\/68-miedzynarodowy-wyscig-kolarski-przyjazni-polsko-ukrainskiej\\\/\",\"name\":\"68 MI\u0118DZYNARODOWY WY\u015aCIG KOLARSKI PRZYJA\u0179NI POLSKO \u2013 UKRAI\u0143SKIEJ - GMINA GRABOWIEC\",\"isPartOf\":{\"@id\":\"https:\\\/\\\/grabowiec.pl\\\/ug\\\/#website\"},\"primaryImageOfPage\":{\"@id\":\"https:\\\/\\\/grabowiec.pl\\\/ug\\\/index.php\\\/2024\\\/08\\\/05\\\/68-miedzynarodowy-wyscig-kolarski-przyjazni-polsko-ukrainskiej\\\/#primaryimage\"},\"image\":{\"@id\":\"https:\\\/\\\/grabowiec.pl\\\/ug\\\/index.php\\\/2024\\\/08\\\/05\\\/68-miedzynarodowy-wyscig-kolarski-przyjazni-polsko-ukrainskiej\\\/#primaryimage\"},\"thumbnailUrl\":\"https:\\\/\\\/grabowiec.pl\\\/ug\\\/wp-content\\\/uploads\\\/2024\\\/08\\\/wyscig-blur.jpg\",\"datePublished\":\"2024-08-05T11:46:46+00:00\",\"dateModified\":\"2024-08-08T11:47:12+00:00\",\"breadcrumb\":{\"@id\":\"https:\\\/\\\/grabowiec.pl\\\/ug\\\/index.php\\\/2024\\\/08\\\/05\\\/68-miedzynarodowy-wyscig-kolarski-przyjazni-polsko-ukrainskiej\\\/#breadcrumb\"},\"inLanguage\":\"pl-PL\",\"potentialAction\":[{\"@type\":\"ReadAction\",\"target\":[\"https:\\\/\\\/grabowiec.pl\\\/ug\\\/index.php\\\/2024\\\/08\\\/05\\\/68-miedzynarodowy-wyscig-kolarski-przyjazni-polsko-ukrainskiej\\\/\"]}]},{\"@type\":\"ImageObject\",\"inLanguage\":\"pl-PL\",\"@id\":\"https:\\\/\\\/grabowiec.pl\\\/ug\\\/index.php\\\/2024\\\/08\\\/05\\\/68-miedzynarodowy-wyscig-kolarski-przyjazni-polsko-ukrainskiej\\\/#primaryimage\",\"url\":\"https:\\\/\\\/grabowiec.pl\\\/ug\\\/wp-content\\\/uploads\\\/2024\\\/08\\\/wyscig-blur.jpg\",\"contentUrl\":\"https:\\\/\\\/grabowiec.pl\\\/ug\\\/wp-content\\\/uploads\\\/2024\\\/08\\\/wyscig-blur.jpg\",\"width\":1920,\"height\":1080},{\"@type\":\"BreadcrumbList\",\"@id\":\"https:\\\/\\\/grabowiec.pl\\\/ug\\\/index.php\\\/2024\\\/08\\\/05\\\/68-miedzynarodowy-wyscig-kolarski-przyjazni-polsko-ukrainskiej\\\/#breadcrumb\",\"itemListElement\":[{\"@type\":\"ListItem\",\"position\":1,\"name\":\"Strona g\u0142\u00f3wna\",\"item\":\"https:\\\/\\\/grabowiec.pl\\\/ug\\\/\"},{\"@type\":\"ListItem\",\"position\":2,\"name\":\"68 MI\u0118DZYNARODOWY WY\u015aCIG KOLARSKI PRZYJA\u0179NI POLSKO \u2013 UKRAI\u0143SKIEJ\"}]},{\"@type\":\"WebSite\",\"@id\":\"https:\\\/\\\/grabowiec.pl\\\/ug\\\/#website\",\"url\":\"https:\\\/\\\/grabowiec.pl\\\/ug\\\/\",\"name\":\"GMINA GRABOWIEC\",\"description\":\"\",\"publisher\":{\"@id\":\"https:\\\/\\\/grabowiec.pl\\\/ug\\\/#organization\"},\"potentialAction\":[{\"@type\":\"SearchAction\",\"target\":{\"@type\":\"EntryPoint\",\"urlTemplate\":\"https:\\\/\\\/grabowiec.pl\\\/ug\\\/?s={search_term_string}\"},\"query-input\":{\"@type\":\"PropertyValueSpecification\",\"valueRequired\":true,\"valueName\":\"search_term_string\"}}],\"inLanguage\":\"pl-PL\"},{\"@type\":\"Organization\",\"@id\":\"https:\\\/\\\/grabowiec.pl\\\/ug\\\/#organization\",\"name\":\"GMINA GRABOWIEC\",\"url\":\"https:\\\/\\\/grabowiec.pl\\\/ug\\\/\",\"logo\":{\"@type\":\"ImageObject\",\"inLanguage\":\"pl-PL\",\"@id\":\"https:\\\/\\\/grabowiec.pl\\\/ug\\\/#\\\/schema\\\/logo\\\/image\\\/\",\"url\":\"https:\\\/\\\/grabowiec.pl\\\/ug\\\/wp-content\\\/uploads\\\/2023\\\/02\\\/grab-herb.png\",\"contentUrl\":\"https:\\\/\\\/grabowiec.pl\\\/ug\\\/wp-content\\\/uploads\\\/2023\\\/02\\\/grab-herb.png\",\"width\":500,\"height\":600,\"caption\":\"GMINA GRABOWIEC\"},\"image\":{\"@id\":\"https:\\\/\\\/grabowiec.pl\\\/ug\\\/#\\\/schema\\\/logo\\\/image\\\/\"}},{\"@type\":\"Person\",\"@id\":\"https:\\\/\\\/grabowiec.pl\\\/ug\\\/#\\\/schema\\\/person\\\/5985d73d5ee31f074e8352f4782bdf99\",\"name\":\"GrabAdmin\",\"image\":{\"@type\":\"ImageObject\",\"inLanguage\":\"pl-PL\",\"@id\":\"https:\\\/\\\/secure.gravatar.com\\\/avatar\\\/d282d70901c093d417c40ef93cb537ed734f8c89a218e980f2eb8806fb2268e4?s=96&d=mm&r=g\",\"url\":\"https:\\\/\\\/secure.gravatar.com\\\/avatar\\\/d282d70901c093d417c40ef93cb537ed734f8c89a218e980f2eb8806fb2268e4?s=96&d=mm&r=g\",\"contentUrl\":\"https:\\\/\\\/secure.gravatar.com\\\/avatar\\\/d282d70901c093d417c40ef93cb537ed734f8c89a218e980f2eb8806fb2268e4?s=96&d=mm&r=g\",\"caption\":\"GrabAdmin\"},\"sameAs\":[\"http:\\\/\\\/grabowiec.pl\\\/ug\"],\"url\":\"https:\\\/\\\/grabowiec.pl\\\/ug\\\/index.php\\\/author\\\/grabadmin\\\/\"}]}<\/script>\n<!-- \/ Yoast SEO plugin. -->","yoast_head_json":{"title":"68 MI\u0118DZYNARODOWY WY\u015aCIG KOLARSKI PRZYJA\u0179NI POLSKO \u2013 UKRAI\u0143SKIEJ - GMINA GRABOWIEC","robots":{"index":"index","follow":"follow","max-snippet":"max-snippet:-1","max-image-preview":"max-image-preview:large","max-video-preview":"max-video-preview:-1"},"canonical":"https:\/\/grabowiec.pl\/ug\/index.php\/2024\/08\/05\/68-miedzynarodowy-wyscig-kolarski-przyjazni-polsko-ukrainskiej\/","og_locale":"pl_PL","og_type":"article","og_title":"68 MI\u0118DZYNARODOWY WY\u015aCIG KOLARSKI PRZYJA\u0179NI POLSKO \u2013 UKRAI\u0143SKIEJ - GMINA GRABOWIEC","og_description":"Ju\u017c jutro, 6 sierpnia rozpocznie si\u0119 68 Mi\u0119dzynarodowy Wy\u015bcig Kolarski Przyja\u017ani Polsko \u2013 Ukrai\u0144skiej. Wy\u015bcig &hellip;","og_url":"https:\/\/grabowiec.pl\/ug\/index.php\/2024\/08\/05\/68-miedzynarodowy-wyscig-kolarski-przyjazni-polsko-ukrainskiej\/","og_site_name":"GMINA GRABOWIEC","article_published_time":"2024-08-05T11:46:46+00:00","article_modified_time":"2024-08-08T11:47:12+00:00","og_image":[{"width":1920,"height":1080,"url":"https:\/\/grabowiec.pl\/ug\/wp-content\/uploads\/2024\/08\/wyscig-blur.jpg","type":"image\/jpeg"}],"author":"GrabAdmin","twitter_card":"summary_large_image","twitter_misc":{"Napisane przez":"GrabAdmin","Szacowany czas czytania":"5 minut"},"schema":{"@context":"https:\/\/schema.org","@graph":[{"@type":"Article","@id":"https:\/\/grabowiec.pl\/ug\/index.php\/2024\/08\/05\/68-miedzynarodowy-wyscig-kolarski-przyjazni-polsko-ukrainskiej\/#article","isPartOf":{"@id":"https:\/\/grabowiec.pl\/ug\/index.php\/2024\/08\/05\/68-miedzynarodowy-wyscig-kolarski-przyjazni-polsko-ukrainskiej\/"},"author":{"name":"GrabAdmin","@id":"https:\/\/grabowiec.pl\/ug\/#\/schema\/person\/5985d73d5ee31f074e8352f4782bdf99"},"headline":"68 MI\u0118DZYNARODOWY WY\u015aCIG KOLARSKI PRZYJA\u0179NI POLSKO \u2013 UKRAI\u0143SKIEJ","datePublished":"2024-08-05T11:46:46+00:00","dateModified":"2024-08-08T11:47:12+00:00","mainEntityOfPage":{"@id":"https:\/\/grabowiec.pl\/ug\/index.php\/2024\/08\/05\/68-miedzynarodowy-wyscig-kolarski-przyjazni-polsko-ukrainskiej\/"},"wordCount":845,"publisher":{"@id":"https:\/\/grabowiec.pl\/ug\/#organization"},"image":{"@id":"https:\/\/grabowiec.pl\/ug\/index.php\/2024\/08\/05\/68-miedzynarodowy-wyscig-kolarski-przyjazni-polsko-ukrainskiej\/#primaryimage"},"thumbnailUrl":"https:\/\/grabowiec.pl\/ug\/wp-content\/uploads\/2024\/08\/wyscig-blur.jpg","articleSection":["ARCHIWUM"],"inLanguage":"pl-PL"},{"@type":"WebPage","@id":"https:\/\/grabowiec.pl\/ug\/index.php\/2024\/08\/05\/68-miedzynarodowy-wyscig-kolarski-przyjazni-polsko-ukrainskiej\/","url":"https:\/\/grabowiec.pl\/ug\/index.php\/2024\/08\/05\/68-miedzynarodowy-wyscig-kolarski-przyjazni-polsko-ukrainskiej\/","name":"68 MI\u0118DZYNARODOWY WY\u015aCIG KOLARSKI PRZYJA\u0179NI POLSKO \u2013 UKRAI\u0143SKIEJ - GMINA GRABOWIEC","isPartOf":{"@id":"https:\/\/grabowiec.pl\/ug\/#website"},"primaryImageOfPage":{"@id":"https:\/\/grabowiec.pl\/ug\/index.php\/2024\/08\/05\/68-miedzynarodowy-wyscig-kolarski-przyjazni-polsko-ukrainskiej\/#primaryimage"},"image":{"@id":"https:\/\/grabowiec.pl\/ug\/index.php\/2024\/08\/05\/68-miedzynarodowy-wyscig-kolarski-przyjazni-polsko-ukrainskiej\/#primaryimage"},"thumbnailUrl":"https:\/\/grabowiec.pl\/ug\/wp-content\/uploads\/2024\/08\/wyscig-blur.jpg","datePublished":"2024-08-05T11:46:46+00:00","dateModified":"2024-08-08T11:47:12+00:00","breadcrumb":{"@id":"https:\/\/grabowiec.pl\/ug\/index.php\/2024\/08\/05\/68-miedzynarodowy-wyscig-kolarski-przyjazni-polsko-ukrainskiej\/#breadcrumb"},"inLanguage":"pl-PL","potentialAction":[{"@type":"ReadAction","target":["https:\/\/grabowiec.pl\/ug\/index.php\/2024\/08\/05\/68-miedzynarodowy-wyscig-kolarski-przyjazni-polsko-ukrainskiej\/"]}]},{"@type":"ImageObject","inLanguage":"pl-PL","@id":"https:\/\/grabowiec.pl\/ug\/index.php\/2024\/08\/05\/68-miedzynarodowy-wyscig-kolarski-przyjazni-polsko-ukrainskiej\/#primaryimage","url":"https:\/\/grabowiec.pl\/ug\/wp-content\/uploads\/2024\/08\/wyscig-blur.jpg","contentUrl":"https:\/\/grabowiec.pl\/ug\/wp-content\/uploads\/2024\/08\/wyscig-blur.jpg","width":1920,"height":1080},{"@type":"BreadcrumbList","@id":"https:\/\/grabowiec.pl\/ug\/index.php\/2024\/08\/05\/68-miedzynarodowy-wyscig-kolarski-przyjazni-polsko-ukrainskiej\/#breadcrumb","itemListElement":[{"@type":"ListItem","position":1,"name":"Strona g\u0142\u00f3wna","item":"https:\/\/grabowiec.pl\/ug\/"},{"@type":"ListItem","position":2,"name":"68 MI\u0118DZYNARODOWY WY\u015aCIG KOLARSKI PRZYJA\u0179NI POLSKO \u2013 UKRAI\u0143SKIEJ"}]},{"@type":"WebSite","@id":"https:\/\/grabowiec.pl\/ug\/#website","url":"https:\/\/grabowiec.pl\/ug\/","name":"GMINA GRABOWIEC","description":"","publisher":{"@id":"https:\/\/grabowiec.pl\/ug\/#organization"},"potentialAction":[{"@type":"SearchAction","target":{"@type":"EntryPoint","urlTemplate":"https:\/\/grabowiec.pl\/ug\/?s={search_term_string}"},"query-input":{"@type":"PropertyValueSpecification","valueRequired":true,"valueName":"search_term_string"}}],"inLanguage":"pl-PL"},{"@type":"Organization","@id":"https:\/\/grabowiec.pl\/ug\/#organization","name":"GMINA GRABOWIEC","url":"https:\/\/grabowiec.pl\/ug\/","logo":{"@type":"ImageObject","inLanguage":"pl-PL","@id":"https:\/\/grabowiec.pl\/ug\/#\/schema\/logo\/image\/","url":"https:\/\/grabowiec.pl\/ug\/wp-content\/uploads\/2023\/02\/grab-herb.png","contentUrl":"https:\/\/grabowiec.pl\/ug\/wp-content\/uploads\/2023\/02\/grab-herb.png","width":500,"height":600,"caption":"GMINA GRABOWIEC"},"image":{"@id":"https:\/\/grabowiec.pl\/ug\/#\/schema\/logo\/image\/"}},{"@type":"Person","@id":"https:\/\/grabowiec.pl\/ug\/#\/schema\/person\/5985d73d5ee31f074e8352f4782bdf99","name":"GrabAdmin","image":{"@type":"ImageObject","inLanguage":"pl-PL","@id":"https:\/\/secure.gravatar.com\/avatar\/d282d70901c093d417c40ef93cb537ed734f8c89a218e980f2eb8806fb2268e4?s=96&d=mm&r=g","url":"https:\/\/secure.gravatar.com\/avatar\/d282d70901c093d417c40ef93cb537ed734f8c89a218e980f2eb8806fb2268e4?s=96&d=mm&r=g","contentUrl":"https:\/\/secure.gravatar.com\/avatar\/d282d70901c093d417c40ef93cb537ed734f8c89a218e980f2eb8806fb2268e4?s=96&d=mm&r=g","caption":"GrabAdmin"},"sameAs":["http:\/\/grabowiec.pl\/ug"],"url":"https:\/\/grabowiec.pl\/ug\/index.php\/author\/grabadmin\/"}]}},"_links":{"self":[{"href":"https:\/\/grabowiec.pl\/ug\/index.php\/wp-json\/wp\/v2\/posts\/3548","targetHints":{"allow":["GET"]}}],"collection":[{"href":"https:\/\/grabowiec.pl\/ug\/index.php\/wp-json\/wp\/v2\/posts"}],"about":[{"href":"https:\/\/grabowiec.pl\/ug\/index.php\/wp-json\/wp\/v2\/types\/post"}],"author":[{"embeddable":true,"href":"https:\/\/grabowiec.pl\/ug\/index.php\/wp-json\/wp\/v2\/users\/1"}],"replies":[{"embeddable":true,"href":"https:\/\/grabowiec.pl\/ug\/index.php\/wp-json\/wp\/v2\/comments?post=3548"}],"version-history":[{"count":3,"href":"https:\/\/grabowiec.pl\/ug\/index.php\/wp-json\/wp\/v2\/posts\/3548\/revisions"}],"predecessor-version":[{"id":3553,"href":"https:\/\/grabowiec.pl\/ug\/index.php\/wp-json\/wp\/v2\/posts\/3548\/revisions\/3553"}],"wp:featuredmedia":[{"embeddable":true,"href":"https:\/\/grabowiec.pl\/ug\/index.php\/wp-json\/wp\/v2\/media\/3551"}],"wp:attachment":[{"href":"https:\/\/grabowiec.pl\/ug\/index.php\/wp-json\/wp\/v2\/media?parent=3548"}],"wp:term":[{"taxonomy":"category","embeddable":true,"href":"https:\/\/grabowiec.pl\/ug\/index.php\/wp-json\/wp\/v2\/categories?post=3548"},{"taxonomy":"post_tag","embeddable":true,"href":"https:\/\/grabowiec.pl\/ug\/index.php\/wp-json\/wp\/v2\/tags?post=3548"}],"curies":[{"name":"wp","href":"https:\/\/api.w.org\/{rel}","templated":true}]}}