{"id":4234,"date":"2025-01-31T11:38:40","date_gmt":"2025-01-31T10:38:40","guid":{"rendered":"https:\/\/grabowiec.pl\/ug\/?p=4234"},"modified":"2025-01-31T11:38:40","modified_gmt":"2025-01-31T10:38:40","slug":"planowane-wylaczenia-energii-2","status":"publish","type":"post","link":"https:\/\/grabowiec.pl\/ug\/index.php\/2025\/01\/31\/planowane-wylaczenia-energii-2\/","title":{"rendered":"PLANOWANE WY\u0141\u0104CZENIA ENERGII"},"content":{"rendered":"\n<figure class=\"wp-block-table\"><table class=\"has-fixed-layout\"><tbody><tr><td class=\"has-text-align-center\" data-align=\"center\">DATA ROZPOCZ\u0118CIA<\/td><td>DATA ZAKO\u0143CZENIA<\/td><td>GODZINY<\/td><td>OBSZAR<\/td><td>STACJA<\/td><td><br><\/td><\/tr><tr><td class=\"has-text-align-center\" data-align=\"center\" colspan=\"5\"><strong>Zamo\u015b\u0107 &#8211; Tomasz\u00f3w-Lubelski<\/strong><\/td><td><br><\/td><\/tr><tr><td class=\"has-text-align-center\" data-align=\"center\">2025-02-04 08:30<\/td><td>2025-02-04 09:00<\/td><td>0,5<\/td><td>Werbkowice<\/td><td>Werbkowice Hotel<\/td><td><br><\/td><\/tr><tr><td class=\"has-text-align-center\" data-align=\"center\">2025-02-04 15:00<\/td><td>2025-02-04 15:30<\/td><td>0,5<\/td><td>Werbkowice<\/td><td>Werbkowice Hotel<\/td><td><br><\/td><\/tr><tr><td class=\"has-text-align-center\" data-align=\"center\">2025-02-10 07:00<\/td><td>2025-02-10 09:00<\/td><td>2<\/td><td>Feliks\u00f3w Uchanie-Kolonia<\/td><td>Feliks\u00f3w <a href=\"https:\/\/www.google.com\/maps\/search\/1;+Uchanie+Kolonia?entry=gmail&amp;source=g\">1; Uchanie Kolonia<\/a>.<\/td><td><br><\/td><\/tr><tr><td class=\"has-text-align-center\" data-align=\"center\">2025-02-10 08:00<\/td><td>2025-02-10 11:00<\/td><td>3<\/td><td><a href=\"https:\/\/www.google.com\/maps\/search\/Feliks+w+%0D%0A+Feliks+w+2?entry=gmail&amp;source=g\">Feliks<\/a>\u00f3w<\/td><td><a href=\"https:\/\/www.google.com\/maps\/search\/Feliks+w+%0D%0A+Feliks+w+2?entry=gmail&amp;source=g\">Feliks<\/a>\u00f3<a href=\"https:\/\/www.google.com\/maps\/search\/Feliks+w+%0D%0A+Feliks+w+2?entry=gmail&amp;source=g\">w 2<\/a><\/td><td><br><\/td><\/tr><tr><td class=\"has-text-align-center\" data-align=\"center\">2025-02-10 10:00<\/td><td>2025-02-10 13:00<\/td><td>3<\/td><td>Uchanie-Kolonia<\/td><td>Uchanie Kolonia.<\/td><td><br><\/td><\/tr><tr><td class=\"has-text-align-center\" data-align=\"center\">2025-02-10 12:00<\/td><td>2025-02-10 15:00<\/td><td>3<\/td><td><a href=\"https:\/\/www.google.com\/maps\/search\/Bokinia+%0D%0A+Bokinia+1?entry=gmail&amp;source=g\">Bokinia<\/a><\/td><td><a href=\"https:\/\/www.google.com\/maps\/search\/Bokinia+%0D%0A+Bokinia+1?entry=gmail&amp;source=g\">Bokinia 1<\/a><\/td><td><br><\/td><\/tr><tr><td class=\"has-text-align-center\" data-align=\"center\"><strong>2025-02-10 13:00<\/strong><\/td><td><strong>2025-02-10 16:00<\/strong><\/td><td><strong>3<\/strong><\/td><td><br><\/td><td><strong>W\u00f3lka Tucz\u0119pska<\/strong><\/td><td><strong>W\u00f3lka Tucz\u0119pska<\/strong><\/td><\/tr><tr><td class=\"has-text-align-center\" data-align=\"center\"><strong>2025-02-11 07:00<\/strong><\/td><td><strong>2025-02-11 09:00<\/strong><\/td><td><strong>2<\/strong><\/td><td><strong>W\u00f3lka Tucz\u0119pska<\/strong><\/td><td><strong>W\u00f3lka Tucz\u0119pska Wodoci\u0105g<\/strong><\/td><td><br><\/td><\/tr><tr><td class=\"has-text-align-center\" data-align=\"center\"><strong>2025-02-11 08:00<\/strong><\/td><td><strong>2025-02-11 11:00<\/strong><\/td><td><strong>3<\/strong><\/td><td><br><\/td><td><strong>Tucz\u0119py<\/strong><\/td><td><strong>Tucz\u0119py Tuszyn<\/strong><\/td><\/tr><tr><td class=\"has-text-align-center\" data-align=\"center\"><strong>2025-02-11 10:00<\/strong><\/td><td><strong>2025-02-11 13:00<\/strong><\/td><td><strong>3<\/strong><\/td><td><a href=\"https:\/\/www.google.com\/maps\/search\/Tucz%C4%99py+%0D%0A+Tucz%C4%99py+2?entry=gmail&amp;source=g\"><strong>Tucz\u0119py<\/strong><\/a><\/td><td><a href=\"https:\/\/www.google.com\/maps\/search\/Tucz%C4%99py+%0D%0A+Tucz%C4%99py+2?entry=gmail&amp;source=g\"><strong>Tucz\u0119py 2<\/strong><\/a><\/td><td><br><\/td><\/tr><tr><td class=\"has-text-align-center\" data-align=\"center\"><strong>2025-02-11 12:00<\/strong><\/td><td><strong>2025-02-11 15:00<\/strong><\/td><td><strong>3<\/strong><\/td><td><strong><a href=\"https:\/\/www.google.com\/maps\/search\/Czech+wka+%0D%0A+Czech+wka:+1,+2?entry=gmail&amp;source=g\">Czech<\/a>\u00f3<a href=\"https:\/\/www.google.com\/maps\/search\/Czech+wka+%0D%0A+Czech+wka:+1,+2?entry=gmail&amp;source=g\">wka<\/a><\/strong><\/td><td><strong><a href=\"https:\/\/www.google.com\/maps\/search\/Czech+wka+%0D%0A+Czech+wka:+1,+2?entry=gmail&amp;source=g\">Czech<\/a>\u00f3<a href=\"https:\/\/www.google.com\/maps\/search\/Czech+wka+%0D%0A+Czech+wka:+1,+2?entry=gmail&amp;source=g\">wka: 1, 2<\/a>.<\/strong><\/td><td><br><\/td><\/tr><tr><td class=\"has-text-align-center\" data-align=\"center\"><strong>2025-02-11 13:00<\/strong><\/td><td><strong>2025-02-11 16:00<\/strong><\/td><td><strong>3<\/strong><\/td><td><a href=\"https:\/\/www.google.com\/maps\/search\/Majdan+Tucz%C4%99pski+%0D%0A+Majdan+Tucz%C4%99pski+1?entry=gmail&amp;source=g\"><strong>Majdan Tucz\u0119pski<\/strong><\/a><\/td><td><a href=\"https:\/\/www.google.com\/maps\/search\/Majdan+Tucz%C4%99pski+%0D%0A+Majdan+Tucz%C4%99pski+1?entry=gmail&amp;source=g\"><strong>Majdan Tucz\u0119pski 1<\/strong><\/a><\/td><td><br><\/td><\/tr><tr><td class=\"has-text-align-center\" data-align=\"center\"><strong>2025-02-12 07:00<\/strong><\/td><td><strong>2025-02-12 09:00<\/strong><\/td><td><strong>2<\/strong><\/td><td><br><\/td><td><a href=\"https:\/\/www.google.com\/maps\/search\/Majdan+Tucz%C4%99pski+%0D%0A+Majdan+Tucz%C4%99pski+2?entry=gmail&amp;source=g\"><strong>Majdan Tucz\u0119pski<\/strong><\/a><\/td><td><a href=\"https:\/\/www.google.com\/maps\/search\/Majdan+Tucz%C4%99pski+%0D%0A+Majdan+Tucz%C4%99pski+2?entry=gmail&amp;source=g\"><strong>Majdan Tucz\u0119pski 2<\/strong><\/a><\/td><\/tr><tr><td class=\"has-text-align-center\" data-align=\"center\"><strong>2025-02-12 08:00<\/strong><\/td><td><strong>2025-02-12 11:00<\/strong><\/td><td><strong>3<\/strong><\/td><td><br><\/td><td><a href=\"https:\/\/www.google.com\/maps\/search\/Tucz%C4%99py+%0D%0A+Tucz%C4%99py+4?entry=gmail&amp;source=g\"><strong>Tucz\u0119py<\/strong><\/a><\/td><td><a href=\"https:\/\/www.google.com\/maps\/search\/Tucz%C4%99py+%0D%0A+Tucz%C4%99py+4?entry=gmail&amp;source=g\"><strong>Tucz\u0119py 4<\/strong><\/a><\/td><\/tr><tr><td class=\"has-text-align-center\" data-align=\"center\"><strong>2025-02-12 10:00<\/strong><\/td><td><strong>2025-02-12 13:00<\/strong><\/td><td><strong>3<\/strong><\/td><td><br><\/td><td><a href=\"https:\/\/www.google.com\/maps\/search\/Tucz%C4%99py+%0D%0A+Tucz%C4%99py+3?entry=gmail&amp;source=g\"><strong>Tucz\u0119py<\/strong><\/a><\/td><td><a href=\"https:\/\/www.google.com\/maps\/search\/Tucz%C4%99py+%0D%0A+Tucz%C4%99py+3?entry=gmail&amp;source=g\"><strong>Tucz\u0119py 3<\/strong><\/a><\/td><\/tr><tr><td class=\"has-text-align-center\" data-align=\"center\"><strong>2025-02-12 12:00<\/strong><\/td><td><strong>2025-02-12 15:00<\/strong><\/td><td><strong>3<\/strong><\/td><td><br><\/td><td><strong>Grabowczyk<\/strong><\/td><td><strong>Grabowczyk<\/strong><\/td><\/tr><tr><td class=\"has-text-align-center\" data-align=\"center\"><strong>2025-02-12 13:00<\/strong><\/td><td><strong>2025-02-12 16:00<\/strong><\/td><td><strong>3<\/strong><\/td><td><br><\/td><td><strong>Grabowiec<\/strong> <strong>ul. Wojs\u0142awska<\/strong><\/td><td><strong>Grabowiec 4<\/strong><\/td><\/tr><\/tbody><\/table><\/figure>\n\n\n\n<p class=\"has-text-align-left has-large-font-size\"><strong><a href=\"https:\/\/grabowiec.pl\/ug\/wp-content\/uploads\/2025\/01\/WYLACZENIA-INFORMACJA.pdf\" target=\"_blank\" rel=\"noreferrer noopener\">INFORMACJA PDF<\/a><\/strong><\/p>\n","protected":false},"excerpt":{"rendered":"<p>DATA ROZPOCZ\u0118CIA DATA ZAKO\u0143CZENIA GODZINY OBSZAR STACJA Zamo\u015b\u0107 &#8211; Tomasz\u00f3w-Lubelski 2025-02-04 08:30 2025-02-04 09:00 0,5 &hellip;<\/p>\n","protected":false},"author":1,"featured_media":3669,"comment_status":"closed","ping_status":"closed","sticky":false,"template":"","format":"standard","meta":{"footnotes":""},"categories":[9],"tags":[],"class_list":["post-4234","post","type-post","status-publish","format-standard","has-post-thumbnail","hentry","category-ogloszenia"],"author_data":{"name":"GrabAdmin","url":"https:\/\/grabowiec.pl\/ug\/index.php\/author\/grabadmin\/"},"excerpt_data":"DATA ROZPOCZ\u0118CIADATA ZAKO\u0143CZENIAGODZINYOBSZARSTACJAZamo\u015b\u0107 - Tomasz\u00f3w-Lubelski2025-02-04 08:302025-02-04 09:000,5WerbkowiceWerbkowice Hotel2025-02-04 15:002025-02-04 15:300,5WerbkowiceWerbkowice Hotel2025-02-10 07:002025-02-10 09:002Feliks\u00f3w Uchanie-KoloniaFeliks\u00f3w 1;...","categories_data":{"9":{"term_id":9,"name":"OG\u0141OSZENIA","slug":"ogloszenia","term_group":0,"term_taxonomy_id":9,"taxonomy":"category","description":"","parent":0,"count":160,"filter":"raw","cat_ID":9,"category_count":160,"category_description":"","cat_name":"OG\u0141OSZENIA","category_nicename":"ogloszenia","category_parent":0}},"featured_image_src":"https:\/\/grabowiec.pl\/ug\/wp-content\/uploads\/2024\/08\/wires-7997980_1920.jpg","date_formated":"2025-01-31","yoast_head":"<!-- This site is optimized with the Yoast SEO plugin v27.5 - https:\/\/yoast.com\/product\/yoast-seo-wordpress\/ -->\n<title>PLANOWANE WY\u0141\u0104CZENIA ENERGII - GMINA GRABOWIEC<\/title>\n<meta name=\"robots\" content=\"index, follow, max-snippet:-1, max-image-preview:large, max-video-preview:-1\" \/>\n<link rel=\"canonical\" href=\"https:\/\/grabowiec.pl\/ug\/index.php\/2025\/01\/31\/planowane-wylaczenia-energii-2\/\" \/>\n<meta property=\"og:locale\" content=\"pl_PL\" \/>\n<meta property=\"og:type\" content=\"article\" \/>\n<meta property=\"og:title\" content=\"PLANOWANE WY\u0141\u0104CZENIA ENERGII - GMINA GRABOWIEC\" \/>\n<meta property=\"og:description\" content=\"DATA ROZPOCZ\u0118CIA DATA ZAKO\u0143CZENIA GODZINY OBSZAR STACJA Zamo\u015b\u0107 &#8211; Tomasz\u00f3w-Lubelski 2025-02-04 08:30 2025-02-04 09:00 0,5 &hellip;\" \/>\n<meta property=\"og:url\" content=\"https:\/\/grabowiec.pl\/ug\/index.php\/2025\/01\/31\/planowane-wylaczenia-energii-2\/\" \/>\n<meta property=\"og:site_name\" content=\"GMINA GRABOWIEC\" \/>\n<meta property=\"article:published_time\" content=\"2025-01-31T10:38:40+00:00\" \/>\n<meta property=\"og:image\" content=\"https:\/\/grabowiec.pl\/ug\/wp-content\/uploads\/2024\/08\/wires-7997980_1920.jpg\" \/>\n\t<meta property=\"og:image:width\" content=\"1920\" \/>\n\t<meta property=\"og:image:height\" content=\"1082\" \/>\n\t<meta property=\"og:image:type\" content=\"image\/jpeg\" \/>\n<meta name=\"author\" content=\"GrabAdmin\" \/>\n<meta name=\"twitter:card\" content=\"summary_large_image\" \/>\n<meta name=\"twitter:label1\" content=\"Napisane przez\" \/>\n\t<meta name=\"twitter:data1\" content=\"GrabAdmin\" \/>\n\t<meta name=\"twitter:label2\" content=\"Szacowany czas czytania\" \/>\n\t<meta name=\"twitter:data2\" content=\"2 minuty\" \/>\n<script type=\"application\/ld+json\" class=\"yoast-schema-graph\">{\"@context\":\"https:\\\/\\\/schema.org\",\"@graph\":[{\"@type\":\"Article\",\"@id\":\"https:\\\/\\\/grabowiec.pl\\\/ug\\\/index.php\\\/2025\\\/01\\\/31\\\/planowane-wylaczenia-energii-2\\\/#article\",\"isPartOf\":{\"@id\":\"https:\\\/\\\/grabowiec.pl\\\/ug\\\/index.php\\\/2025\\\/01\\\/31\\\/planowane-wylaczenia-energii-2\\\/\"},\"author\":{\"name\":\"GrabAdmin\",\"@id\":\"https:\\\/\\\/grabowiec.pl\\\/ug\\\/#\\\/schema\\\/person\\\/5985d73d5ee31f074e8352f4782bdf99\"},\"headline\":\"PLANOWANE WY\u0141\u0104CZENIA ENERGII\",\"datePublished\":\"2025-01-31T10:38:40+00:00\",\"mainEntityOfPage\":{\"@id\":\"https:\\\/\\\/grabowiec.pl\\\/ug\\\/index.php\\\/2025\\\/01\\\/31\\\/planowane-wylaczenia-energii-2\\\/\"},\"wordCount\":167,\"publisher\":{\"@id\":\"https:\\\/\\\/grabowiec.pl\\\/ug\\\/#organization\"},\"image\":{\"@id\":\"https:\\\/\\\/grabowiec.pl\\\/ug\\\/index.php\\\/2025\\\/01\\\/31\\\/planowane-wylaczenia-energii-2\\\/#primaryimage\"},\"thumbnailUrl\":\"https:\\\/\\\/grabowiec.pl\\\/ug\\\/wp-content\\\/uploads\\\/2024\\\/08\\\/wires-7997980_1920.jpg\",\"articleSection\":[\"OG\u0141OSZENIA\"],\"inLanguage\":\"pl-PL\"},{\"@type\":\"WebPage\",\"@id\":\"https:\\\/\\\/grabowiec.pl\\\/ug\\\/index.php\\\/2025\\\/01\\\/31\\\/planowane-wylaczenia-energii-2\\\/\",\"url\":\"https:\\\/\\\/grabowiec.pl\\\/ug\\\/index.php\\\/2025\\\/01\\\/31\\\/planowane-wylaczenia-energii-2\\\/\",\"name\":\"PLANOWANE WY\u0141\u0104CZENIA ENERGII - GMINA GRABOWIEC\",\"isPartOf\":{\"@id\":\"https:\\\/\\\/grabowiec.pl\\\/ug\\\/#website\"},\"primaryImageOfPage\":{\"@id\":\"https:\\\/\\\/grabowiec.pl\\\/ug\\\/index.php\\\/2025\\\/01\\\/31\\\/planowane-wylaczenia-energii-2\\\/#primaryimage\"},\"image\":{\"@id\":\"https:\\\/\\\/grabowiec.pl\\\/ug\\\/index.php\\\/2025\\\/01\\\/31\\\/planowane-wylaczenia-energii-2\\\/#primaryimage\"},\"thumbnailUrl\":\"https:\\\/\\\/grabowiec.pl\\\/ug\\\/wp-content\\\/uploads\\\/2024\\\/08\\\/wires-7997980_1920.jpg\",\"datePublished\":\"2025-01-31T10:38:40+00:00\",\"breadcrumb\":{\"@id\":\"https:\\\/\\\/grabowiec.pl\\\/ug\\\/index.php\\\/2025\\\/01\\\/31\\\/planowane-wylaczenia-energii-2\\\/#breadcrumb\"},\"inLanguage\":\"pl-PL\",\"potentialAction\":[{\"@type\":\"ReadAction\",\"target\":[\"https:\\\/\\\/grabowiec.pl\\\/ug\\\/index.php\\\/2025\\\/01\\\/31\\\/planowane-wylaczenia-energii-2\\\/\"]}]},{\"@type\":\"ImageObject\",\"inLanguage\":\"pl-PL\",\"@id\":\"https:\\\/\\\/grabowiec.pl\\\/ug\\\/index.php\\\/2025\\\/01\\\/31\\\/planowane-wylaczenia-energii-2\\\/#primaryimage\",\"url\":\"https:\\\/\\\/grabowiec.pl\\\/ug\\\/wp-content\\\/uploads\\\/2024\\\/08\\\/wires-7997980_1920.jpg\",\"contentUrl\":\"https:\\\/\\\/grabowiec.pl\\\/ug\\\/wp-content\\\/uploads\\\/2024\\\/08\\\/wires-7997980_1920.jpg\",\"width\":1920,\"height\":1082},{\"@type\":\"BreadcrumbList\",\"@id\":\"https:\\\/\\\/grabowiec.pl\\\/ug\\\/index.php\\\/2025\\\/01\\\/31\\\/planowane-wylaczenia-energii-2\\\/#breadcrumb\",\"itemListElement\":[{\"@type\":\"ListItem\",\"position\":1,\"name\":\"Strona g\u0142\u00f3wna\",\"item\":\"https:\\\/\\\/grabowiec.pl\\\/ug\\\/\"},{\"@type\":\"ListItem\",\"position\":2,\"name\":\"PLANOWANE WY\u0141\u0104CZENIA ENERGII\"}]},{\"@type\":\"WebSite\",\"@id\":\"https:\\\/\\\/grabowiec.pl\\\/ug\\\/#website\",\"url\":\"https:\\\/\\\/grabowiec.pl\\\/ug\\\/\",\"name\":\"GMINA GRABOWIEC\",\"description\":\"\",\"publisher\":{\"@id\":\"https:\\\/\\\/grabowiec.pl\\\/ug\\\/#organization\"},\"potentialAction\":[{\"@type\":\"SearchAction\",\"target\":{\"@type\":\"EntryPoint\",\"urlTemplate\":\"https:\\\/\\\/grabowiec.pl\\\/ug\\\/?s={search_term_string}\"},\"query-input\":{\"@type\":\"PropertyValueSpecification\",\"valueRequired\":true,\"valueName\":\"search_term_string\"}}],\"inLanguage\":\"pl-PL\"},{\"@type\":\"Organization\",\"@id\":\"https:\\\/\\\/grabowiec.pl\\\/ug\\\/#organization\",\"name\":\"GMINA GRABOWIEC\",\"url\":\"https:\\\/\\\/grabowiec.pl\\\/ug\\\/\",\"logo\":{\"@type\":\"ImageObject\",\"inLanguage\":\"pl-PL\",\"@id\":\"https:\\\/\\\/grabowiec.pl\\\/ug\\\/#\\\/schema\\\/logo\\\/image\\\/\",\"url\":\"https:\\\/\\\/grabowiec.pl\\\/ug\\\/wp-content\\\/uploads\\\/2023\\\/02\\\/grab-herb.png\",\"contentUrl\":\"https:\\\/\\\/grabowiec.pl\\\/ug\\\/wp-content\\\/uploads\\\/2023\\\/02\\\/grab-herb.png\",\"width\":500,\"height\":600,\"caption\":\"GMINA GRABOWIEC\"},\"image\":{\"@id\":\"https:\\\/\\\/grabowiec.pl\\\/ug\\\/#\\\/schema\\\/logo\\\/image\\\/\"}},{\"@type\":\"Person\",\"@id\":\"https:\\\/\\\/grabowiec.pl\\\/ug\\\/#\\\/schema\\\/person\\\/5985d73d5ee31f074e8352f4782bdf99\",\"name\":\"GrabAdmin\",\"image\":{\"@type\":\"ImageObject\",\"inLanguage\":\"pl-PL\",\"@id\":\"https:\\\/\\\/secure.gravatar.com\\\/avatar\\\/d282d70901c093d417c40ef93cb537ed734f8c89a218e980f2eb8806fb2268e4?s=96&d=mm&r=g\",\"url\":\"https:\\\/\\\/secure.gravatar.com\\\/avatar\\\/d282d70901c093d417c40ef93cb537ed734f8c89a218e980f2eb8806fb2268e4?s=96&d=mm&r=g\",\"contentUrl\":\"https:\\\/\\\/secure.gravatar.com\\\/avatar\\\/d282d70901c093d417c40ef93cb537ed734f8c89a218e980f2eb8806fb2268e4?s=96&d=mm&r=g\",\"caption\":\"GrabAdmin\"},\"sameAs\":[\"http:\\\/\\\/grabowiec.pl\\\/ug\"],\"url\":\"https:\\\/\\\/grabowiec.pl\\\/ug\\\/index.php\\\/author\\\/grabadmin\\\/\"}]}<\/script>\n<!-- \/ Yoast SEO plugin. -->","yoast_head_json":{"title":"PLANOWANE WY\u0141\u0104CZENIA ENERGII - GMINA GRABOWIEC","robots":{"index":"index","follow":"follow","max-snippet":"max-snippet:-1","max-image-preview":"max-image-preview:large","max-video-preview":"max-video-preview:-1"},"canonical":"https:\/\/grabowiec.pl\/ug\/index.php\/2025\/01\/31\/planowane-wylaczenia-energii-2\/","og_locale":"pl_PL","og_type":"article","og_title":"PLANOWANE WY\u0141\u0104CZENIA ENERGII - GMINA GRABOWIEC","og_description":"DATA ROZPOCZ\u0118CIA DATA ZAKO\u0143CZENIA GODZINY OBSZAR STACJA Zamo\u015b\u0107 &#8211; Tomasz\u00f3w-Lubelski 2025-02-04 08:30 2025-02-04 09:00 0,5 &hellip;","og_url":"https:\/\/grabowiec.pl\/ug\/index.php\/2025\/01\/31\/planowane-wylaczenia-energii-2\/","og_site_name":"GMINA GRABOWIEC","article_published_time":"2025-01-31T10:38:40+00:00","og_image":[{"width":1920,"height":1082,"url":"https:\/\/grabowiec.pl\/ug\/wp-content\/uploads\/2024\/08\/wires-7997980_1920.jpg","type":"image\/jpeg"}],"author":"GrabAdmin","twitter_card":"summary_large_image","twitter_misc":{"Napisane przez":"GrabAdmin","Szacowany czas czytania":"2 minuty"},"schema":{"@context":"https:\/\/schema.org","@graph":[{"@type":"Article","@id":"https:\/\/grabowiec.pl\/ug\/index.php\/2025\/01\/31\/planowane-wylaczenia-energii-2\/#article","isPartOf":{"@id":"https:\/\/grabowiec.pl\/ug\/index.php\/2025\/01\/31\/planowane-wylaczenia-energii-2\/"},"author":{"name":"GrabAdmin","@id":"https:\/\/grabowiec.pl\/ug\/#\/schema\/person\/5985d73d5ee31f074e8352f4782bdf99"},"headline":"PLANOWANE WY\u0141\u0104CZENIA ENERGII","datePublished":"2025-01-31T10:38:40+00:00","mainEntityOfPage":{"@id":"https:\/\/grabowiec.pl\/ug\/index.php\/2025\/01\/31\/planowane-wylaczenia-energii-2\/"},"wordCount":167,"publisher":{"@id":"https:\/\/grabowiec.pl\/ug\/#organization"},"image":{"@id":"https:\/\/grabowiec.pl\/ug\/index.php\/2025\/01\/31\/planowane-wylaczenia-energii-2\/#primaryimage"},"thumbnailUrl":"https:\/\/grabowiec.pl\/ug\/wp-content\/uploads\/2024\/08\/wires-7997980_1920.jpg","articleSection":["OG\u0141OSZENIA"],"inLanguage":"pl-PL"},{"@type":"WebPage","@id":"https:\/\/grabowiec.pl\/ug\/index.php\/2025\/01\/31\/planowane-wylaczenia-energii-2\/","url":"https:\/\/grabowiec.pl\/ug\/index.php\/2025\/01\/31\/planowane-wylaczenia-energii-2\/","name":"PLANOWANE WY\u0141\u0104CZENIA ENERGII - GMINA GRABOWIEC","isPartOf":{"@id":"https:\/\/grabowiec.pl\/ug\/#website"},"primaryImageOfPage":{"@id":"https:\/\/grabowiec.pl\/ug\/index.php\/2025\/01\/31\/planowane-wylaczenia-energii-2\/#primaryimage"},"image":{"@id":"https:\/\/grabowiec.pl\/ug\/index.php\/2025\/01\/31\/planowane-wylaczenia-energii-2\/#primaryimage"},"thumbnailUrl":"https:\/\/grabowiec.pl\/ug\/wp-content\/uploads\/2024\/08\/wires-7997980_1920.jpg","datePublished":"2025-01-31T10:38:40+00:00","breadcrumb":{"@id":"https:\/\/grabowiec.pl\/ug\/index.php\/2025\/01\/31\/planowane-wylaczenia-energii-2\/#breadcrumb"},"inLanguage":"pl-PL","potentialAction":[{"@type":"ReadAction","target":["https:\/\/grabowiec.pl\/ug\/index.php\/2025\/01\/31\/planowane-wylaczenia-energii-2\/"]}]},{"@type":"ImageObject","inLanguage":"pl-PL","@id":"https:\/\/grabowiec.pl\/ug\/index.php\/2025\/01\/31\/planowane-wylaczenia-energii-2\/#primaryimage","url":"https:\/\/grabowiec.pl\/ug\/wp-content\/uploads\/2024\/08\/wires-7997980_1920.jpg","contentUrl":"https:\/\/grabowiec.pl\/ug\/wp-content\/uploads\/2024\/08\/wires-7997980_1920.jpg","width":1920,"height":1082},{"@type":"BreadcrumbList","@id":"https:\/\/grabowiec.pl\/ug\/index.php\/2025\/01\/31\/planowane-wylaczenia-energii-2\/#breadcrumb","itemListElement":[{"@type":"ListItem","position":1,"name":"Strona g\u0142\u00f3wna","item":"https:\/\/grabowiec.pl\/ug\/"},{"@type":"ListItem","position":2,"name":"PLANOWANE WY\u0141\u0104CZENIA ENERGII"}]},{"@type":"WebSite","@id":"https:\/\/grabowiec.pl\/ug\/#website","url":"https:\/\/grabowiec.pl\/ug\/","name":"GMINA GRABOWIEC","description":"","publisher":{"@id":"https:\/\/grabowiec.pl\/ug\/#organization"},"potentialAction":[{"@type":"SearchAction","target":{"@type":"EntryPoint","urlTemplate":"https:\/\/grabowiec.pl\/ug\/?s={search_term_string}"},"query-input":{"@type":"PropertyValueSpecification","valueRequired":true,"valueName":"search_term_string"}}],"inLanguage":"pl-PL"},{"@type":"Organization","@id":"https:\/\/grabowiec.pl\/ug\/#organization","name":"GMINA GRABOWIEC","url":"https:\/\/grabowiec.pl\/ug\/","logo":{"@type":"ImageObject","inLanguage":"pl-PL","@id":"https:\/\/grabowiec.pl\/ug\/#\/schema\/logo\/image\/","url":"https:\/\/grabowiec.pl\/ug\/wp-content\/uploads\/2023\/02\/grab-herb.png","contentUrl":"https:\/\/grabowiec.pl\/ug\/wp-content\/uploads\/2023\/02\/grab-herb.png","width":500,"height":600,"caption":"GMINA GRABOWIEC"},"image":{"@id":"https:\/\/grabowiec.pl\/ug\/#\/schema\/logo\/image\/"}},{"@type":"Person","@id":"https:\/\/grabowiec.pl\/ug\/#\/schema\/person\/5985d73d5ee31f074e8352f4782bdf99","name":"GrabAdmin","image":{"@type":"ImageObject","inLanguage":"pl-PL","@id":"https:\/\/secure.gravatar.com\/avatar\/d282d70901c093d417c40ef93cb537ed734f8c89a218e980f2eb8806fb2268e4?s=96&d=mm&r=g","url":"https:\/\/secure.gravatar.com\/avatar\/d282d70901c093d417c40ef93cb537ed734f8c89a218e980f2eb8806fb2268e4?s=96&d=mm&r=g","contentUrl":"https:\/\/secure.gravatar.com\/avatar\/d282d70901c093d417c40ef93cb537ed734f8c89a218e980f2eb8806fb2268e4?s=96&d=mm&r=g","caption":"GrabAdmin"},"sameAs":["http:\/\/grabowiec.pl\/ug"],"url":"https:\/\/grabowiec.pl\/ug\/index.php\/author\/grabadmin\/"}]}},"_links":{"self":[{"href":"https:\/\/grabowiec.pl\/ug\/index.php\/wp-json\/wp\/v2\/posts\/4234","targetHints":{"allow":["GET"]}}],"collection":[{"href":"https:\/\/grabowiec.pl\/ug\/index.php\/wp-json\/wp\/v2\/posts"}],"about":[{"href":"https:\/\/grabowiec.pl\/ug\/index.php\/wp-json\/wp\/v2\/types\/post"}],"author":[{"embeddable":true,"href":"https:\/\/grabowiec.pl\/ug\/index.php\/wp-json\/wp\/v2\/users\/1"}],"replies":[{"embeddable":true,"href":"https:\/\/grabowiec.pl\/ug\/index.php\/wp-json\/wp\/v2\/comments?post=4234"}],"version-history":[{"count":1,"href":"https:\/\/grabowiec.pl\/ug\/index.php\/wp-json\/wp\/v2\/posts\/4234\/revisions"}],"predecessor-version":[{"id":4235,"href":"https:\/\/grabowiec.pl\/ug\/index.php\/wp-json\/wp\/v2\/posts\/4234\/revisions\/4235"}],"wp:featuredmedia":[{"embeddable":true,"href":"https:\/\/grabowiec.pl\/ug\/index.php\/wp-json\/wp\/v2\/media\/3669"}],"wp:attachment":[{"href":"https:\/\/grabowiec.pl\/ug\/index.php\/wp-json\/wp\/v2\/media?parent=4234"}],"wp:term":[{"taxonomy":"category","embeddable":true,"href":"https:\/\/grabowiec.pl\/ug\/index.php\/wp-json\/wp\/v2\/categories?post=4234"},{"taxonomy":"post_tag","embeddable":true,"href":"https:\/\/grabowiec.pl\/ug\/index.php\/wp-json\/wp\/v2\/tags?post=4234"}],"curies":[{"name":"wp","href":"https:\/\/api.w.org\/{rel}","templated":true}]}}