{"id":4243,"date":"2025-02-03T09:33:59","date_gmt":"2025-02-03T08:33:59","guid":{"rendered":"https:\/\/grabowiec.pl\/ug\/?p=4243"},"modified":"2025-02-03T09:34:00","modified_gmt":"2025-02-03T08:34:00","slug":"planowane-wylaczenia-energii-3","status":"publish","type":"post","link":"https:\/\/grabowiec.pl\/ug\/index.php\/2025\/02\/03\/planowane-wylaczenia-energii-3\/","title":{"rendered":"PLANOWANE WY\u0141\u0104CZENIA ENERGII"},"content":{"rendered":"\n<figure class=\"wp-block-table\"><table class=\"has-fixed-layout\"><tbody><tr><td class=\"has-text-align-center\" data-align=\"center\"><strong>DATA ROZPOCZ\u0118CIA<\/strong><\/td><td><strong>DATA ZAKO\u0143CZENIA<\/strong><\/td><td><strong>GODZINY<\/strong><\/td><td><strong>OBSZAR<\/strong><\/td><td class=\"has-text-align-left\" data-align=\"left\"><strong>STACJA<\/strong><\/td><td><\/td><\/tr><tr><td class=\"has-text-align-center\" data-align=\"center\" colspan=\"5\"><strong>Zamo\u015b\u0107 &#8211; Tomasz\u00f3w-Lubelski<\/strong><\/td><td><\/td><\/tr><tr><td class=\"has-text-align-center\" data-align=\"center\">2025-02-10 10:00<\/td><td>2025-02-10 15:00<\/td><td>5<\/td><td><a href=\"https:\/\/www.google.com\/maps\/search\/Wiszni+w+%0D%0A+Wiszni+w+1?entry=gmail&amp;source=g\">Wiszni<\/a>\u00f3w<\/td><td class=\"has-text-align-left\" data-align=\"left\"><a href=\"https:\/\/www.google.com\/maps\/search\/Wiszni+w+%0D%0A+Wiszni+w+1?entry=gmail&amp;source=g\">Wiszni<\/a>\u00f3<a href=\"https:\/\/www.google.com\/maps\/search\/Wiszni+w+%0D%0A+Wiszni+w+1?entry=gmail&amp;source=g\">w 1<\/a><\/td><td><\/td><\/tr><tr><td class=\"has-text-align-center\" data-align=\"center\" colspan=\"6\">Obw\u00f3d kierunek s\u0142up numer 1.<\/td><\/tr><tr><td class=\"has-text-align-center\" data-align=\"center\">2025-02-13 07:00<\/td><td>2025-02-13 09:00<\/td><td>2<\/td><td>Grabowiec ul. Wojs\u0142awska<\/td><td class=\"has-text-align-left\" data-align=\"left\">Grabowiec 3A<\/td><td><\/td><\/tr><tr><td class=\"has-text-align-center\" data-align=\"center\">2025-02-13 08:00<\/td><td>2025-02-13 11:00<\/td><td>3<\/td><td><\/td><td class=\"has-text-align-left\" data-align=\"left\"><a href=\"https:\/\/www.google.com\/maps\/search\/Wolica+Ucha%C5%84ska+%0D%0A+Wolica+Ucha%C5%84ska+1?entry=gmail&amp;source=g\">Wolica Ucha\u0144ska<\/a><\/td><td><a href=\"https:\/\/www.google.com\/maps\/search\/Wolica+Ucha%C5%84ska+%0D%0A+Wolica+Ucha%C5%84ska+1?entry=gmail&amp;source=g\">Wolica Ucha\u0144ska 1<\/a><\/td><\/tr><tr><td class=\"has-text-align-center\" data-align=\"center\">2025-02-13 10:00<\/td><td>2025-02-13 13:00<\/td><td>3<\/td><td><a href=\"https:\/\/www.google.com\/maps\/search\/Wolica+Ucha%C5%84ska+%0D%0A+Wolica+Ucha%C5%84ska+2?entry=gmail&amp;source=g\">Wolica Ucha\u0144ska<\/a><\/td><td class=\"has-text-align-left\" data-align=\"left\"><a href=\"https:\/\/www.google.com\/maps\/search\/Wolica+Ucha%C5%84ska+%0D%0A+Wolica+Ucha%C5%84ska+2?entry=gmail&amp;source=g\">Wolica Ucha\u0144ska 2<\/a><\/td><td><\/td><\/tr><tr><td class=\"has-text-align-center\" data-align=\"center\">2025-02-13 12:00<\/td><td>2025-02-13 15:00<\/td><td>3<\/td><td>Siedlisko<\/td><td class=\"has-text-align-left\" data-align=\"left\">Siedlisko 1<\/td><td><\/td><\/tr><tr><td class=\"has-text-align-center\" data-align=\"center\">2025-02-13 13:00<\/td><td>2025-02-13 16:00<\/td><td>3<\/td><td><\/td><td class=\"has-text-align-left\" data-align=\"left\">Siedlisko<\/td><td>Siedlisko 2<\/td><\/tr><tr><td class=\"has-text-align-center\" data-align=\"center\">2025-02-14 07:00<\/td><td>2025-02-14 09:00<\/td><td>2<\/td><td><\/td><td class=\"has-text-align-left\" data-align=\"left\">Grabowiec<\/td><td>Grabowiec Bronis\u0142awka<\/td><\/tr><tr><td class=\"has-text-align-center\" data-align=\"center\">2025-02-14 08:00<\/td><td>2025-02-14 11:00<\/td><td>3<\/td><td>Grabowiec-G\u00f3ra<\/td><td class=\"has-text-align-left\" data-align=\"left\">G\u00f3ra Grabowiec 4<\/td><td><\/td><\/tr><tr><td class=\"has-text-align-center\" data-align=\"center\">2025-02-14 10:00<\/td><td>2025-02-14 13:00<\/td><td>3<\/td><td>Grabowiec-G\u00f3ra<\/td><td class=\"has-text-align-left\" data-align=\"left\">G\u00f3ra Grabowiec 2<\/td><td><\/td><\/tr><tr><td class=\"has-text-align-center\" data-align=\"center\">2025-02-14 12:00<\/td><td>2025-02-14 15:00<\/td><td>3<\/td><td><a href=\"https:\/\/www.google.com\/maps\/search\/Grabowiec-G+ra+%0D%0A+G+ra+Grabowiec+5?entry=gmail&amp;source=g\">Grabowiec-G<\/a>\u00f3ra<\/td><td class=\"has-text-align-left\" data-align=\"left\">G\u00f3<a href=\"https:\/\/www.google.com\/maps\/search\/Grabowiec-G+ra+%0D%0A+G+ra+Grabowiec+5?entry=gmail&amp;source=g\">ra Grabowiec 5<\/a><\/td><td><\/td><\/tr><tr><td class=\"has-text-align-center\" data-align=\"center\">2025-02-14 13:00<\/td><td>2025-02-14 16:00<\/td><td>3<\/td><td>\u017burawl\u00f3w<\/td><td class=\"has-text-align-left\" data-align=\"left\">Siedlisko 2<\/td><td><\/td><\/tr><\/tbody><\/table><\/figure>\n","protected":false},"excerpt":{"rendered":"<p>DATA ROZPOCZ\u0118CIA DATA ZAKO\u0143CZENIA GODZINY OBSZAR STACJA Zamo\u015b\u0107 &#8211; Tomasz\u00f3w-Lubelski 2025-02-10 10:00 2025-02-10 15:00 5 &hellip;<\/p>\n","protected":false},"author":1,"featured_media":1759,"comment_status":"closed","ping_status":"closed","sticky":false,"template":"","format":"standard","meta":{"footnotes":""},"categories":[9],"tags":[],"class_list":["post-4243","post","type-post","status-publish","format-standard","has-post-thumbnail","hentry","category-ogloszenia"],"author_data":{"name":"GrabAdmin","url":"https:\/\/grabowiec.pl\/ug\/index.php\/author\/grabadmin\/"},"excerpt_data":"DATA ROZPOCZ\u0118CIADATA ZAKO\u0143CZENIAGODZINYOBSZARSTACJAZamo\u015b\u0107 - Tomasz\u00f3w-Lubelski2025-02-10 10:002025-02-10 15:005Wiszni\u00f3wWiszni\u00f3w 1Obw\u00f3d kierunek s\u0142up numer 1.2025-02-13 07:002025-02-13 09:002Grabowiec ul....","categories_data":{"9":{"term_id":9,"name":"OG\u0141OSZENIA","slug":"ogloszenia","term_group":0,"term_taxonomy_id":9,"taxonomy":"category","description":"","parent":0,"count":160,"filter":"raw","cat_ID":9,"category_count":160,"category_description":"","cat_name":"OG\u0141OSZENIA","category_nicename":"ogloszenia","category_parent":0}},"featured_image_src":"https:\/\/grabowiec.pl\/ug\/wp-content\/uploads\/2023\/06\/energy-g3614ee03e_1280.jpg","date_formated":"2025-02-03","yoast_head":"<!-- This site is optimized with the Yoast SEO plugin v27.5 - https:\/\/yoast.com\/product\/yoast-seo-wordpress\/ -->\n<title>PLANOWANE WY\u0141\u0104CZENIA ENERGII - GMINA GRABOWIEC<\/title>\n<meta name=\"robots\" content=\"index, follow, max-snippet:-1, max-image-preview:large, max-video-preview:-1\" \/>\n<link rel=\"canonical\" href=\"https:\/\/grabowiec.pl\/ug\/index.php\/2025\/02\/03\/planowane-wylaczenia-energii-3\/\" \/>\n<meta property=\"og:locale\" content=\"pl_PL\" \/>\n<meta property=\"og:type\" content=\"article\" \/>\n<meta property=\"og:title\" content=\"PLANOWANE WY\u0141\u0104CZENIA ENERGII - GMINA GRABOWIEC\" \/>\n<meta property=\"og:description\" content=\"DATA ROZPOCZ\u0118CIA DATA ZAKO\u0143CZENIA GODZINY OBSZAR STACJA Zamo\u015b\u0107 &#8211; Tomasz\u00f3w-Lubelski 2025-02-10 10:00 2025-02-10 15:00 5 &hellip;\" \/>\n<meta property=\"og:url\" content=\"https:\/\/grabowiec.pl\/ug\/index.php\/2025\/02\/03\/planowane-wylaczenia-energii-3\/\" \/>\n<meta property=\"og:site_name\" content=\"GMINA GRABOWIEC\" \/>\n<meta property=\"article:published_time\" content=\"2025-02-03T08:33:59+00:00\" \/>\n<meta property=\"article:modified_time\" content=\"2025-02-03T08:34:00+00:00\" \/>\n<meta property=\"og:image\" content=\"https:\/\/grabowiec.pl\/ug\/wp-content\/uploads\/2023\/06\/energy-g3614ee03e_1280.jpg\" \/>\n\t<meta property=\"og:image:width\" content=\"1280\" \/>\n\t<meta property=\"og:image:height\" content=\"853\" \/>\n\t<meta property=\"og:image:type\" content=\"image\/jpeg\" \/>\n<meta name=\"author\" content=\"GrabAdmin\" \/>\n<meta name=\"twitter:card\" content=\"summary_large_image\" \/>\n<meta name=\"twitter:label1\" content=\"Napisane przez\" \/>\n\t<meta name=\"twitter:data1\" content=\"GrabAdmin\" \/>\n\t<meta name=\"twitter:label2\" content=\"Szacowany czas czytania\" \/>\n\t<meta name=\"twitter:data2\" content=\"1 minuta\" \/>\n<script type=\"application\/ld+json\" class=\"yoast-schema-graph\">{\"@context\":\"https:\\\/\\\/schema.org\",\"@graph\":[{\"@type\":\"Article\",\"@id\":\"https:\\\/\\\/grabowiec.pl\\\/ug\\\/index.php\\\/2025\\\/02\\\/03\\\/planowane-wylaczenia-energii-3\\\/#article\",\"isPartOf\":{\"@id\":\"https:\\\/\\\/grabowiec.pl\\\/ug\\\/index.php\\\/2025\\\/02\\\/03\\\/planowane-wylaczenia-energii-3\\\/\"},\"author\":{\"name\":\"GrabAdmin\",\"@id\":\"https:\\\/\\\/grabowiec.pl\\\/ug\\\/#\\\/schema\\\/person\\\/5985d73d5ee31f074e8352f4782bdf99\"},\"headline\":\"PLANOWANE WY\u0141\u0104CZENIA ENERGII\",\"datePublished\":\"2025-02-03T08:33:59+00:00\",\"dateModified\":\"2025-02-03T08:34:00+00:00\",\"mainEntityOfPage\":{\"@id\":\"https:\\\/\\\/grabowiec.pl\\\/ug\\\/index.php\\\/2025\\\/02\\\/03\\\/planowane-wylaczenia-energii-3\\\/\"},\"wordCount\":115,\"publisher\":{\"@id\":\"https:\\\/\\\/grabowiec.pl\\\/ug\\\/#organization\"},\"image\":{\"@id\":\"https:\\\/\\\/grabowiec.pl\\\/ug\\\/index.php\\\/2025\\\/02\\\/03\\\/planowane-wylaczenia-energii-3\\\/#primaryimage\"},\"thumbnailUrl\":\"https:\\\/\\\/grabowiec.pl\\\/ug\\\/wp-content\\\/uploads\\\/2023\\\/06\\\/energy-g3614ee03e_1280.jpg\",\"articleSection\":[\"OG\u0141OSZENIA\"],\"inLanguage\":\"pl-PL\"},{\"@type\":\"WebPage\",\"@id\":\"https:\\\/\\\/grabowiec.pl\\\/ug\\\/index.php\\\/2025\\\/02\\\/03\\\/planowane-wylaczenia-energii-3\\\/\",\"url\":\"https:\\\/\\\/grabowiec.pl\\\/ug\\\/index.php\\\/2025\\\/02\\\/03\\\/planowane-wylaczenia-energii-3\\\/\",\"name\":\"PLANOWANE WY\u0141\u0104CZENIA ENERGII - GMINA GRABOWIEC\",\"isPartOf\":{\"@id\":\"https:\\\/\\\/grabowiec.pl\\\/ug\\\/#website\"},\"primaryImageOfPage\":{\"@id\":\"https:\\\/\\\/grabowiec.pl\\\/ug\\\/index.php\\\/2025\\\/02\\\/03\\\/planowane-wylaczenia-energii-3\\\/#primaryimage\"},\"image\":{\"@id\":\"https:\\\/\\\/grabowiec.pl\\\/ug\\\/index.php\\\/2025\\\/02\\\/03\\\/planowane-wylaczenia-energii-3\\\/#primaryimage\"},\"thumbnailUrl\":\"https:\\\/\\\/grabowiec.pl\\\/ug\\\/wp-content\\\/uploads\\\/2023\\\/06\\\/energy-g3614ee03e_1280.jpg\",\"datePublished\":\"2025-02-03T08:33:59+00:00\",\"dateModified\":\"2025-02-03T08:34:00+00:00\",\"breadcrumb\":{\"@id\":\"https:\\\/\\\/grabowiec.pl\\\/ug\\\/index.php\\\/2025\\\/02\\\/03\\\/planowane-wylaczenia-energii-3\\\/#breadcrumb\"},\"inLanguage\":\"pl-PL\",\"potentialAction\":[{\"@type\":\"ReadAction\",\"target\":[\"https:\\\/\\\/grabowiec.pl\\\/ug\\\/index.php\\\/2025\\\/02\\\/03\\\/planowane-wylaczenia-energii-3\\\/\"]}]},{\"@type\":\"ImageObject\",\"inLanguage\":\"pl-PL\",\"@id\":\"https:\\\/\\\/grabowiec.pl\\\/ug\\\/index.php\\\/2025\\\/02\\\/03\\\/planowane-wylaczenia-energii-3\\\/#primaryimage\",\"url\":\"https:\\\/\\\/grabowiec.pl\\\/ug\\\/wp-content\\\/uploads\\\/2023\\\/06\\\/energy-g3614ee03e_1280.jpg\",\"contentUrl\":\"https:\\\/\\\/grabowiec.pl\\\/ug\\\/wp-content\\\/uploads\\\/2023\\\/06\\\/energy-g3614ee03e_1280.jpg\",\"width\":1280,\"height\":853},{\"@type\":\"BreadcrumbList\",\"@id\":\"https:\\\/\\\/grabowiec.pl\\\/ug\\\/index.php\\\/2025\\\/02\\\/03\\\/planowane-wylaczenia-energii-3\\\/#breadcrumb\",\"itemListElement\":[{\"@type\":\"ListItem\",\"position\":1,\"name\":\"Strona g\u0142\u00f3wna\",\"item\":\"https:\\\/\\\/grabowiec.pl\\\/ug\\\/\"},{\"@type\":\"ListItem\",\"position\":2,\"name\":\"PLANOWANE WY\u0141\u0104CZENIA ENERGII\"}]},{\"@type\":\"WebSite\",\"@id\":\"https:\\\/\\\/grabowiec.pl\\\/ug\\\/#website\",\"url\":\"https:\\\/\\\/grabowiec.pl\\\/ug\\\/\",\"name\":\"GMINA GRABOWIEC\",\"description\":\"\",\"publisher\":{\"@id\":\"https:\\\/\\\/grabowiec.pl\\\/ug\\\/#organization\"},\"potentialAction\":[{\"@type\":\"SearchAction\",\"target\":{\"@type\":\"EntryPoint\",\"urlTemplate\":\"https:\\\/\\\/grabowiec.pl\\\/ug\\\/?s={search_term_string}\"},\"query-input\":{\"@type\":\"PropertyValueSpecification\",\"valueRequired\":true,\"valueName\":\"search_term_string\"}}],\"inLanguage\":\"pl-PL\"},{\"@type\":\"Organization\",\"@id\":\"https:\\\/\\\/grabowiec.pl\\\/ug\\\/#organization\",\"name\":\"GMINA GRABOWIEC\",\"url\":\"https:\\\/\\\/grabowiec.pl\\\/ug\\\/\",\"logo\":{\"@type\":\"ImageObject\",\"inLanguage\":\"pl-PL\",\"@id\":\"https:\\\/\\\/grabowiec.pl\\\/ug\\\/#\\\/schema\\\/logo\\\/image\\\/\",\"url\":\"https:\\\/\\\/grabowiec.pl\\\/ug\\\/wp-content\\\/uploads\\\/2023\\\/02\\\/grab-herb.png\",\"contentUrl\":\"https:\\\/\\\/grabowiec.pl\\\/ug\\\/wp-content\\\/uploads\\\/2023\\\/02\\\/grab-herb.png\",\"width\":500,\"height\":600,\"caption\":\"GMINA GRABOWIEC\"},\"image\":{\"@id\":\"https:\\\/\\\/grabowiec.pl\\\/ug\\\/#\\\/schema\\\/logo\\\/image\\\/\"}},{\"@type\":\"Person\",\"@id\":\"https:\\\/\\\/grabowiec.pl\\\/ug\\\/#\\\/schema\\\/person\\\/5985d73d5ee31f074e8352f4782bdf99\",\"name\":\"GrabAdmin\",\"image\":{\"@type\":\"ImageObject\",\"inLanguage\":\"pl-PL\",\"@id\":\"https:\\\/\\\/secure.gravatar.com\\\/avatar\\\/d282d70901c093d417c40ef93cb537ed734f8c89a218e980f2eb8806fb2268e4?s=96&d=mm&r=g\",\"url\":\"https:\\\/\\\/secure.gravatar.com\\\/avatar\\\/d282d70901c093d417c40ef93cb537ed734f8c89a218e980f2eb8806fb2268e4?s=96&d=mm&r=g\",\"contentUrl\":\"https:\\\/\\\/secure.gravatar.com\\\/avatar\\\/d282d70901c093d417c40ef93cb537ed734f8c89a218e980f2eb8806fb2268e4?s=96&d=mm&r=g\",\"caption\":\"GrabAdmin\"},\"sameAs\":[\"http:\\\/\\\/grabowiec.pl\\\/ug\"],\"url\":\"https:\\\/\\\/grabowiec.pl\\\/ug\\\/index.php\\\/author\\\/grabadmin\\\/\"}]}<\/script>\n<!-- \/ Yoast SEO plugin. -->","yoast_head_json":{"title":"PLANOWANE WY\u0141\u0104CZENIA ENERGII - GMINA GRABOWIEC","robots":{"index":"index","follow":"follow","max-snippet":"max-snippet:-1","max-image-preview":"max-image-preview:large","max-video-preview":"max-video-preview:-1"},"canonical":"https:\/\/grabowiec.pl\/ug\/index.php\/2025\/02\/03\/planowane-wylaczenia-energii-3\/","og_locale":"pl_PL","og_type":"article","og_title":"PLANOWANE WY\u0141\u0104CZENIA ENERGII - GMINA GRABOWIEC","og_description":"DATA ROZPOCZ\u0118CIA DATA ZAKO\u0143CZENIA GODZINY OBSZAR STACJA Zamo\u015b\u0107 &#8211; Tomasz\u00f3w-Lubelski 2025-02-10 10:00 2025-02-10 15:00 5 &hellip;","og_url":"https:\/\/grabowiec.pl\/ug\/index.php\/2025\/02\/03\/planowane-wylaczenia-energii-3\/","og_site_name":"GMINA GRABOWIEC","article_published_time":"2025-02-03T08:33:59+00:00","article_modified_time":"2025-02-03T08:34:00+00:00","og_image":[{"width":1280,"height":853,"url":"https:\/\/grabowiec.pl\/ug\/wp-content\/uploads\/2023\/06\/energy-g3614ee03e_1280.jpg","type":"image\/jpeg"}],"author":"GrabAdmin","twitter_card":"summary_large_image","twitter_misc":{"Napisane przez":"GrabAdmin","Szacowany czas czytania":"1 minuta"},"schema":{"@context":"https:\/\/schema.org","@graph":[{"@type":"Article","@id":"https:\/\/grabowiec.pl\/ug\/index.php\/2025\/02\/03\/planowane-wylaczenia-energii-3\/#article","isPartOf":{"@id":"https:\/\/grabowiec.pl\/ug\/index.php\/2025\/02\/03\/planowane-wylaczenia-energii-3\/"},"author":{"name":"GrabAdmin","@id":"https:\/\/grabowiec.pl\/ug\/#\/schema\/person\/5985d73d5ee31f074e8352f4782bdf99"},"headline":"PLANOWANE WY\u0141\u0104CZENIA ENERGII","datePublished":"2025-02-03T08:33:59+00:00","dateModified":"2025-02-03T08:34:00+00:00","mainEntityOfPage":{"@id":"https:\/\/grabowiec.pl\/ug\/index.php\/2025\/02\/03\/planowane-wylaczenia-energii-3\/"},"wordCount":115,"publisher":{"@id":"https:\/\/grabowiec.pl\/ug\/#organization"},"image":{"@id":"https:\/\/grabowiec.pl\/ug\/index.php\/2025\/02\/03\/planowane-wylaczenia-energii-3\/#primaryimage"},"thumbnailUrl":"https:\/\/grabowiec.pl\/ug\/wp-content\/uploads\/2023\/06\/energy-g3614ee03e_1280.jpg","articleSection":["OG\u0141OSZENIA"],"inLanguage":"pl-PL"},{"@type":"WebPage","@id":"https:\/\/grabowiec.pl\/ug\/index.php\/2025\/02\/03\/planowane-wylaczenia-energii-3\/","url":"https:\/\/grabowiec.pl\/ug\/index.php\/2025\/02\/03\/planowane-wylaczenia-energii-3\/","name":"PLANOWANE WY\u0141\u0104CZENIA ENERGII - GMINA GRABOWIEC","isPartOf":{"@id":"https:\/\/grabowiec.pl\/ug\/#website"},"primaryImageOfPage":{"@id":"https:\/\/grabowiec.pl\/ug\/index.php\/2025\/02\/03\/planowane-wylaczenia-energii-3\/#primaryimage"},"image":{"@id":"https:\/\/grabowiec.pl\/ug\/index.php\/2025\/02\/03\/planowane-wylaczenia-energii-3\/#primaryimage"},"thumbnailUrl":"https:\/\/grabowiec.pl\/ug\/wp-content\/uploads\/2023\/06\/energy-g3614ee03e_1280.jpg","datePublished":"2025-02-03T08:33:59+00:00","dateModified":"2025-02-03T08:34:00+00:00","breadcrumb":{"@id":"https:\/\/grabowiec.pl\/ug\/index.php\/2025\/02\/03\/planowane-wylaczenia-energii-3\/#breadcrumb"},"inLanguage":"pl-PL","potentialAction":[{"@type":"ReadAction","target":["https:\/\/grabowiec.pl\/ug\/index.php\/2025\/02\/03\/planowane-wylaczenia-energii-3\/"]}]},{"@type":"ImageObject","inLanguage":"pl-PL","@id":"https:\/\/grabowiec.pl\/ug\/index.php\/2025\/02\/03\/planowane-wylaczenia-energii-3\/#primaryimage","url":"https:\/\/grabowiec.pl\/ug\/wp-content\/uploads\/2023\/06\/energy-g3614ee03e_1280.jpg","contentUrl":"https:\/\/grabowiec.pl\/ug\/wp-content\/uploads\/2023\/06\/energy-g3614ee03e_1280.jpg","width":1280,"height":853},{"@type":"BreadcrumbList","@id":"https:\/\/grabowiec.pl\/ug\/index.php\/2025\/02\/03\/planowane-wylaczenia-energii-3\/#breadcrumb","itemListElement":[{"@type":"ListItem","position":1,"name":"Strona g\u0142\u00f3wna","item":"https:\/\/grabowiec.pl\/ug\/"},{"@type":"ListItem","position":2,"name":"PLANOWANE WY\u0141\u0104CZENIA ENERGII"}]},{"@type":"WebSite","@id":"https:\/\/grabowiec.pl\/ug\/#website","url":"https:\/\/grabowiec.pl\/ug\/","name":"GMINA GRABOWIEC","description":"","publisher":{"@id":"https:\/\/grabowiec.pl\/ug\/#organization"},"potentialAction":[{"@type":"SearchAction","target":{"@type":"EntryPoint","urlTemplate":"https:\/\/grabowiec.pl\/ug\/?s={search_term_string}"},"query-input":{"@type":"PropertyValueSpecification","valueRequired":true,"valueName":"search_term_string"}}],"inLanguage":"pl-PL"},{"@type":"Organization","@id":"https:\/\/grabowiec.pl\/ug\/#organization","name":"GMINA GRABOWIEC","url":"https:\/\/grabowiec.pl\/ug\/","logo":{"@type":"ImageObject","inLanguage":"pl-PL","@id":"https:\/\/grabowiec.pl\/ug\/#\/schema\/logo\/image\/","url":"https:\/\/grabowiec.pl\/ug\/wp-content\/uploads\/2023\/02\/grab-herb.png","contentUrl":"https:\/\/grabowiec.pl\/ug\/wp-content\/uploads\/2023\/02\/grab-herb.png","width":500,"height":600,"caption":"GMINA GRABOWIEC"},"image":{"@id":"https:\/\/grabowiec.pl\/ug\/#\/schema\/logo\/image\/"}},{"@type":"Person","@id":"https:\/\/grabowiec.pl\/ug\/#\/schema\/person\/5985d73d5ee31f074e8352f4782bdf99","name":"GrabAdmin","image":{"@type":"ImageObject","inLanguage":"pl-PL","@id":"https:\/\/secure.gravatar.com\/avatar\/d282d70901c093d417c40ef93cb537ed734f8c89a218e980f2eb8806fb2268e4?s=96&d=mm&r=g","url":"https:\/\/secure.gravatar.com\/avatar\/d282d70901c093d417c40ef93cb537ed734f8c89a218e980f2eb8806fb2268e4?s=96&d=mm&r=g","contentUrl":"https:\/\/secure.gravatar.com\/avatar\/d282d70901c093d417c40ef93cb537ed734f8c89a218e980f2eb8806fb2268e4?s=96&d=mm&r=g","caption":"GrabAdmin"},"sameAs":["http:\/\/grabowiec.pl\/ug"],"url":"https:\/\/grabowiec.pl\/ug\/index.php\/author\/grabadmin\/"}]}},"_links":{"self":[{"href":"https:\/\/grabowiec.pl\/ug\/index.php\/wp-json\/wp\/v2\/posts\/4243","targetHints":{"allow":["GET"]}}],"collection":[{"href":"https:\/\/grabowiec.pl\/ug\/index.php\/wp-json\/wp\/v2\/posts"}],"about":[{"href":"https:\/\/grabowiec.pl\/ug\/index.php\/wp-json\/wp\/v2\/types\/post"}],"author":[{"embeddable":true,"href":"https:\/\/grabowiec.pl\/ug\/index.php\/wp-json\/wp\/v2\/users\/1"}],"replies":[{"embeddable":true,"href":"https:\/\/grabowiec.pl\/ug\/index.php\/wp-json\/wp\/v2\/comments?post=4243"}],"version-history":[{"count":1,"href":"https:\/\/grabowiec.pl\/ug\/index.php\/wp-json\/wp\/v2\/posts\/4243\/revisions"}],"predecessor-version":[{"id":4244,"href":"https:\/\/grabowiec.pl\/ug\/index.php\/wp-json\/wp\/v2\/posts\/4243\/revisions\/4244"}],"wp:featuredmedia":[{"embeddable":true,"href":"https:\/\/grabowiec.pl\/ug\/index.php\/wp-json\/wp\/v2\/media\/1759"}],"wp:attachment":[{"href":"https:\/\/grabowiec.pl\/ug\/index.php\/wp-json\/wp\/v2\/media?parent=4243"}],"wp:term":[{"taxonomy":"category","embeddable":true,"href":"https:\/\/grabowiec.pl\/ug\/index.php\/wp-json\/wp\/v2\/categories?post=4243"},{"taxonomy":"post_tag","embeddable":true,"href":"https:\/\/grabowiec.pl\/ug\/index.php\/wp-json\/wp\/v2\/tags?post=4243"}],"curies":[{"name":"wp","href":"https:\/\/api.w.org\/{rel}","templated":true}]}}