{"id":4393,"date":"2025-03-10T12:56:44","date_gmt":"2025-03-10T11:56:44","guid":{"rendered":"https:\/\/grabowiec.pl\/ug\/?p=4393"},"modified":"2025-03-10T12:56:45","modified_gmt":"2025-03-10T11:56:45","slug":"vi-wojewodzki-konkurs-na-palme-i-pisanke-wielkanocna","status":"publish","type":"post","link":"https:\/\/grabowiec.pl\/ug\/index.php\/2025\/03\/10\/vi-wojewodzki-konkurs-na-palme-i-pisanke-wielkanocna\/","title":{"rendered":"VI Wojew\u00f3dzki Konkurs na Palm\u0119 i Pisank\u0119 Wielkanocn\u0105"},"content":{"rendered":"\n<figure class=\"wp-block-image size-full is-resized\"><img loading=\"lazy\" decoding=\"async\" width=\"1200\" height=\"628\" src=\"https:\/\/grabowiec.pl\/ug\/wp-content\/uploads\/2025\/03\/VI-Palma-i-pisanka_ze-skansenem_4.png\" alt=\"\" class=\"wp-image-4396\" style=\"width:1294px;height:auto\" srcset=\"https:\/\/grabowiec.pl\/ug\/wp-content\/uploads\/2025\/03\/VI-Palma-i-pisanka_ze-skansenem_4.png 1200w, https:\/\/grabowiec.pl\/ug\/wp-content\/uploads\/2025\/03\/VI-Palma-i-pisanka_ze-skansenem_4-300x157.png 300w, https:\/\/grabowiec.pl\/ug\/wp-content\/uploads\/2025\/03\/VI-Palma-i-pisanka_ze-skansenem_4-1024x536.png 1024w, https:\/\/grabowiec.pl\/ug\/wp-content\/uploads\/2025\/03\/VI-Palma-i-pisanka_ze-skansenem_4-768x402.png 768w, https:\/\/grabowiec.pl\/ug\/wp-content\/uploads\/2025\/03\/VI-Palma-i-pisanka_ze-skansenem_4-388x203.png 388w\" sizes=\"auto, (max-width: 1200px) 100vw, 1200px\" \/><\/figure>\n\n\n\n<p><strong>Og\u0142aszamy VI Wojew\u00f3dzki Konkurs na Palm\u0119 i Pisank\u0119 Wielkanocn\u0105. Konkurs jest zach\u0119t\u0105 do zaprezentowania naszego wsp\u00f3lnego dziedzictwa, wielopokoleniowych tradycji oraz pi\u0119kna regionalnego folkloru. Prace mo\u017cna zg\u0142asza\u0107 do 20 marca br.<\/strong><\/p>\n\n\n\n<p>Do udzia\u0142u w Konkursie zapraszamy w szczeg\u00f3lno\u015bci tw\u00f3rc\u00f3w ludowych, r\u0119kodzielnik\u00f3w, artyst\u00f3w plastyk\u00f3w, cz\u0142onkinie k\u00f3\u0142 gospody\u0144 wiejskich, a tak\u017ce dzieci i&nbsp;m\u0142odzie\u017c szkoln\u0105. Uczestnikiem konkursu mo\u017ce zosta\u0107 ka\u017cdy mieszkaniec wojew\u00f3dztwa lubelskiego, kt\u00f3rego praca zostanie zakwalifikowana przez miejscowy Urz\u0105d Gminy lub wyznaczon\u0105 przez ten urz\u0105d gminn\u0105 instytucj\u0119 kultury znajduj\u0105c\u0105 si\u0119 na terenie wojew\u00f3dztwa lubelskiego.<\/p>\n\n\n\n<p>G\u0142\u00f3wnym celem by\u0142o ocalenie od zapomnienia typowych dla regionu form tw\u00f3rczo\u015bci ludowej poprzez popularyzowanie wiedzy na temat symboliki i znaczenia pisanki oraz palmy w polskiej obrz\u0119dowo\u015bci ludowej, poszerzenie wiedzy na temat polskich zwyczaj\u00f3w \u015bwi\u0105tecznych oraz tradycyjnych technik wyrobu palm i pisanek, a tak\u017ce powr\u00f3t do tradycji zwi\u0105zanych z&nbsp;okresem wielkanocnym. To tak\u017ce szansa na upowszechnianie tradycji i folkloru zwi\u0105zanego z tematyk\u0105 \u015awi\u0105t Wielkanocnych oraz&nbsp; aktywizacja mieszka\u0144c\u00f3w wojew\u00f3dztwa lubelskiego.<\/p>\n\n\n\n<blockquote class=\"wp-block-quote is-layout-flow wp-block-quote-is-layout-flow\">\n<p>\u2013 <em>Zwyczaj w\u0142asnor\u0119cznego tworzenia pisanek i palm wielkanocnych powoli ju\u017c zanika, wypychany przez produkty wykonane masowo. Ten konkurs to nie tylko przypomnienie najpi\u0119kniejszych tradycji, ale te\u017c mo\u017cliwo\u015b\u0107 zjednoczenia kilku pokole\u0144 przy wsp\u00f3lnym tworzeniu prac, rozm\u00f3w o naszej historii i kulturze, naszych przodkach. Szczerze zach\u0119cam do udzia\u0142u w konkursie<\/em> \u2013 <strong>powiedzia\u0142 marsza\u0142ek Jaros\u0142aw Stawiarski.<\/strong><\/p>\n<\/blockquote>\n\n\n\n<p>Konkurs zosta\u0142 podzielony na cztery kategorie:<\/p>\n\n\n\n<ol class=\"wp-block-list\">\n<li><strong>pisanka<\/strong> wielkanocna wykonana technik\u0105 TRADYCYJN\u0104,<\/li>\n\n\n\n<li><strong>pisanka<\/strong> wielkanocna wykonana technik\u0105 WSP\u00d3\u0141CZESN\u0104,<\/li>\n\n\n\n<li><strong>palma<\/strong> wielkanocna wykonana technik\u0105 TRADYCYJN\u0104,<\/li>\n\n\n\n<li><strong>palma<\/strong> wielkanocna wykonana technik\u0105 WSP\u00d3\u0141CZESN\u0104.<\/li>\n<\/ol>\n\n\n\n<h3 class=\"wp-block-heading\"><strong>Kategorie wiekowe<\/strong><\/h3>\n\n\n\n<p>W ka\u017cdej kategorii wyr\u00f3\u017cnimy laureat\u00f3w w dw\u00f3ch kategoriach wiekowych: oddzielnie dzieci i m\u0142odzie\u017c do 18. roku \u017cycia, a oddzielnie doro\u015bli.<\/p>\n\n\n\n<h3 class=\"wp-block-heading\"><strong>Terminy<\/strong><\/h3>\n\n\n\n<p>Prace mo\u017cna zg\u0142asza\u0107 do 20 marca. Prace konkursowe nale\u017cy sk\u0142ada\u0107 w dniach 24-27 marca br. Fina\u0142 konkursu wraz z og\u0142oszeniem wynik\u00f3w odb\u0119dzie si\u0119 6 kwietnia br. o&nbsp;godz. 12:00 we Foyer Sali Operowej Centrum Spotkania Kultur w Lublinie.<\/p>\n\n\n\n<p><strong>Kontakt<\/strong><\/p>\n\n\n\n<p><strong>Magdalena Kleszcz, Julia Majer<\/strong><\/p>\n\n\n\n<p>Specjalistki ds. edukacji kulturalnej Biura WOK CSK<\/p>\n\n\n\n<ul class=\"wp-block-list\">\n<li><a href=\"mailto:konkurs.palma.pisanka@csklublin.pl\">konkurs.palma.pisanka@csklublin.pl<\/a><\/li>\n\n\n\n<li>tel. 81 441 56 53 | 81 441 56 54<\/li>\n<\/ul>\n\n\n\n<p><strong>Szczepan Zakrzewski<\/strong><\/p>\n\n\n\n<p>p.o. Kierownik Dzia\u0142u Edukacji i Promocji Muzeum Wsi Lubelskiej w Lublinie<\/p>\n\n\n\n<ul class=\"wp-block-list\">\n<li><a href=\"mailto:szczepan.zakrzewski@skansen.lublin.pl\">szczepan.zakrzewski@skansen.lublin.pl<\/a><\/li>\n\n\n\n<li>tel. 533 110 920<\/li>\n<\/ul>\n\n\n\n<p><strong>Biuro Wojew\u00f3dzkiego O\u015brodka Kultury Centrum Spotkania Kultur w Lublinie<\/strong><\/p>\n\n\n\n<ul class=\"wp-block-list\">\n<li><a href=\"mailto:konkurs.palma.pisanka@csklublin.pl\">konkurs.palma.pisanka@csklublin.pl<\/a><\/li>\n\n\n\n<li>tel. 81 441 56 60<\/li>\n<\/ul>\n\n\n\n<hr class=\"wp-block-separator has-alpha-channel-opacity\"\/>\n\n\n\n<p>W ubieg\u0142ym roku do konkursu wp\u0142yn\u0119\u0142y 463 prace ze 106 gmin. Fina\u0142 V Wojew\u00f3dzkiego Konkursu na Palm\u0119 i Pisank\u0119 Wielkanocn\u0105 odby\u0142 si\u0119 23 marca 2024.<\/p>\n\n\n\n<p>Organizatorem wydarzenia jest Centrum Spotkania Kultur w Lublinie, a wsp\u00f3\u0142organizatorami Urz\u0105d Marsza\u0142kowski Wojew\u00f3dztwa Lubelskiego w Lublinie i Muzeum Wsi Lubelskiej.<\/p>\n\n\n\n<h3 class=\"wp-block-heading\"><img loading=\"lazy\" decoding=\"async\" src=\"https:\/\/www.lubelskie.pl\/wp-content\/uploads\/2016\/11\/DO-POPBRANIA-3.png\" alt=\"do-pobrania\" width=\"26\" height=\"23\">DO POBRANIA<\/h3>\n\n\n\n<p><a href=\"https:\/\/www.lubelskie.pl\/wp-content\/uploads\/2025\/03\/zal.-nr-2_Metryczka.pdf\" target=\"_blank\" rel=\"noreferrer noopener\">Metryczka do pracy konkursowej do VI. Wojew\u00f3dzkiego Konkursu na Palm\u0119 i Pisank\u0119 Wielkanocn\u0105<\/a> (link otwiera si\u0119 w nowym oknie)<br><\/p>\n\n\n\n<p><a href=\"https:\/\/www.lubelskie.pl\/wp-content\/uploads\/2025\/03\/REGULAMIN-VI.-Wojewodzkiego-Konkursu-na-Palme-i-Pisanke-Wielkanocna.pdf\" target=\"_blank\" rel=\"noreferrer noopener\">Regulamin VI. Wojew\u00f3dzkiego Konkursu na Palm\u0119 i Pisank\u0119 Wielkanocn\u0105<\/a> (link otwiera si\u0119 w nowym oknie)<\/p>\n\n\n\n<p><a href=\"https:\/\/www.lubelskie.pl\/wp-content\/uploads\/2025\/03\/Zal.-nr-1_Karta_Zgloszenia.pdf\" target=\"_blank\" rel=\"noreferrer noopener\">Karta zg\u0142oszenia do VI. Wojew\u00f3dzkiego Konkursu na Palm\u0119 i Pisank\u0119 Wielkanocn\u0105<\/a> (link otwiera si\u0119 w nowym oknie)<\/p>\n","protected":false},"excerpt":{"rendered":"<p>Og\u0142aszamy VI Wojew\u00f3dzki Konkurs na Palm\u0119 i Pisank\u0119 Wielkanocn\u0105. Konkurs jest zach\u0119t\u0105 do zaprezentowania naszego &hellip;<\/p>\n","protected":false},"author":1,"featured_media":4396,"comment_status":"closed","ping_status":"closed","sticky":false,"template":"","format":"standard","meta":{"footnotes":""},"categories":[9],"tags":[],"class_list":["post-4393","post","type-post","status-publish","format-standard","has-post-thumbnail","hentry","category-ogloszenia"],"author_data":{"name":"GrabAdmin","url":"https:\/\/grabowiec.pl\/ug\/index.php\/author\/grabadmin\/"},"excerpt_data":"Og\u0142aszamy VI Wojew\u00f3dzki Konkurs na Palm\u0119 i Pisank\u0119 Wielkanocn\u0105. Konkurs jest zach\u0119t\u0105 do zaprezentowania naszego...","categories_data":{"9":{"term_id":9,"name":"OG\u0141OSZENIA","slug":"ogloszenia","term_group":0,"term_taxonomy_id":9,"taxonomy":"category","description":"","parent":0,"count":160,"filter":"raw","cat_ID":9,"category_count":160,"category_description":"","cat_name":"OG\u0141OSZENIA","category_nicename":"ogloszenia","category_parent":0}},"featured_image_src":"https:\/\/grabowiec.pl\/ug\/wp-content\/uploads\/2025\/03\/VI-Palma-i-pisanka_ze-skansenem_4.png","date_formated":"2025-03-10","yoast_head":"<!-- This site is optimized with the Yoast SEO plugin v27.5 - https:\/\/yoast.com\/product\/yoast-seo-wordpress\/ -->\n<title>VI Wojew\u00f3dzki Konkurs na Palm\u0119 i Pisank\u0119 Wielkanocn\u0105 - GMINA GRABOWIEC<\/title>\n<meta name=\"robots\" content=\"index, follow, max-snippet:-1, max-image-preview:large, max-video-preview:-1\" \/>\n<link rel=\"canonical\" href=\"https:\/\/grabowiec.pl\/ug\/index.php\/2025\/03\/10\/vi-wojewodzki-konkurs-na-palme-i-pisanke-wielkanocna\/\" \/>\n<meta property=\"og:locale\" content=\"pl_PL\" \/>\n<meta property=\"og:type\" content=\"article\" \/>\n<meta property=\"og:title\" content=\"VI Wojew\u00f3dzki Konkurs na Palm\u0119 i Pisank\u0119 Wielkanocn\u0105 - GMINA GRABOWIEC\" \/>\n<meta property=\"og:description\" content=\"Og\u0142aszamy VI Wojew\u00f3dzki Konkurs na Palm\u0119 i Pisank\u0119 Wielkanocn\u0105. Konkurs jest zach\u0119t\u0105 do zaprezentowania naszego &hellip;\" \/>\n<meta property=\"og:url\" content=\"https:\/\/grabowiec.pl\/ug\/index.php\/2025\/03\/10\/vi-wojewodzki-konkurs-na-palme-i-pisanke-wielkanocna\/\" \/>\n<meta property=\"og:site_name\" content=\"GMINA GRABOWIEC\" \/>\n<meta property=\"article:published_time\" content=\"2025-03-10T11:56:44+00:00\" \/>\n<meta property=\"article:modified_time\" content=\"2025-03-10T11:56:45+00:00\" \/>\n<meta property=\"og:image\" content=\"https:\/\/grabowiec.pl\/ug\/wp-content\/uploads\/2025\/03\/VI-Palma-i-pisanka_ze-skansenem_4.png\" \/>\n\t<meta property=\"og:image:width\" content=\"1200\" \/>\n\t<meta property=\"og:image:height\" content=\"628\" \/>\n\t<meta property=\"og:image:type\" content=\"image\/png\" \/>\n<meta name=\"author\" content=\"GrabAdmin\" \/>\n<meta name=\"twitter:card\" content=\"summary_large_image\" \/>\n<meta name=\"twitter:label1\" content=\"Napisane przez\" \/>\n\t<meta name=\"twitter:data1\" content=\"GrabAdmin\" \/>\n\t<meta name=\"twitter:label2\" content=\"Szacowany czas czytania\" \/>\n\t<meta name=\"twitter:data2\" content=\"3 minuty\" \/>\n<script type=\"application\/ld+json\" class=\"yoast-schema-graph\">{\"@context\":\"https:\\\/\\\/schema.org\",\"@graph\":[{\"@type\":\"Article\",\"@id\":\"https:\\\/\\\/grabowiec.pl\\\/ug\\\/index.php\\\/2025\\\/03\\\/10\\\/vi-wojewodzki-konkurs-na-palme-i-pisanke-wielkanocna\\\/#article\",\"isPartOf\":{\"@id\":\"https:\\\/\\\/grabowiec.pl\\\/ug\\\/index.php\\\/2025\\\/03\\\/10\\\/vi-wojewodzki-konkurs-na-palme-i-pisanke-wielkanocna\\\/\"},\"author\":{\"name\":\"GrabAdmin\",\"@id\":\"https:\\\/\\\/grabowiec.pl\\\/ug\\\/#\\\/schema\\\/person\\\/5985d73d5ee31f074e8352f4782bdf99\"},\"headline\":\"VI Wojew\u00f3dzki Konkurs na Palm\u0119 i Pisank\u0119 Wielkanocn\u0105\",\"datePublished\":\"2025-03-10T11:56:44+00:00\",\"dateModified\":\"2025-03-10T11:56:45+00:00\",\"mainEntityOfPage\":{\"@id\":\"https:\\\/\\\/grabowiec.pl\\\/ug\\\/index.php\\\/2025\\\/03\\\/10\\\/vi-wojewodzki-konkurs-na-palme-i-pisanke-wielkanocna\\\/\"},\"wordCount\":527,\"publisher\":{\"@id\":\"https:\\\/\\\/grabowiec.pl\\\/ug\\\/#organization\"},\"image\":{\"@id\":\"https:\\\/\\\/grabowiec.pl\\\/ug\\\/index.php\\\/2025\\\/03\\\/10\\\/vi-wojewodzki-konkurs-na-palme-i-pisanke-wielkanocna\\\/#primaryimage\"},\"thumbnailUrl\":\"https:\\\/\\\/grabowiec.pl\\\/ug\\\/wp-content\\\/uploads\\\/2025\\\/03\\\/VI-Palma-i-pisanka_ze-skansenem_4.png\",\"articleSection\":[\"OG\u0141OSZENIA\"],\"inLanguage\":\"pl-PL\"},{\"@type\":\"WebPage\",\"@id\":\"https:\\\/\\\/grabowiec.pl\\\/ug\\\/index.php\\\/2025\\\/03\\\/10\\\/vi-wojewodzki-konkurs-na-palme-i-pisanke-wielkanocna\\\/\",\"url\":\"https:\\\/\\\/grabowiec.pl\\\/ug\\\/index.php\\\/2025\\\/03\\\/10\\\/vi-wojewodzki-konkurs-na-palme-i-pisanke-wielkanocna\\\/\",\"name\":\"VI Wojew\u00f3dzki Konkurs na Palm\u0119 i Pisank\u0119 Wielkanocn\u0105 - GMINA GRABOWIEC\",\"isPartOf\":{\"@id\":\"https:\\\/\\\/grabowiec.pl\\\/ug\\\/#website\"},\"primaryImageOfPage\":{\"@id\":\"https:\\\/\\\/grabowiec.pl\\\/ug\\\/index.php\\\/2025\\\/03\\\/10\\\/vi-wojewodzki-konkurs-na-palme-i-pisanke-wielkanocna\\\/#primaryimage\"},\"image\":{\"@id\":\"https:\\\/\\\/grabowiec.pl\\\/ug\\\/index.php\\\/2025\\\/03\\\/10\\\/vi-wojewodzki-konkurs-na-palme-i-pisanke-wielkanocna\\\/#primaryimage\"},\"thumbnailUrl\":\"https:\\\/\\\/grabowiec.pl\\\/ug\\\/wp-content\\\/uploads\\\/2025\\\/03\\\/VI-Palma-i-pisanka_ze-skansenem_4.png\",\"datePublished\":\"2025-03-10T11:56:44+00:00\",\"dateModified\":\"2025-03-10T11:56:45+00:00\",\"breadcrumb\":{\"@id\":\"https:\\\/\\\/grabowiec.pl\\\/ug\\\/index.php\\\/2025\\\/03\\\/10\\\/vi-wojewodzki-konkurs-na-palme-i-pisanke-wielkanocna\\\/#breadcrumb\"},\"inLanguage\":\"pl-PL\",\"potentialAction\":[{\"@type\":\"ReadAction\",\"target\":[\"https:\\\/\\\/grabowiec.pl\\\/ug\\\/index.php\\\/2025\\\/03\\\/10\\\/vi-wojewodzki-konkurs-na-palme-i-pisanke-wielkanocna\\\/\"]}]},{\"@type\":\"ImageObject\",\"inLanguage\":\"pl-PL\",\"@id\":\"https:\\\/\\\/grabowiec.pl\\\/ug\\\/index.php\\\/2025\\\/03\\\/10\\\/vi-wojewodzki-konkurs-na-palme-i-pisanke-wielkanocna\\\/#primaryimage\",\"url\":\"https:\\\/\\\/grabowiec.pl\\\/ug\\\/wp-content\\\/uploads\\\/2025\\\/03\\\/VI-Palma-i-pisanka_ze-skansenem_4.png\",\"contentUrl\":\"https:\\\/\\\/grabowiec.pl\\\/ug\\\/wp-content\\\/uploads\\\/2025\\\/03\\\/VI-Palma-i-pisanka_ze-skansenem_4.png\",\"width\":1200,\"height\":628},{\"@type\":\"BreadcrumbList\",\"@id\":\"https:\\\/\\\/grabowiec.pl\\\/ug\\\/index.php\\\/2025\\\/03\\\/10\\\/vi-wojewodzki-konkurs-na-palme-i-pisanke-wielkanocna\\\/#breadcrumb\",\"itemListElement\":[{\"@type\":\"ListItem\",\"position\":1,\"name\":\"Strona g\u0142\u00f3wna\",\"item\":\"https:\\\/\\\/grabowiec.pl\\\/ug\\\/\"},{\"@type\":\"ListItem\",\"position\":2,\"name\":\"VI Wojew\u00f3dzki Konkurs na Palm\u0119 i Pisank\u0119 Wielkanocn\u0105\"}]},{\"@type\":\"WebSite\",\"@id\":\"https:\\\/\\\/grabowiec.pl\\\/ug\\\/#website\",\"url\":\"https:\\\/\\\/grabowiec.pl\\\/ug\\\/\",\"name\":\"GMINA GRABOWIEC\",\"description\":\"\",\"publisher\":{\"@id\":\"https:\\\/\\\/grabowiec.pl\\\/ug\\\/#organization\"},\"potentialAction\":[{\"@type\":\"SearchAction\",\"target\":{\"@type\":\"EntryPoint\",\"urlTemplate\":\"https:\\\/\\\/grabowiec.pl\\\/ug\\\/?s={search_term_string}\"},\"query-input\":{\"@type\":\"PropertyValueSpecification\",\"valueRequired\":true,\"valueName\":\"search_term_string\"}}],\"inLanguage\":\"pl-PL\"},{\"@type\":\"Organization\",\"@id\":\"https:\\\/\\\/grabowiec.pl\\\/ug\\\/#organization\",\"name\":\"GMINA GRABOWIEC\",\"url\":\"https:\\\/\\\/grabowiec.pl\\\/ug\\\/\",\"logo\":{\"@type\":\"ImageObject\",\"inLanguage\":\"pl-PL\",\"@id\":\"https:\\\/\\\/grabowiec.pl\\\/ug\\\/#\\\/schema\\\/logo\\\/image\\\/\",\"url\":\"https:\\\/\\\/grabowiec.pl\\\/ug\\\/wp-content\\\/uploads\\\/2023\\\/02\\\/grab-herb.png\",\"contentUrl\":\"https:\\\/\\\/grabowiec.pl\\\/ug\\\/wp-content\\\/uploads\\\/2023\\\/02\\\/grab-herb.png\",\"width\":500,\"height\":600,\"caption\":\"GMINA GRABOWIEC\"},\"image\":{\"@id\":\"https:\\\/\\\/grabowiec.pl\\\/ug\\\/#\\\/schema\\\/logo\\\/image\\\/\"}},{\"@type\":\"Person\",\"@id\":\"https:\\\/\\\/grabowiec.pl\\\/ug\\\/#\\\/schema\\\/person\\\/5985d73d5ee31f074e8352f4782bdf99\",\"name\":\"GrabAdmin\",\"image\":{\"@type\":\"ImageObject\",\"inLanguage\":\"pl-PL\",\"@id\":\"https:\\\/\\\/secure.gravatar.com\\\/avatar\\\/d282d70901c093d417c40ef93cb537ed734f8c89a218e980f2eb8806fb2268e4?s=96&d=mm&r=g\",\"url\":\"https:\\\/\\\/secure.gravatar.com\\\/avatar\\\/d282d70901c093d417c40ef93cb537ed734f8c89a218e980f2eb8806fb2268e4?s=96&d=mm&r=g\",\"contentUrl\":\"https:\\\/\\\/secure.gravatar.com\\\/avatar\\\/d282d70901c093d417c40ef93cb537ed734f8c89a218e980f2eb8806fb2268e4?s=96&d=mm&r=g\",\"caption\":\"GrabAdmin\"},\"sameAs\":[\"http:\\\/\\\/grabowiec.pl\\\/ug\"],\"url\":\"https:\\\/\\\/grabowiec.pl\\\/ug\\\/index.php\\\/author\\\/grabadmin\\\/\"}]}<\/script>\n<!-- \/ Yoast SEO plugin. -->","yoast_head_json":{"title":"VI Wojew\u00f3dzki Konkurs na Palm\u0119 i Pisank\u0119 Wielkanocn\u0105 - GMINA GRABOWIEC","robots":{"index":"index","follow":"follow","max-snippet":"max-snippet:-1","max-image-preview":"max-image-preview:large","max-video-preview":"max-video-preview:-1"},"canonical":"https:\/\/grabowiec.pl\/ug\/index.php\/2025\/03\/10\/vi-wojewodzki-konkurs-na-palme-i-pisanke-wielkanocna\/","og_locale":"pl_PL","og_type":"article","og_title":"VI Wojew\u00f3dzki Konkurs na Palm\u0119 i Pisank\u0119 Wielkanocn\u0105 - GMINA GRABOWIEC","og_description":"Og\u0142aszamy VI Wojew\u00f3dzki Konkurs na Palm\u0119 i Pisank\u0119 Wielkanocn\u0105. Konkurs jest zach\u0119t\u0105 do zaprezentowania naszego &hellip;","og_url":"https:\/\/grabowiec.pl\/ug\/index.php\/2025\/03\/10\/vi-wojewodzki-konkurs-na-palme-i-pisanke-wielkanocna\/","og_site_name":"GMINA GRABOWIEC","article_published_time":"2025-03-10T11:56:44+00:00","article_modified_time":"2025-03-10T11:56:45+00:00","og_image":[{"width":1200,"height":628,"url":"https:\/\/grabowiec.pl\/ug\/wp-content\/uploads\/2025\/03\/VI-Palma-i-pisanka_ze-skansenem_4.png","type":"image\/png"}],"author":"GrabAdmin","twitter_card":"summary_large_image","twitter_misc":{"Napisane przez":"GrabAdmin","Szacowany czas czytania":"3 minuty"},"schema":{"@context":"https:\/\/schema.org","@graph":[{"@type":"Article","@id":"https:\/\/grabowiec.pl\/ug\/index.php\/2025\/03\/10\/vi-wojewodzki-konkurs-na-palme-i-pisanke-wielkanocna\/#article","isPartOf":{"@id":"https:\/\/grabowiec.pl\/ug\/index.php\/2025\/03\/10\/vi-wojewodzki-konkurs-na-palme-i-pisanke-wielkanocna\/"},"author":{"name":"GrabAdmin","@id":"https:\/\/grabowiec.pl\/ug\/#\/schema\/person\/5985d73d5ee31f074e8352f4782bdf99"},"headline":"VI Wojew\u00f3dzki Konkurs na Palm\u0119 i Pisank\u0119 Wielkanocn\u0105","datePublished":"2025-03-10T11:56:44+00:00","dateModified":"2025-03-10T11:56:45+00:00","mainEntityOfPage":{"@id":"https:\/\/grabowiec.pl\/ug\/index.php\/2025\/03\/10\/vi-wojewodzki-konkurs-na-palme-i-pisanke-wielkanocna\/"},"wordCount":527,"publisher":{"@id":"https:\/\/grabowiec.pl\/ug\/#organization"},"image":{"@id":"https:\/\/grabowiec.pl\/ug\/index.php\/2025\/03\/10\/vi-wojewodzki-konkurs-na-palme-i-pisanke-wielkanocna\/#primaryimage"},"thumbnailUrl":"https:\/\/grabowiec.pl\/ug\/wp-content\/uploads\/2025\/03\/VI-Palma-i-pisanka_ze-skansenem_4.png","articleSection":["OG\u0141OSZENIA"],"inLanguage":"pl-PL"},{"@type":"WebPage","@id":"https:\/\/grabowiec.pl\/ug\/index.php\/2025\/03\/10\/vi-wojewodzki-konkurs-na-palme-i-pisanke-wielkanocna\/","url":"https:\/\/grabowiec.pl\/ug\/index.php\/2025\/03\/10\/vi-wojewodzki-konkurs-na-palme-i-pisanke-wielkanocna\/","name":"VI Wojew\u00f3dzki Konkurs na Palm\u0119 i Pisank\u0119 Wielkanocn\u0105 - GMINA GRABOWIEC","isPartOf":{"@id":"https:\/\/grabowiec.pl\/ug\/#website"},"primaryImageOfPage":{"@id":"https:\/\/grabowiec.pl\/ug\/index.php\/2025\/03\/10\/vi-wojewodzki-konkurs-na-palme-i-pisanke-wielkanocna\/#primaryimage"},"image":{"@id":"https:\/\/grabowiec.pl\/ug\/index.php\/2025\/03\/10\/vi-wojewodzki-konkurs-na-palme-i-pisanke-wielkanocna\/#primaryimage"},"thumbnailUrl":"https:\/\/grabowiec.pl\/ug\/wp-content\/uploads\/2025\/03\/VI-Palma-i-pisanka_ze-skansenem_4.png","datePublished":"2025-03-10T11:56:44+00:00","dateModified":"2025-03-10T11:56:45+00:00","breadcrumb":{"@id":"https:\/\/grabowiec.pl\/ug\/index.php\/2025\/03\/10\/vi-wojewodzki-konkurs-na-palme-i-pisanke-wielkanocna\/#breadcrumb"},"inLanguage":"pl-PL","potentialAction":[{"@type":"ReadAction","target":["https:\/\/grabowiec.pl\/ug\/index.php\/2025\/03\/10\/vi-wojewodzki-konkurs-na-palme-i-pisanke-wielkanocna\/"]}]},{"@type":"ImageObject","inLanguage":"pl-PL","@id":"https:\/\/grabowiec.pl\/ug\/index.php\/2025\/03\/10\/vi-wojewodzki-konkurs-na-palme-i-pisanke-wielkanocna\/#primaryimage","url":"https:\/\/grabowiec.pl\/ug\/wp-content\/uploads\/2025\/03\/VI-Palma-i-pisanka_ze-skansenem_4.png","contentUrl":"https:\/\/grabowiec.pl\/ug\/wp-content\/uploads\/2025\/03\/VI-Palma-i-pisanka_ze-skansenem_4.png","width":1200,"height":628},{"@type":"BreadcrumbList","@id":"https:\/\/grabowiec.pl\/ug\/index.php\/2025\/03\/10\/vi-wojewodzki-konkurs-na-palme-i-pisanke-wielkanocna\/#breadcrumb","itemListElement":[{"@type":"ListItem","position":1,"name":"Strona g\u0142\u00f3wna","item":"https:\/\/grabowiec.pl\/ug\/"},{"@type":"ListItem","position":2,"name":"VI Wojew\u00f3dzki Konkurs na Palm\u0119 i Pisank\u0119 Wielkanocn\u0105"}]},{"@type":"WebSite","@id":"https:\/\/grabowiec.pl\/ug\/#website","url":"https:\/\/grabowiec.pl\/ug\/","name":"GMINA GRABOWIEC","description":"","publisher":{"@id":"https:\/\/grabowiec.pl\/ug\/#organization"},"potentialAction":[{"@type":"SearchAction","target":{"@type":"EntryPoint","urlTemplate":"https:\/\/grabowiec.pl\/ug\/?s={search_term_string}"},"query-input":{"@type":"PropertyValueSpecification","valueRequired":true,"valueName":"search_term_string"}}],"inLanguage":"pl-PL"},{"@type":"Organization","@id":"https:\/\/grabowiec.pl\/ug\/#organization","name":"GMINA GRABOWIEC","url":"https:\/\/grabowiec.pl\/ug\/","logo":{"@type":"ImageObject","inLanguage":"pl-PL","@id":"https:\/\/grabowiec.pl\/ug\/#\/schema\/logo\/image\/","url":"https:\/\/grabowiec.pl\/ug\/wp-content\/uploads\/2023\/02\/grab-herb.png","contentUrl":"https:\/\/grabowiec.pl\/ug\/wp-content\/uploads\/2023\/02\/grab-herb.png","width":500,"height":600,"caption":"GMINA GRABOWIEC"},"image":{"@id":"https:\/\/grabowiec.pl\/ug\/#\/schema\/logo\/image\/"}},{"@type":"Person","@id":"https:\/\/grabowiec.pl\/ug\/#\/schema\/person\/5985d73d5ee31f074e8352f4782bdf99","name":"GrabAdmin","image":{"@type":"ImageObject","inLanguage":"pl-PL","@id":"https:\/\/secure.gravatar.com\/avatar\/d282d70901c093d417c40ef93cb537ed734f8c89a218e980f2eb8806fb2268e4?s=96&d=mm&r=g","url":"https:\/\/secure.gravatar.com\/avatar\/d282d70901c093d417c40ef93cb537ed734f8c89a218e980f2eb8806fb2268e4?s=96&d=mm&r=g","contentUrl":"https:\/\/secure.gravatar.com\/avatar\/d282d70901c093d417c40ef93cb537ed734f8c89a218e980f2eb8806fb2268e4?s=96&d=mm&r=g","caption":"GrabAdmin"},"sameAs":["http:\/\/grabowiec.pl\/ug"],"url":"https:\/\/grabowiec.pl\/ug\/index.php\/author\/grabadmin\/"}]}},"_links":{"self":[{"href":"https:\/\/grabowiec.pl\/ug\/index.php\/wp-json\/wp\/v2\/posts\/4393","targetHints":{"allow":["GET"]}}],"collection":[{"href":"https:\/\/grabowiec.pl\/ug\/index.php\/wp-json\/wp\/v2\/posts"}],"about":[{"href":"https:\/\/grabowiec.pl\/ug\/index.php\/wp-json\/wp\/v2\/types\/post"}],"author":[{"embeddable":true,"href":"https:\/\/grabowiec.pl\/ug\/index.php\/wp-json\/wp\/v2\/users\/1"}],"replies":[{"embeddable":true,"href":"https:\/\/grabowiec.pl\/ug\/index.php\/wp-json\/wp\/v2\/comments?post=4393"}],"version-history":[{"count":1,"href":"https:\/\/grabowiec.pl\/ug\/index.php\/wp-json\/wp\/v2\/posts\/4393\/revisions"}],"predecessor-version":[{"id":4397,"href":"https:\/\/grabowiec.pl\/ug\/index.php\/wp-json\/wp\/v2\/posts\/4393\/revisions\/4397"}],"wp:featuredmedia":[{"embeddable":true,"href":"https:\/\/grabowiec.pl\/ug\/index.php\/wp-json\/wp\/v2\/media\/4396"}],"wp:attachment":[{"href":"https:\/\/grabowiec.pl\/ug\/index.php\/wp-json\/wp\/v2\/media?parent=4393"}],"wp:term":[{"taxonomy":"category","embeddable":true,"href":"https:\/\/grabowiec.pl\/ug\/index.php\/wp-json\/wp\/v2\/categories?post=4393"},{"taxonomy":"post_tag","embeddable":true,"href":"https:\/\/grabowiec.pl\/ug\/index.php\/wp-json\/wp\/v2\/tags?post=4393"}],"curies":[{"name":"wp","href":"https:\/\/api.w.org\/{rel}","templated":true}]}}