{"id":4485,"date":"2025-03-21T09:11:08","date_gmt":"2025-03-21T08:11:08","guid":{"rendered":"https:\/\/grabowiec.pl\/ug\/?p=4485"},"modified":"2025-03-21T09:12:20","modified_gmt":"2025-03-21T08:12:20","slug":"nowa-odslona-programu-czyste-powietrze-juz-wkrotce","status":"publish","type":"post","link":"https:\/\/grabowiec.pl\/ug\/index.php\/2025\/03\/21\/nowa-odslona-programu-czyste-powietrze-juz-wkrotce\/","title":{"rendered":"NOWA ODS\u0141ONA PROGRAMU CZYSTE POWIETRZE JU\u017b WKR\u00d3TCE"},"content":{"rendered":"\n<p><strong>Jasne zasady i stabilne \u017ar\u00f3d\u0142o finansowania \u2013 nowa ods\u0142ona programu Czyste Powietrze ju\u017c wkr\u00f3tce<\/strong><\/p>\n\n\n\n<p><strong>31 marca 2025 r. ruszy nab\u00f3r wniosk\u00f3w w nowej ods\u0142onie programu Czyste Powietrze. Dzi\u0119ki reformie programu ukierunkowano pomoc na osoby szczeg\u00f3lnie nara\u017cone na ub\u00f3stwo energetyczne, uszczelniono zasady dofinansowa\u0144, wzmocniono rol\u0119 gmin w programie przez powierzenie im roli operator\u00f3w. Bud\u017cet programu zosta\u0142 zasilony 10 mld z\u0142 bezzwrotnych dotacji ze \u015brodk\u00f3w Funduszu Modernizacyjnego.<\/strong><\/p>\n\n\n\n<p><em>&#8211; Pracuj\u0105c nad reform\u0105 programu Czyste Powietrze kierowali\u015bmy si\u0119 trzema kluczowymi priorytetami \u2013przede wszystkim walk\u0105 z ub\u00f3stwem energetycznym przez realne wsparcie dla najbardziej potrzebuj\u0105cych. Naszym celem by\u0142o tak\u017ce wyeliminowanie tzw. rachunk\u00f3w grozy przez wprowadzenie obowi\u0105zkowego standardu energetycznego budynku i racjonalizacj\u0119 wydatk\u00f3w, tak, by nie dochodzi\u0142o do nadu\u017cy\u0107 <\/em>\u2013 <strong>powiedzia\u0142a Paulina Hennig-Kloska, ministra klimatu i \u015brodowiska.<\/strong><\/p>\n\n\n\n<p>&#8211; <em>Dzisiaj prezentujemy now\u0105 ods\u0142on\u0119 programu Czyste Powietrze \u2013 efekt determinacji, ci\u0119\u017ckiej pracy i szeroko zakrojonych konsultacji z ekspertami oraz przedstawicielami spo\u0142ecze\u0144stwa. By\u0142a to d\u0142uga droga, ale dzi\u0119ki podj\u0119tym reformom zapewniamy, \u017ce program stanie si\u0119 bardziej efektywny, uczciwy i dost\u0119pny dla tych, kt\u00f3rzy najbardziej go potrzebuj\u0105 i dofinansowanie trafi tam, gdzie jest najbardziej potrzebne, a pieni\u0105dze publiczne b\u0119d\u0105 wydawane m\u0105drze i transparentnie<\/em> \u2013 <strong>powiedzia\u0142a Dorota Zawadzka-St\u0119pniak, prezes zarz\u0105du Narodowego Funduszu Ochrony \u015arodowiska i Gospodarki Wodnej.<\/strong><\/p>\n\n\n\n<p>&#8211; Program Czyste Powietrze jest najwi\u0119kszym przedsi\u0119wzi\u0119ciem, jakie realizuje NFO\u015aiGW we wsp\u00f3\u0142pracy z WFO\u015aiGW \u2013 <strong>m\u00f3wi Stanis\u0142aw Mazur, prezes Wojew\u00f3dzkiego Funduszu Ochrony \u015arodowiska i Gospodarki Wodnej w Lublinie.<\/strong> &#8211; Nasz Fundusz jako odr\u0119bna, niezale\u017cna jednostka, zajmuje si\u0119 przyjmowaniem, rozpatrywaniem, rozliczaniem wniosk\u00f3w o&nbsp;dofinansowanie i&nbsp;wyp\u0142at\u0105 \u015brodk\u00f3w w&nbsp;programie na terenie wojew\u00f3dztwa lubelskiego \u2013 dodaje.<\/p>\n\n\n\n<p><strong>Co nowego w programie?<\/strong><\/p>\n\n\n\n<ul class=\"wp-block-list\">\n<li><strong>Obowi\u0105zkowe potwierdzenie standardu energetycznego przed i po inwestycji.<\/strong><\/li>\n\n\n\n<li><strong>Warunki najwy\u017cszego dofinansowania uzale\u017cnione od kryterium dochodowego i standardu energetycznego budynku.<\/strong><\/li>\n\n\n\n<li><strong>Og\u00f3lnopolski system operator\u00f3w &#8211; bezp\u0142atne wsparcie dla beneficjent\u00f3w najwy\u017cszego i podwy\u017cszonego poziomu dofinansowania. Operatorzy programu bezp\u0142atnie pomog\u0105 osobom o najni\u017cszych dochodach na \u015bcie\u017cce dofinansowania, realizacji przedsi\u0119wzi\u0119cia i jego rozliczenia. Operatorami w pierwszej kolejno\u015bci b\u0119d\u0105 gminy i wojew\u00f3dzkie fundusze ochrony \u015brodowiska i gospodarki wodnej (WFO\u015aiGW).<\/strong><\/li>\n\n\n\n<li><strong>Racjonalizacja wydatk\u00f3w &#8211; maksymalne kwoty dotacji w poszczeg\u00f3lnych rodzajach koszt\u00f3w kwalifikowanych, w tym limity dotacji jednostkowych na m<\/strong><sup><strong>2<\/strong><\/sup><strong> powierzchni ocieplenia.<\/strong><\/li>\n<\/ul>\n\n\n\n<p><strong>Dla kogo program Czyste Powietrze?<\/strong><\/p>\n\n\n\n<p>Nowa ods\u0142ona programu skierowana jest do os\u00f3b fizycznych, kt\u00f3re s\u0105 w\u0142a\u015bcicielami lub wsp\u00f3\u0142w\u0142a\u015bcicielami domu jednorodzinnego lub wydzielonego w nim lokalu mieszkalnego z wyodr\u0119bnion\u0105 ksi\u0119g\u0105 wieczyst\u0105. Minimalny okres tej w\u0142asno\u015bci musi wynosi\u0107 3 lata przed z\u0142o\u017ceniem wniosku o dofinansowanie. Wym\u00f3g ten nie dotyczy sytuacji spadkowych.<\/p>\n\n\n\n<p>Na jeden budynek lub lokal mieszkalny mo\u017cna dosta\u0107 jedno dofinansowanie, a beneficjentem mo\u017cna by\u0107 tylko raz.<\/p>\n\n\n\n<p>Dotacja jest wyp\u0142acana przez WFO\u015aiGW w ca\u0142o\u015bci lub w maksymalnie trzech cz\u0119\u015bciach. Do dofinansowania kwalifikuj\u0105 si\u0119 inwestycje tylko w tych budynkach, kt\u00f3re uzyska\u0142y pozwolenie na budow\u0119 do 31.12.2020 r. Dopuszcza si\u0119 pozostawienie komink\u00f3w wykorzystywanych na cele rekreacyjne, ale pod warunkiem, \u017ce spe\u0142niaj\u0105 wymagania ekoprojektu oraz docelowe wymogi uchwa\u0142 antysmogowych obowi\u0105zuj\u0105cych na danym terenie oraz nie s\u0105 g\u0142\u00f3wnym \u017ar\u00f3d\u0142em ogrzewania.<\/p>\n\n\n\n<p><strong>Wy\u017csze progi dochodowe<\/strong><\/p>\n\n\n\n<p>Program zak\u0142ada trzy poziomy dofinansowania wed\u0142ug prog\u00f3w dochodowych w gospodarstwie domowym, kt\u00f3re zosta\u0142y podwy\u017cszone.<\/p>\n\n\n\n<ul class=\"wp-block-list\">\n<li><strong>Poziom najwy\u017cszy<\/strong> \u2013 do 100% koszt\u00f3w kwalifikowanych netto \u2013 obowi\u0105zuje przy \u015brednim miesi\u0119cznym dochodzie do 1&nbsp;300 z\u0142 na osob\u0119 w gospodarstwach wieloosobowych lub do 1&nbsp;800 z\u0142w gospodarstwie domowym jednoosobowym, oraz dla tych, kt\u00f3rzy maj\u0105 ustalone prawo do jednej z czterech form zasi\u0142ku okre\u015blonych w programie (tj. zasi\u0142ku sta\u0142ego, okresowego, rodzinnego lub specjalnego zasi\u0142ku opieku\u0144czego). Roczny przych\u00f3d z tytu\u0142u prowadzenia przez wnioskodawc\u0119 lub ma\u0142\u017conka wnioskodawcy dzia\u0142alno\u015bci gospodarczej mo\u017ce wynosi\u0107 maksymalnie dwunastokrotno\u015b\u0107 minimalnego wynagrodzenia za prac\u0119.<\/li>\n<\/ul>\n\n\n\n<p>Dofinansowanie w najwy\u017cszym progu przewidziano tylko dla ubogich energetycznie, czyli dla w\u0142a\u015bcicieli budynk\u00f3w lub lokali, w kt\u00f3rych zapotrzebowanie na energi\u0119 u\u017cytkow\u0105 do ogrzewania wynosi powy\u017cej 140 kWh\/m2 rocznie.<\/p>\n\n\n\n<ul class=\"wp-block-list\">\n<li><strong>Poziom podwy\u017cszony <\/strong>\u2013 do 70% koszt\u00f3w kwalifikowanych netto \u2013 obowi\u0105zuje przy miesi\u0119cznym dochodzie do 2 250 z\u0142na osob\u0119 lub 3&nbsp;150 z\u0142 w gospodarstwach jednoosobowych. Roczny przych\u00f3d z tytu\u0142u prowadzenia przez wnioskodawc\u0119 lub ma\u0142\u017conka wnioskodawcy dzia\u0142alno\u015bci gospodarczej mo\u017ce wynosi\u0107 maksymalnie czterdziestokrotno\u015b\u0107 minimalnego wynagrodzenia za prac\u0119.<\/li>\n\n\n\n<li><strong>Poziom podstawowy<\/strong> \u2013 dotacja do 40% koszt\u00f3w kwalifikowanych netto \u2013 jest dla tych, kt\u00f3rych roczny doch\u00f3d nie przekracza 135&nbsp;000 z\u0142.<\/li>\n<\/ul>\n\n\n\n<p>Warto przypomnie\u0107, \u017ce podatek od towar\u00f3w i us\u0142ug (VAT) nie jest kosztem kwalifikowanym, zatem jego koszt b\u0119dzie ponosi\u0142 zawsze beneficjent.<\/p>\n\n\n\n<p><strong>Potwierdzony standard energetyczny domu<\/strong><\/p>\n\n\n\n<p>W ramach programu wprowadzono ponadto wym\u00f3g obowi\u0105zkowego potwierdzenia standardu energetycznego budynku \u2013 zar\u00f3wno przed przeprowadzeniem inwestycji, jak i po. Maj\u0105 do tego pos\u0142u\u017cy\u0107:<\/p>\n\n\n\n<ul class=\"wp-block-list\">\n<li><strong>przed realizacj\u0105 przedsi\u0119wzi\u0119cia<\/strong> \u2013 audyt energetyczny wraz z dokumentem podsumowuj\u0105cym audyt energetyczny (okre\u015bl\u0105, jaki jest stan energetyczny budynku i jakie prace nale\u017cy wykona\u0107, \u017ceby zmniejszy\u0107 zapotrzebowanie na energi\u0119 do ogrzewania),<\/li>\n\n\n\n<li><strong>po realizacji przedsi\u0119wzi\u0119cia<\/strong> \u2013 \u015bwiadectwo charakterystyki energetycznej (potwierdzi zmniejszenie zapotrzebowania na energi\u0119 do ogrzewania).<\/li>\n<\/ul>\n\n\n\n<p>Oba te dokumenty musz\u0105 by\u0107 podpisane przez osob\u0119 wpisan\u0105 do rejestru os\u00f3b uprawnionych do sporz\u0105dzania \u015bwiadectw charakterystyki energetycznej (wykaz Ministerstwa Rozwoju i Technologii na stronie: <a href=\"https:\/\/rejestrcheb.mrit.gov.pl\/rejestr-uprawnionych\">rejestrcheb.mrit.gov.pl\/rejestr-uprawnionych<\/a>), powinny by\u0107 poprzedzone wizyt\u0105 w domu. Na audyt i \u015bwiadectwo mo\u017cna r\u00f3wnie\u017c pozyska\u0107 dotacj\u0119 z programu Czyste Powietrze \u2013 \u0142\u0105cznie do 1&nbsp;600 z\u0142.<\/p>\n\n\n\n<p><strong>Operator. Kto to, komu i w czym mo\u017ce pom\u00f3c?<\/strong><\/p>\n\n\n\n<p>W ramach reformy wprowadzono og\u00f3lnopolski system operator\u00f3w. Operatorzy b\u0119d\u0105 bezp\u0142atnie wspar\u0107 beneficjenta krok po kroku, od podj\u0119cia decyzji o dofinansowaniu, przez realizacj\u0119 przedsi\u0119wzi\u0119cia a\u017c do jego zako\u0144czenia i rozliczenia. Najwy\u017cszy poziom dofinansowania b\u0119dzie dost\u0119pny tylko przy wsparciu operatora. Podobna sytuacja dotyczy dotacji z&nbsp;prefinansowaniem. W&nbsp;przypadku poziomu podwy\u017cszonego b\u0119dzie to opcja do wyboru.<\/p>\n\n\n\n<p>W pierwszym etapie operatorami b\u0119d\u0105 gminy i WFO\u015aiGW, w kolejnym r\u00f3wnie\u017c inne podmioty. Nab\u00f3r na gminnych operator\u00f3w rozpocz\u0105\u0142 si\u0119 7 marca. Za swoj\u0105 prac\u0119 operatorzy dostan\u0105 rycza\u0142towe wynagrodzenie \u2013 1700 z\u0142 za ka\u017cdego skutecznie obs\u0142u\u017conego beneficjenta.<\/p>\n\n\n\n<p><a><\/a> <strong>Prefinansowanie na nowych zasadach<\/strong><\/p>\n\n\n\n<p>Prefinansowanie (zaliczka) w nowej ods\u0142onie programu Czyste Powietrze mo\u017cliwe jest tylko przez operatora i tylko w najwy\u017cszym oraz podwy\u017cszonym poziomie dofinansowania. Zaliczka wynosi do 35% i jest uwarunkowana przed\u0142o\u017ceniem wraz z wnioskiem o dofinansowanie maksymalnie trzech um\u00f3w z wykonawcami na realizacj\u0119 przedsi\u0119wzi\u0119cia. WFO\u015aiGW b\u0119dzie wyp\u0142aca\u0142 zaliczk\u0119 na konto wykonawcy na podstawie: dyspozycji beneficjenta, faktury zaliczkowej oraz listy sprawdzaj\u0105cej operatora, potwierdzaj\u0105cej spe\u0142nienie warunk\u00f3w programu.<\/p>\n\n\n\n<p><strong>Racjonalne wydatki<\/strong><\/p>\n\n\n\n<p>W nowym Czystym Powietrzu okre\u015blone zosta\u0142y maksymalne kwoty dotacji w poszczeg\u00f3lnych rodzajach koszt\u00f3w kwalifikowanych. Ograniczono tak\u017ce poziom dofinansowania do prac towarzysz\u0105cych niezb\u0119dnych do realizacji przedsi\u0119wzi\u0119cia, ale nieb\u0119d\u0105cych jego g\u0142\u00f3wnym elementem. Wyznaczono limity dotacji jednostkowych na metr kwadratowy powierzchni ocieplenia strop\u00f3w, pod\u0142\u00f3g i \u015bcian oraz za okna.<\/p>\n\n\n\n<p><strong>Lista zielonych materia\u0142\u00f3w i urz\u0105dze\u0144 tzw. lista ZUM<\/strong><\/p>\n\n\n\n<p>Beneficjenci programu Czyste Powietrze mog\u0105 skorzysta\u0107 z listy ZUM, kt\u00f3ra pomaga w wyborze urz\u0105dze\u0144 i materia\u0142\u00f3w kwalifikuj\u0105cych si\u0119 do dofinansowania. Lista ZUM jestobowi\u0105zkowa w przypadku wyboru: pomp ciep\u0142a, kot\u0142\u00f3w zgazowuj\u0105cych drewno oraz kot\u0142\u00f3w na pellet. Obecnie na li\u015bcie znajduj\u0105 si\u0119 tylko te pompy ciep\u0142a, kt\u00f3re maj\u0105 badania z europejskiego laboratorium, potwierdzaj\u0105ce zadeklarowane przez producenta parametry urz\u0105dzania.<\/p>\n\n\n\n<p><strong>Szczeg\u00f3\u0142owe informacje o programie s\u0105 dost\u0119pne na stronie: <\/strong><a href=\"https:\/\/czystepowietrze.gov.pl\/\"><strong>czystepowietrze.gov.pl\/<\/strong><\/a><\/p>\n\n\n\n<p class=\"has-text-color has-link-color has-large-font-size wp-elements-7480a08bd7e6a0f2bb9a849f2eae7983\" style=\"color:#ec0b0b\"><strong><a href=\"https:\/\/gokgrabowiec.pl\/\/public\/pdf\/prezentacja-nowego-programu-czyste-powietrze-konferencja-20-03-2025.pdf\" target=\"_blank\" rel=\"noreferrer noopener\">POBIERZ PREZENTACJ\u0118<\/a><\/strong><\/p>\n\n\n\n<hr class=\"wp-block-separator has-alpha-channel-opacity\"\/>\n\n\n\n<p>Wpis w SoMe :<\/p>\n\n\n\n<p>&nbsp;\ud83d\udce2&nbsp;31 marca program Czyste Powietrze powraca w lepszej ods\u0142onie! Nowy program to realne wsparcie dla polskich rodzin w walce z wysokimi rachunkami za ogrzewanie i smogiem. Zmienili\u015bmy zasady, aby pomoc trafi\u0142a tam, gdzie jest najbardziej potrzebna i by\u0142a skuteczna.&nbsp;&nbsp;<\/p>\n\n\n\n<p><strong>Poznaj nowy program Czyste Powietrze<\/strong><\/p>\n\n\n\n<p>\u2705&nbsp;Maksymalnie 100% dofinansowania &#8211; dla os\u00f3b ubogich, szczeg\u00f3lnie zagro\u017conych ub\u00f3stwem energetycznym.&nbsp;<\/p>\n\n\n\n<p>\u2705&nbsp;Bezp\u0142atne wsparcie operatora dla os\u00f3b ubogich oraz przy prefinansowaniu \u2013 pomoc na ka\u017cdym etapie inwestycji. &nbsp;<\/p>\n\n\n\n<p>\u2705&nbsp;Gwarancja jako\u015bci ocieplenia \u2013 standard energetyczny domu b\u0119dzie potwierdzony.&nbsp;<\/p>\n\n\n\n<p>\u2705&nbsp;Racjonalne wydatki \u2013 limit dotacji chroni przed zawy\u017conymi kosztami.&nbsp;<\/p>\n\n\n\n<p>\u2705&nbsp;Jedno dofinasowanie na jeden dom \u2013 koniec nadu\u017cy\u0107 i wi\u0119ksza skuteczno\u015b\u0107 programu.&nbsp;<\/p>\n\n\n\n<p>\u2705&nbsp;Zwi\u0119kszenie znaczenia gmin w programie i wynagrodzenie ich zaanga\u017cowania. &nbsp;<\/p>\n\n\n\n<p><strong>Dlaczego zreformowali\u015bmy program Czyste Powietrze? &nbsp;<\/strong><\/p>\n\n\n\n<p>Zmiana programu to odpowied\u017a na realne potrzeby jego odbiorc\u00f3w. Konsultowali\u015bmy zmiany szeroko, aby wyeliminowa\u0107 nieuczciwe praktyki i wesprze\u0107 beneficjent\u00f3w w dobrej i bezpiecznej termomodernizacji dom\u00f3w oraz wymianie nieefektywnych \u017ar\u00f3de\u0142 ciep\u0142a. &nbsp;<\/p>\n\n\n\n<p>\u2705&nbsp;Zapewnili\u015bmy stabilne finansowanie pozyskuj\u0105c 10 mld z\u0142 z Funduszu Modernizacyjnego. &nbsp;<\/p>\n\n\n\n<p>\u2705&nbsp;Uszczelnili\u015bmy zasady &#8211; najwy\u017csze dofinasowanie trafi do os\u00f3b rzeczywi\u015bcie go potrzebuj\u0105cych.&nbsp;<\/p>\n\n\n\n<p>\u2705&nbsp;Wprowadzili\u015bmy do programu operator\u00f3w, co pozwoli chroni\u0107 mieszka\u0144c\u00f3w przed nieuczciwymi praktykami. &nbsp;<\/p>\n\n\n\n<p>Wspieramy Ci\u0119 w drodze do ciep\u0142ego domu i ni\u017cszych rachunk\u00f3w. Nowe Czyste Powietrze dla Ciebie.<\/p>\n\n\n\n<p class=\"has-text-color has-link-color has-large-font-size wp-elements-c7e269deea1bac7d7ca310eee124d4a2\" style=\"color:#e01818\"><a href=\"https:\/\/czystepowietrze.gov.pl\/wazne-komunikaty\/jasne-zasady-i-stabilne-zrodlo-finansowania-nowa-odslona-programu-czyste-powietrze-juz-wkrotce?fbclid=IwY2xjawJI4MxleHRuA2FlbQIxMAABHfzwX01SHzDhdtNNMr-sDaaO5d4T6sDuyPmb7y9LEQUJITHoH7RstqUfQw_aem_yYpipNG_GWuQgCK4IVAd_Q\" target=\"_blank\" rel=\"noreferrer noopener\"><strong>Szczeg\u00f3\u0142y<\/strong><\/a><\/p>\n","protected":false},"excerpt":{"rendered":"<p>Jasne zasady i stabilne \u017ar\u00f3d\u0142o finansowania \u2013 nowa ods\u0142ona programu Czyste Powietrze ju\u017c wkr\u00f3tce 31 &hellip;<\/p>\n","protected":false},"author":1,"featured_media":4486,"comment_status":"closed","ping_status":"closed","sticky":false,"template":"","format":"standard","meta":{"footnotes":""},"categories":[9],"tags":[],"class_list":["post-4485","post","type-post","status-publish","format-standard","has-post-thumbnail","hentry","category-ogloszenia"],"author_data":{"name":"GrabAdmin","url":"https:\/\/grabowiec.pl\/ug\/index.php\/author\/grabadmin\/"},"excerpt_data":"Jasne zasady i stabilne \u017ar\u00f3d\u0142o finansowania \u2013 nowa ods\u0142ona programu Czyste Powietrze ju\u017c wkr\u00f3tce 31...","categories_data":{"9":{"term_id":9,"name":"OG\u0141OSZENIA","slug":"ogloszenia","term_group":0,"term_taxonomy_id":9,"taxonomy":"category","description":"","parent":0,"count":160,"filter":"raw","cat_ID":9,"category_count":160,"category_description":"","cat_name":"OG\u0141OSZENIA","category_nicename":"ogloszenia","category_parent":0}},"featured_image_src":"https:\/\/grabowiec.pl\/ug\/wp-content\/uploads\/2025\/03\/Zrzut-ekranu-z-2025-03-21-09-10-26.png","date_formated":"2025-03-21","yoast_head":"<!-- This site is optimized with the Yoast SEO plugin v27.5 - https:\/\/yoast.com\/product\/yoast-seo-wordpress\/ -->\n<title>NOWA ODS\u0141ONA PROGRAMU CZYSTE POWIETRZE JU\u017b WKR\u00d3TCE - GMINA GRABOWIEC<\/title>\n<meta name=\"robots\" content=\"index, follow, max-snippet:-1, max-image-preview:large, max-video-preview:-1\" \/>\n<link rel=\"canonical\" href=\"https:\/\/grabowiec.pl\/ug\/index.php\/2025\/03\/21\/nowa-odslona-programu-czyste-powietrze-juz-wkrotce\/\" \/>\n<meta property=\"og:locale\" content=\"pl_PL\" \/>\n<meta property=\"og:type\" content=\"article\" \/>\n<meta property=\"og:title\" content=\"NOWA ODS\u0141ONA PROGRAMU CZYSTE POWIETRZE JU\u017b WKR\u00d3TCE - GMINA GRABOWIEC\" \/>\n<meta property=\"og:description\" content=\"Jasne zasady i stabilne \u017ar\u00f3d\u0142o finansowania \u2013 nowa ods\u0142ona programu Czyste Powietrze ju\u017c wkr\u00f3tce 31 &hellip;\" \/>\n<meta property=\"og:url\" content=\"https:\/\/grabowiec.pl\/ug\/index.php\/2025\/03\/21\/nowa-odslona-programu-czyste-powietrze-juz-wkrotce\/\" \/>\n<meta property=\"og:site_name\" content=\"GMINA GRABOWIEC\" \/>\n<meta property=\"article:published_time\" content=\"2025-03-21T08:11:08+00:00\" \/>\n<meta property=\"article:modified_time\" content=\"2025-03-21T08:12:20+00:00\" \/>\n<meta property=\"og:image\" content=\"https:\/\/grabowiec.pl\/ug\/wp-content\/uploads\/2025\/03\/Zrzut-ekranu-z-2025-03-21-09-10-26.png\" \/>\n\t<meta property=\"og:image:width\" content=\"1616\" \/>\n\t<meta property=\"og:image:height\" content=\"910\" \/>\n\t<meta property=\"og:image:type\" content=\"image\/png\" \/>\n<meta name=\"author\" content=\"GrabAdmin\" \/>\n<meta name=\"twitter:card\" content=\"summary_large_image\" \/>\n<meta name=\"twitter:label1\" content=\"Napisane przez\" \/>\n\t<meta name=\"twitter:data1\" content=\"GrabAdmin\" \/>\n\t<meta name=\"twitter:label2\" content=\"Szacowany czas czytania\" \/>\n\t<meta name=\"twitter:data2\" content=\"8 minut\" \/>\n<script type=\"application\/ld+json\" class=\"yoast-schema-graph\">{\"@context\":\"https:\\\/\\\/schema.org\",\"@graph\":[{\"@type\":\"Article\",\"@id\":\"https:\\\/\\\/grabowiec.pl\\\/ug\\\/index.php\\\/2025\\\/03\\\/21\\\/nowa-odslona-programu-czyste-powietrze-juz-wkrotce\\\/#article\",\"isPartOf\":{\"@id\":\"https:\\\/\\\/grabowiec.pl\\\/ug\\\/index.php\\\/2025\\\/03\\\/21\\\/nowa-odslona-programu-czyste-powietrze-juz-wkrotce\\\/\"},\"author\":{\"name\":\"GrabAdmin\",\"@id\":\"https:\\\/\\\/grabowiec.pl\\\/ug\\\/#\\\/schema\\\/person\\\/5985d73d5ee31f074e8352f4782bdf99\"},\"headline\":\"NOWA ODS\u0141ONA PROGRAMU CZYSTE POWIETRZE JU\u017b WKR\u00d3TCE\",\"datePublished\":\"2025-03-21T08:11:08+00:00\",\"dateModified\":\"2025-03-21T08:12:20+00:00\",\"mainEntityOfPage\":{\"@id\":\"https:\\\/\\\/grabowiec.pl\\\/ug\\\/index.php\\\/2025\\\/03\\\/21\\\/nowa-odslona-programu-czyste-powietrze-juz-wkrotce\\\/\"},\"wordCount\":1559,\"publisher\":{\"@id\":\"https:\\\/\\\/grabowiec.pl\\\/ug\\\/#organization\"},\"image\":{\"@id\":\"https:\\\/\\\/grabowiec.pl\\\/ug\\\/index.php\\\/2025\\\/03\\\/21\\\/nowa-odslona-programu-czyste-powietrze-juz-wkrotce\\\/#primaryimage\"},\"thumbnailUrl\":\"https:\\\/\\\/grabowiec.pl\\\/ug\\\/wp-content\\\/uploads\\\/2025\\\/03\\\/Zrzut-ekranu-z-2025-03-21-09-10-26.png\",\"articleSection\":[\"OG\u0141OSZENIA\"],\"inLanguage\":\"pl-PL\"},{\"@type\":\"WebPage\",\"@id\":\"https:\\\/\\\/grabowiec.pl\\\/ug\\\/index.php\\\/2025\\\/03\\\/21\\\/nowa-odslona-programu-czyste-powietrze-juz-wkrotce\\\/\",\"url\":\"https:\\\/\\\/grabowiec.pl\\\/ug\\\/index.php\\\/2025\\\/03\\\/21\\\/nowa-odslona-programu-czyste-powietrze-juz-wkrotce\\\/\",\"name\":\"NOWA ODS\u0141ONA PROGRAMU CZYSTE POWIETRZE JU\u017b WKR\u00d3TCE - GMINA GRABOWIEC\",\"isPartOf\":{\"@id\":\"https:\\\/\\\/grabowiec.pl\\\/ug\\\/#website\"},\"primaryImageOfPage\":{\"@id\":\"https:\\\/\\\/grabowiec.pl\\\/ug\\\/index.php\\\/2025\\\/03\\\/21\\\/nowa-odslona-programu-czyste-powietrze-juz-wkrotce\\\/#primaryimage\"},\"image\":{\"@id\":\"https:\\\/\\\/grabowiec.pl\\\/ug\\\/index.php\\\/2025\\\/03\\\/21\\\/nowa-odslona-programu-czyste-powietrze-juz-wkrotce\\\/#primaryimage\"},\"thumbnailUrl\":\"https:\\\/\\\/grabowiec.pl\\\/ug\\\/wp-content\\\/uploads\\\/2025\\\/03\\\/Zrzut-ekranu-z-2025-03-21-09-10-26.png\",\"datePublished\":\"2025-03-21T08:11:08+00:00\",\"dateModified\":\"2025-03-21T08:12:20+00:00\",\"breadcrumb\":{\"@id\":\"https:\\\/\\\/grabowiec.pl\\\/ug\\\/index.php\\\/2025\\\/03\\\/21\\\/nowa-odslona-programu-czyste-powietrze-juz-wkrotce\\\/#breadcrumb\"},\"inLanguage\":\"pl-PL\",\"potentialAction\":[{\"@type\":\"ReadAction\",\"target\":[\"https:\\\/\\\/grabowiec.pl\\\/ug\\\/index.php\\\/2025\\\/03\\\/21\\\/nowa-odslona-programu-czyste-powietrze-juz-wkrotce\\\/\"]}]},{\"@type\":\"ImageObject\",\"inLanguage\":\"pl-PL\",\"@id\":\"https:\\\/\\\/grabowiec.pl\\\/ug\\\/index.php\\\/2025\\\/03\\\/21\\\/nowa-odslona-programu-czyste-powietrze-juz-wkrotce\\\/#primaryimage\",\"url\":\"https:\\\/\\\/grabowiec.pl\\\/ug\\\/wp-content\\\/uploads\\\/2025\\\/03\\\/Zrzut-ekranu-z-2025-03-21-09-10-26.png\",\"contentUrl\":\"https:\\\/\\\/grabowiec.pl\\\/ug\\\/wp-content\\\/uploads\\\/2025\\\/03\\\/Zrzut-ekranu-z-2025-03-21-09-10-26.png\",\"width\":1616,\"height\":910},{\"@type\":\"BreadcrumbList\",\"@id\":\"https:\\\/\\\/grabowiec.pl\\\/ug\\\/index.php\\\/2025\\\/03\\\/21\\\/nowa-odslona-programu-czyste-powietrze-juz-wkrotce\\\/#breadcrumb\",\"itemListElement\":[{\"@type\":\"ListItem\",\"position\":1,\"name\":\"Strona g\u0142\u00f3wna\",\"item\":\"https:\\\/\\\/grabowiec.pl\\\/ug\\\/\"},{\"@type\":\"ListItem\",\"position\":2,\"name\":\"NOWA ODS\u0141ONA PROGRAMU CZYSTE POWIETRZE JU\u017b WKR\u00d3TCE\"}]},{\"@type\":\"WebSite\",\"@id\":\"https:\\\/\\\/grabowiec.pl\\\/ug\\\/#website\",\"url\":\"https:\\\/\\\/grabowiec.pl\\\/ug\\\/\",\"name\":\"GMINA GRABOWIEC\",\"description\":\"\",\"publisher\":{\"@id\":\"https:\\\/\\\/grabowiec.pl\\\/ug\\\/#organization\"},\"potentialAction\":[{\"@type\":\"SearchAction\",\"target\":{\"@type\":\"EntryPoint\",\"urlTemplate\":\"https:\\\/\\\/grabowiec.pl\\\/ug\\\/?s={search_term_string}\"},\"query-input\":{\"@type\":\"PropertyValueSpecification\",\"valueRequired\":true,\"valueName\":\"search_term_string\"}}],\"inLanguage\":\"pl-PL\"},{\"@type\":\"Organization\",\"@id\":\"https:\\\/\\\/grabowiec.pl\\\/ug\\\/#organization\",\"name\":\"GMINA GRABOWIEC\",\"url\":\"https:\\\/\\\/grabowiec.pl\\\/ug\\\/\",\"logo\":{\"@type\":\"ImageObject\",\"inLanguage\":\"pl-PL\",\"@id\":\"https:\\\/\\\/grabowiec.pl\\\/ug\\\/#\\\/schema\\\/logo\\\/image\\\/\",\"url\":\"https:\\\/\\\/grabowiec.pl\\\/ug\\\/wp-content\\\/uploads\\\/2023\\\/02\\\/grab-herb.png\",\"contentUrl\":\"https:\\\/\\\/grabowiec.pl\\\/ug\\\/wp-content\\\/uploads\\\/2023\\\/02\\\/grab-herb.png\",\"width\":500,\"height\":600,\"caption\":\"GMINA GRABOWIEC\"},\"image\":{\"@id\":\"https:\\\/\\\/grabowiec.pl\\\/ug\\\/#\\\/schema\\\/logo\\\/image\\\/\"}},{\"@type\":\"Person\",\"@id\":\"https:\\\/\\\/grabowiec.pl\\\/ug\\\/#\\\/schema\\\/person\\\/5985d73d5ee31f074e8352f4782bdf99\",\"name\":\"GrabAdmin\",\"image\":{\"@type\":\"ImageObject\",\"inLanguage\":\"pl-PL\",\"@id\":\"https:\\\/\\\/secure.gravatar.com\\\/avatar\\\/d282d70901c093d417c40ef93cb537ed734f8c89a218e980f2eb8806fb2268e4?s=96&d=mm&r=g\",\"url\":\"https:\\\/\\\/secure.gravatar.com\\\/avatar\\\/d282d70901c093d417c40ef93cb537ed734f8c89a218e980f2eb8806fb2268e4?s=96&d=mm&r=g\",\"contentUrl\":\"https:\\\/\\\/secure.gravatar.com\\\/avatar\\\/d282d70901c093d417c40ef93cb537ed734f8c89a218e980f2eb8806fb2268e4?s=96&d=mm&r=g\",\"caption\":\"GrabAdmin\"},\"sameAs\":[\"http:\\\/\\\/grabowiec.pl\\\/ug\"],\"url\":\"https:\\\/\\\/grabowiec.pl\\\/ug\\\/index.php\\\/author\\\/grabadmin\\\/\"}]}<\/script>\n<!-- \/ Yoast SEO plugin. -->","yoast_head_json":{"title":"NOWA ODS\u0141ONA PROGRAMU CZYSTE POWIETRZE JU\u017b WKR\u00d3TCE - GMINA GRABOWIEC","robots":{"index":"index","follow":"follow","max-snippet":"max-snippet:-1","max-image-preview":"max-image-preview:large","max-video-preview":"max-video-preview:-1"},"canonical":"https:\/\/grabowiec.pl\/ug\/index.php\/2025\/03\/21\/nowa-odslona-programu-czyste-powietrze-juz-wkrotce\/","og_locale":"pl_PL","og_type":"article","og_title":"NOWA ODS\u0141ONA PROGRAMU CZYSTE POWIETRZE JU\u017b WKR\u00d3TCE - GMINA GRABOWIEC","og_description":"Jasne zasady i stabilne \u017ar\u00f3d\u0142o finansowania \u2013 nowa ods\u0142ona programu Czyste Powietrze ju\u017c wkr\u00f3tce 31 &hellip;","og_url":"https:\/\/grabowiec.pl\/ug\/index.php\/2025\/03\/21\/nowa-odslona-programu-czyste-powietrze-juz-wkrotce\/","og_site_name":"GMINA GRABOWIEC","article_published_time":"2025-03-21T08:11:08+00:00","article_modified_time":"2025-03-21T08:12:20+00:00","og_image":[{"width":1616,"height":910,"url":"https:\/\/grabowiec.pl\/ug\/wp-content\/uploads\/2025\/03\/Zrzut-ekranu-z-2025-03-21-09-10-26.png","type":"image\/png"}],"author":"GrabAdmin","twitter_card":"summary_large_image","twitter_misc":{"Napisane przez":"GrabAdmin","Szacowany czas czytania":"8 minut"},"schema":{"@context":"https:\/\/schema.org","@graph":[{"@type":"Article","@id":"https:\/\/grabowiec.pl\/ug\/index.php\/2025\/03\/21\/nowa-odslona-programu-czyste-powietrze-juz-wkrotce\/#article","isPartOf":{"@id":"https:\/\/grabowiec.pl\/ug\/index.php\/2025\/03\/21\/nowa-odslona-programu-czyste-powietrze-juz-wkrotce\/"},"author":{"name":"GrabAdmin","@id":"https:\/\/grabowiec.pl\/ug\/#\/schema\/person\/5985d73d5ee31f074e8352f4782bdf99"},"headline":"NOWA ODS\u0141ONA PROGRAMU CZYSTE POWIETRZE JU\u017b WKR\u00d3TCE","datePublished":"2025-03-21T08:11:08+00:00","dateModified":"2025-03-21T08:12:20+00:00","mainEntityOfPage":{"@id":"https:\/\/grabowiec.pl\/ug\/index.php\/2025\/03\/21\/nowa-odslona-programu-czyste-powietrze-juz-wkrotce\/"},"wordCount":1559,"publisher":{"@id":"https:\/\/grabowiec.pl\/ug\/#organization"},"image":{"@id":"https:\/\/grabowiec.pl\/ug\/index.php\/2025\/03\/21\/nowa-odslona-programu-czyste-powietrze-juz-wkrotce\/#primaryimage"},"thumbnailUrl":"https:\/\/grabowiec.pl\/ug\/wp-content\/uploads\/2025\/03\/Zrzut-ekranu-z-2025-03-21-09-10-26.png","articleSection":["OG\u0141OSZENIA"],"inLanguage":"pl-PL"},{"@type":"WebPage","@id":"https:\/\/grabowiec.pl\/ug\/index.php\/2025\/03\/21\/nowa-odslona-programu-czyste-powietrze-juz-wkrotce\/","url":"https:\/\/grabowiec.pl\/ug\/index.php\/2025\/03\/21\/nowa-odslona-programu-czyste-powietrze-juz-wkrotce\/","name":"NOWA ODS\u0141ONA PROGRAMU CZYSTE POWIETRZE JU\u017b WKR\u00d3TCE - GMINA GRABOWIEC","isPartOf":{"@id":"https:\/\/grabowiec.pl\/ug\/#website"},"primaryImageOfPage":{"@id":"https:\/\/grabowiec.pl\/ug\/index.php\/2025\/03\/21\/nowa-odslona-programu-czyste-powietrze-juz-wkrotce\/#primaryimage"},"image":{"@id":"https:\/\/grabowiec.pl\/ug\/index.php\/2025\/03\/21\/nowa-odslona-programu-czyste-powietrze-juz-wkrotce\/#primaryimage"},"thumbnailUrl":"https:\/\/grabowiec.pl\/ug\/wp-content\/uploads\/2025\/03\/Zrzut-ekranu-z-2025-03-21-09-10-26.png","datePublished":"2025-03-21T08:11:08+00:00","dateModified":"2025-03-21T08:12:20+00:00","breadcrumb":{"@id":"https:\/\/grabowiec.pl\/ug\/index.php\/2025\/03\/21\/nowa-odslona-programu-czyste-powietrze-juz-wkrotce\/#breadcrumb"},"inLanguage":"pl-PL","potentialAction":[{"@type":"ReadAction","target":["https:\/\/grabowiec.pl\/ug\/index.php\/2025\/03\/21\/nowa-odslona-programu-czyste-powietrze-juz-wkrotce\/"]}]},{"@type":"ImageObject","inLanguage":"pl-PL","@id":"https:\/\/grabowiec.pl\/ug\/index.php\/2025\/03\/21\/nowa-odslona-programu-czyste-powietrze-juz-wkrotce\/#primaryimage","url":"https:\/\/grabowiec.pl\/ug\/wp-content\/uploads\/2025\/03\/Zrzut-ekranu-z-2025-03-21-09-10-26.png","contentUrl":"https:\/\/grabowiec.pl\/ug\/wp-content\/uploads\/2025\/03\/Zrzut-ekranu-z-2025-03-21-09-10-26.png","width":1616,"height":910},{"@type":"BreadcrumbList","@id":"https:\/\/grabowiec.pl\/ug\/index.php\/2025\/03\/21\/nowa-odslona-programu-czyste-powietrze-juz-wkrotce\/#breadcrumb","itemListElement":[{"@type":"ListItem","position":1,"name":"Strona g\u0142\u00f3wna","item":"https:\/\/grabowiec.pl\/ug\/"},{"@type":"ListItem","position":2,"name":"NOWA ODS\u0141ONA PROGRAMU CZYSTE POWIETRZE JU\u017b WKR\u00d3TCE"}]},{"@type":"WebSite","@id":"https:\/\/grabowiec.pl\/ug\/#website","url":"https:\/\/grabowiec.pl\/ug\/","name":"GMINA GRABOWIEC","description":"","publisher":{"@id":"https:\/\/grabowiec.pl\/ug\/#organization"},"potentialAction":[{"@type":"SearchAction","target":{"@type":"EntryPoint","urlTemplate":"https:\/\/grabowiec.pl\/ug\/?s={search_term_string}"},"query-input":{"@type":"PropertyValueSpecification","valueRequired":true,"valueName":"search_term_string"}}],"inLanguage":"pl-PL"},{"@type":"Organization","@id":"https:\/\/grabowiec.pl\/ug\/#organization","name":"GMINA GRABOWIEC","url":"https:\/\/grabowiec.pl\/ug\/","logo":{"@type":"ImageObject","inLanguage":"pl-PL","@id":"https:\/\/grabowiec.pl\/ug\/#\/schema\/logo\/image\/","url":"https:\/\/grabowiec.pl\/ug\/wp-content\/uploads\/2023\/02\/grab-herb.png","contentUrl":"https:\/\/grabowiec.pl\/ug\/wp-content\/uploads\/2023\/02\/grab-herb.png","width":500,"height":600,"caption":"GMINA GRABOWIEC"},"image":{"@id":"https:\/\/grabowiec.pl\/ug\/#\/schema\/logo\/image\/"}},{"@type":"Person","@id":"https:\/\/grabowiec.pl\/ug\/#\/schema\/person\/5985d73d5ee31f074e8352f4782bdf99","name":"GrabAdmin","image":{"@type":"ImageObject","inLanguage":"pl-PL","@id":"https:\/\/secure.gravatar.com\/avatar\/d282d70901c093d417c40ef93cb537ed734f8c89a218e980f2eb8806fb2268e4?s=96&d=mm&r=g","url":"https:\/\/secure.gravatar.com\/avatar\/d282d70901c093d417c40ef93cb537ed734f8c89a218e980f2eb8806fb2268e4?s=96&d=mm&r=g","contentUrl":"https:\/\/secure.gravatar.com\/avatar\/d282d70901c093d417c40ef93cb537ed734f8c89a218e980f2eb8806fb2268e4?s=96&d=mm&r=g","caption":"GrabAdmin"},"sameAs":["http:\/\/grabowiec.pl\/ug"],"url":"https:\/\/grabowiec.pl\/ug\/index.php\/author\/grabadmin\/"}]}},"_links":{"self":[{"href":"https:\/\/grabowiec.pl\/ug\/index.php\/wp-json\/wp\/v2\/posts\/4485","targetHints":{"allow":["GET"]}}],"collection":[{"href":"https:\/\/grabowiec.pl\/ug\/index.php\/wp-json\/wp\/v2\/posts"}],"about":[{"href":"https:\/\/grabowiec.pl\/ug\/index.php\/wp-json\/wp\/v2\/types\/post"}],"author":[{"embeddable":true,"href":"https:\/\/grabowiec.pl\/ug\/index.php\/wp-json\/wp\/v2\/users\/1"}],"replies":[{"embeddable":true,"href":"https:\/\/grabowiec.pl\/ug\/index.php\/wp-json\/wp\/v2\/comments?post=4485"}],"version-history":[{"count":2,"href":"https:\/\/grabowiec.pl\/ug\/index.php\/wp-json\/wp\/v2\/posts\/4485\/revisions"}],"predecessor-version":[{"id":4488,"href":"https:\/\/grabowiec.pl\/ug\/index.php\/wp-json\/wp\/v2\/posts\/4485\/revisions\/4488"}],"wp:featuredmedia":[{"embeddable":true,"href":"https:\/\/grabowiec.pl\/ug\/index.php\/wp-json\/wp\/v2\/media\/4486"}],"wp:attachment":[{"href":"https:\/\/grabowiec.pl\/ug\/index.php\/wp-json\/wp\/v2\/media?parent=4485"}],"wp:term":[{"taxonomy":"category","embeddable":true,"href":"https:\/\/grabowiec.pl\/ug\/index.php\/wp-json\/wp\/v2\/categories?post=4485"},{"taxonomy":"post_tag","embeddable":true,"href":"https:\/\/grabowiec.pl\/ug\/index.php\/wp-json\/wp\/v2\/tags?post=4485"}],"curies":[{"name":"wp","href":"https:\/\/api.w.org\/{rel}","templated":true}]}}