{"id":4569,"date":"2025-04-10T10:49:28","date_gmt":"2025-04-10T08:49:28","guid":{"rendered":"https:\/\/grabowiec.pl\/ug\/?p=4569"},"modified":"2025-04-10T10:49:41","modified_gmt":"2025-04-10T08:49:41","slug":"wscieklizna-smiertelne-zagrozenie-dla-ludzi-i-zwierzat","status":"publish","type":"post","link":"https:\/\/grabowiec.pl\/ug\/index.php\/2025\/04\/10\/wscieklizna-smiertelne-zagrozenie-dla-ludzi-i-zwierzat\/","title":{"rendered":"W\u015bcieklizna &#8211; \u015bmiertelne zagro\u017cenie dla ludzi i zwierz\u0105t."},"content":{"rendered":"\n<p>Fundacja ZWIERZ przypomina o realnym zagro\u017ceniu, jakie niesie ze sob\u0105 w\u015bcieklizna \u2013 jedna z najniebezpieczniejszych chor\u00f3b wirusowych, kt\u00f3ra mo\u017ce dotkn\u0105\u0107 wszystkie gatunki ssak\u00f3w, w tym ludzi. Choroba atakuje o\u015brodkowy uk\u0142ad nerwowy, a po wyst\u0105pieniu objaw\u00f3w niemal zawsze ko\u0144czy si\u0119 \u015bmierci\u0105.<\/p>\n\n\n\n<p>Do zaka\u017cenia dochodzi najcz\u0119\u015bciej przez kontakt \u015bliny zaka\u017conego zwierz\u0119cia z uszkodzon\u0105 sk\u00f3r\u0105 lub b\u0142onami \u015bluzowymi. W Polsce g\u0142\u00f3wnym rezerwuarem wirusa s\u0105 lisy rude, ale zagro\u017cenie mog\u0105 stanowi\u0107 r\u00f3wnie\u017c nietoperze, psy, koty i inne dzikie zwierz\u0119ta.<\/p>\n\n\n\n<p><strong>Szczepienie ps\u00f3w przeciwko w\u015bciekli\u017anie jest obowi\u0105zkowe<\/strong> \u2013 ka\u017cdy pies powy\u017cej 3. miesi\u0105ca \u017cycia musi zosta\u0107 zaszczepiony w ci\u0105gu 30 dni, a nast\u0119pnie regularnie co roku. Brak szczepienia to nie tylko ryzyko zdrowotne, ale i mandat dla opiekuna.<\/p>\n\n\n\n<p>Fundacja ZWIERZ rozes\u0142a\u0142a do wszystkich gmin w Polsce <strong>bezp\u0142atne plakaty informacyjne o w\u015bciekli\u017anie<\/strong>, zach\u0119caj\u0105c do ich udost\u0119pniania i zwi\u0119kszania \u015bwiadomo\u015bci w\u015br\u00f3d mieszka\u0144c\u00f3w. Urz\u0119dy proszone s\u0105 o sprawdzenie skrzynek mailowych.<\/p>\n\n\n\n<p><strong>W przypadku pogryzienia przez zwierz\u0119:<\/strong><\/p>\n\n\n\n<ul class=\"wp-block-list\">\n<li>dok\u0142adnie przemyj ran\u0119 wod\u0105 z myd\u0142em,<br><br><\/li>\n\n\n\n<li>jak najszybciej skontaktuj si\u0119 z lekarzem \u2013 mo\u017cliwe b\u0119dzie zastosowanie szczepie\u0144 poekspozycyjnych.<\/li>\n<\/ul>\n\n\n\n<p><strong>Objawy w\u015bcieklizny<\/strong><\/p>\n\n\n\n<p>U zwierz\u0105t choroba mo\u017ce przebiega\u0107 w formie:<\/p>\n\n\n\n<p>\u2022 <strong>sza\u0142owej<\/strong> \u2013 zwierz\u0119ta staj\u0105 si\u0119 agresywne, atakuj\u0105 bez powodu, maj\u0105 trudno\u015bci z prze\u0142ykaniem i nadmiernie si\u0119 \u015blini\u0105, cierpi\u0105 na \u015bwiat\u0142owstr\u0119t, boj\u0105 si\u0119 wody i dotyku, a tak\u017ce maj\u0105 przekrwione oczy,<\/p>\n\n\n\n<p>\u2022 <strong>cichej<\/strong> \u2013 post\u0119puj\u0105ce pora\u017cenia ko\u0144czyn, \u015bmier\u0107 w wyniku niewydolno\u015bci oddechowej.<\/p>\n\n\n\n<p><strong>W\u015bcieklizna to \u015bmiertelne zagro\u017cenie dla zwierz\u0105t i ludzi, kt\u00f3remu mo\u017cna zapobiec.<\/strong> Profilaktyka i szybka reakcja ratuj\u0105 \u017cycie.<\/p>\n\n\n\n<p><strong>B\u0105d\u017a odpowiedzialny &#8211; zaszczep swojego psa!<\/strong><\/p>\n\n\n\n<figure class=\"wp-block-image size-full is-resized\"><img loading=\"lazy\" decoding=\"async\" width=\"854\" height=\"1200\" src=\"https:\/\/grabowiec.pl\/ug\/wp-content\/uploads\/2025\/04\/ZWIERZ-szczepienia-plakat-A3-www.jpg\" alt=\"\" class=\"wp-image-4570\" style=\"width:1294px;height:auto\" srcset=\"https:\/\/grabowiec.pl\/ug\/wp-content\/uploads\/2025\/04\/ZWIERZ-szczepienia-plakat-A3-www.jpg 854w, https:\/\/grabowiec.pl\/ug\/wp-content\/uploads\/2025\/04\/ZWIERZ-szczepienia-plakat-A3-www-214x300.jpg 214w, https:\/\/grabowiec.pl\/ug\/wp-content\/uploads\/2025\/04\/ZWIERZ-szczepienia-plakat-A3-www-729x1024.jpg 729w, https:\/\/grabowiec.pl\/ug\/wp-content\/uploads\/2025\/04\/ZWIERZ-szczepienia-plakat-A3-www-768x1079.jpg 768w\" sizes=\"auto, (max-width: 854px) 100vw, 854px\" \/><\/figure>\n","protected":false},"excerpt":{"rendered":"<p>Fundacja ZWIERZ przypomina o realnym zagro\u017ceniu, jakie niesie ze sob\u0105 w\u015bcieklizna \u2013 jedna z najniebezpieczniejszych &hellip;<\/p>\n","protected":false},"author":1,"featured_media":0,"comment_status":"closed","ping_status":"closed","sticky":false,"template":"","format":"standard","meta":{"footnotes":""},"categories":[5],"tags":[],"class_list":["post-4569","post","type-post","status-publish","format-standard","hentry","category-informacje"],"author_data":{"name":"GrabAdmin","url":"https:\/\/grabowiec.pl\/ug\/index.php\/author\/grabadmin\/"},"excerpt_data":"Fundacja ZWIERZ przypomina o realnym zagro\u017ceniu, jakie niesie ze sob\u0105 w\u015bcieklizna \u2013 jedna z najniebezpieczniejszych...","categories_data":{"5":{"term_id":5,"name":"INFORMACJE","slug":"informacje","term_group":0,"term_taxonomy_id":5,"taxonomy":"category","description":"","parent":0,"count":80,"filter":"raw","cat_ID":5,"category_count":80,"category_description":"","cat_name":"INFORMACJE","category_nicename":"informacje","category_parent":0}},"featured_image_src":"","date_formated":"2025-04-10","yoast_head":"<!-- This site is optimized with the Yoast SEO plugin v27.4 - https:\/\/yoast.com\/product\/yoast-seo-wordpress\/ -->\n<title>W\u015bcieklizna - \u015bmiertelne zagro\u017cenie dla ludzi i zwierz\u0105t. - GMINA GRABOWIEC<\/title>\n<meta name=\"robots\" content=\"index, follow, max-snippet:-1, max-image-preview:large, max-video-preview:-1\" \/>\n<link rel=\"canonical\" href=\"https:\/\/grabowiec.pl\/ug\/index.php\/2025\/04\/10\/wscieklizna-smiertelne-zagrozenie-dla-ludzi-i-zwierzat\/\" \/>\n<meta property=\"og:locale\" content=\"pl_PL\" \/>\n<meta property=\"og:type\" content=\"article\" \/>\n<meta property=\"og:title\" content=\"W\u015bcieklizna - \u015bmiertelne zagro\u017cenie dla ludzi i zwierz\u0105t. - GMINA GRABOWIEC\" \/>\n<meta property=\"og:description\" content=\"Fundacja ZWIERZ przypomina o realnym zagro\u017ceniu, jakie niesie ze sob\u0105 w\u015bcieklizna \u2013 jedna z najniebezpieczniejszych &hellip;\" \/>\n<meta property=\"og:url\" content=\"https:\/\/grabowiec.pl\/ug\/index.php\/2025\/04\/10\/wscieklizna-smiertelne-zagrozenie-dla-ludzi-i-zwierzat\/\" \/>\n<meta property=\"og:site_name\" content=\"GMINA GRABOWIEC\" \/>\n<meta property=\"article:published_time\" content=\"2025-04-10T08:49:28+00:00\" \/>\n<meta property=\"article:modified_time\" content=\"2025-04-10T08:49:41+00:00\" \/>\n<meta property=\"og:image\" content=\"https:\/\/grabowiec.pl\/ug\/wp-content\/uploads\/2025\/04\/ZWIERZ-szczepienia-plakat-A3-www.jpg\" \/>\n\t<meta property=\"og:image:width\" content=\"854\" \/>\n\t<meta property=\"og:image:height\" content=\"1200\" \/>\n\t<meta property=\"og:image:type\" content=\"image\/jpeg\" \/>\n<meta name=\"author\" content=\"GrabAdmin\" \/>\n<meta name=\"twitter:card\" content=\"summary_large_image\" \/>\n<meta name=\"twitter:label1\" content=\"Napisane przez\" \/>\n\t<meta name=\"twitter:data1\" content=\"GrabAdmin\" \/>\n\t<meta name=\"twitter:label2\" content=\"Szacowany czas czytania\" \/>\n\t<meta name=\"twitter:data2\" content=\"2 minuty\" \/>\n<script type=\"application\/ld+json\" class=\"yoast-schema-graph\">{\"@context\":\"https:\\\/\\\/schema.org\",\"@graph\":[{\"@type\":\"Article\",\"@id\":\"https:\\\/\\\/grabowiec.pl\\\/ug\\\/index.php\\\/2025\\\/04\\\/10\\\/wscieklizna-smiertelne-zagrozenie-dla-ludzi-i-zwierzat\\\/#article\",\"isPartOf\":{\"@id\":\"https:\\\/\\\/grabowiec.pl\\\/ug\\\/index.php\\\/2025\\\/04\\\/10\\\/wscieklizna-smiertelne-zagrozenie-dla-ludzi-i-zwierzat\\\/\"},\"author\":{\"name\":\"GrabAdmin\",\"@id\":\"https:\\\/\\\/grabowiec.pl\\\/ug\\\/#\\\/schema\\\/person\\\/5985d73d5ee31f074e8352f4782bdf99\"},\"headline\":\"W\u015bcieklizna &#8211; \u015bmiertelne zagro\u017cenie dla ludzi i zwierz\u0105t.\",\"datePublished\":\"2025-04-10T08:49:28+00:00\",\"dateModified\":\"2025-04-10T08:49:41+00:00\",\"mainEntityOfPage\":{\"@id\":\"https:\\\/\\\/grabowiec.pl\\\/ug\\\/index.php\\\/2025\\\/04\\\/10\\\/wscieklizna-smiertelne-zagrozenie-dla-ludzi-i-zwierzat\\\/\"},\"wordCount\":310,\"publisher\":{\"@id\":\"https:\\\/\\\/grabowiec.pl\\\/ug\\\/#organization\"},\"image\":{\"@id\":\"https:\\\/\\\/grabowiec.pl\\\/ug\\\/index.php\\\/2025\\\/04\\\/10\\\/wscieklizna-smiertelne-zagrozenie-dla-ludzi-i-zwierzat\\\/#primaryimage\"},\"thumbnailUrl\":\"https:\\\/\\\/grabowiec.pl\\\/ug\\\/wp-content\\\/uploads\\\/2025\\\/04\\\/ZWIERZ-szczepienia-plakat-A3-www.jpg\",\"articleSection\":[\"INFORMACJE\"],\"inLanguage\":\"pl-PL\"},{\"@type\":\"WebPage\",\"@id\":\"https:\\\/\\\/grabowiec.pl\\\/ug\\\/index.php\\\/2025\\\/04\\\/10\\\/wscieklizna-smiertelne-zagrozenie-dla-ludzi-i-zwierzat\\\/\",\"url\":\"https:\\\/\\\/grabowiec.pl\\\/ug\\\/index.php\\\/2025\\\/04\\\/10\\\/wscieklizna-smiertelne-zagrozenie-dla-ludzi-i-zwierzat\\\/\",\"name\":\"W\u015bcieklizna - \u015bmiertelne zagro\u017cenie dla ludzi i zwierz\u0105t. - GMINA GRABOWIEC\",\"isPartOf\":{\"@id\":\"https:\\\/\\\/grabowiec.pl\\\/ug\\\/#website\"},\"primaryImageOfPage\":{\"@id\":\"https:\\\/\\\/grabowiec.pl\\\/ug\\\/index.php\\\/2025\\\/04\\\/10\\\/wscieklizna-smiertelne-zagrozenie-dla-ludzi-i-zwierzat\\\/#primaryimage\"},\"image\":{\"@id\":\"https:\\\/\\\/grabowiec.pl\\\/ug\\\/index.php\\\/2025\\\/04\\\/10\\\/wscieklizna-smiertelne-zagrozenie-dla-ludzi-i-zwierzat\\\/#primaryimage\"},\"thumbnailUrl\":\"https:\\\/\\\/grabowiec.pl\\\/ug\\\/wp-content\\\/uploads\\\/2025\\\/04\\\/ZWIERZ-szczepienia-plakat-A3-www.jpg\",\"datePublished\":\"2025-04-10T08:49:28+00:00\",\"dateModified\":\"2025-04-10T08:49:41+00:00\",\"breadcrumb\":{\"@id\":\"https:\\\/\\\/grabowiec.pl\\\/ug\\\/index.php\\\/2025\\\/04\\\/10\\\/wscieklizna-smiertelne-zagrozenie-dla-ludzi-i-zwierzat\\\/#breadcrumb\"},\"inLanguage\":\"pl-PL\",\"potentialAction\":[{\"@type\":\"ReadAction\",\"target\":[\"https:\\\/\\\/grabowiec.pl\\\/ug\\\/index.php\\\/2025\\\/04\\\/10\\\/wscieklizna-smiertelne-zagrozenie-dla-ludzi-i-zwierzat\\\/\"]}]},{\"@type\":\"ImageObject\",\"inLanguage\":\"pl-PL\",\"@id\":\"https:\\\/\\\/grabowiec.pl\\\/ug\\\/index.php\\\/2025\\\/04\\\/10\\\/wscieklizna-smiertelne-zagrozenie-dla-ludzi-i-zwierzat\\\/#primaryimage\",\"url\":\"https:\\\/\\\/grabowiec.pl\\\/ug\\\/wp-content\\\/uploads\\\/2025\\\/04\\\/ZWIERZ-szczepienia-plakat-A3-www.jpg\",\"contentUrl\":\"https:\\\/\\\/grabowiec.pl\\\/ug\\\/wp-content\\\/uploads\\\/2025\\\/04\\\/ZWIERZ-szczepienia-plakat-A3-www.jpg\",\"width\":854,\"height\":1200},{\"@type\":\"BreadcrumbList\",\"@id\":\"https:\\\/\\\/grabowiec.pl\\\/ug\\\/index.php\\\/2025\\\/04\\\/10\\\/wscieklizna-smiertelne-zagrozenie-dla-ludzi-i-zwierzat\\\/#breadcrumb\",\"itemListElement\":[{\"@type\":\"ListItem\",\"position\":1,\"name\":\"Strona g\u0142\u00f3wna\",\"item\":\"https:\\\/\\\/grabowiec.pl\\\/ug\\\/\"},{\"@type\":\"ListItem\",\"position\":2,\"name\":\"W\u015bcieklizna &#8211; \u015bmiertelne zagro\u017cenie dla ludzi i zwierz\u0105t.\"}]},{\"@type\":\"WebSite\",\"@id\":\"https:\\\/\\\/grabowiec.pl\\\/ug\\\/#website\",\"url\":\"https:\\\/\\\/grabowiec.pl\\\/ug\\\/\",\"name\":\"GMINA GRABOWIEC\",\"description\":\"\",\"publisher\":{\"@id\":\"https:\\\/\\\/grabowiec.pl\\\/ug\\\/#organization\"},\"potentialAction\":[{\"@type\":\"SearchAction\",\"target\":{\"@type\":\"EntryPoint\",\"urlTemplate\":\"https:\\\/\\\/grabowiec.pl\\\/ug\\\/?s={search_term_string}\"},\"query-input\":{\"@type\":\"PropertyValueSpecification\",\"valueRequired\":true,\"valueName\":\"search_term_string\"}}],\"inLanguage\":\"pl-PL\"},{\"@type\":\"Organization\",\"@id\":\"https:\\\/\\\/grabowiec.pl\\\/ug\\\/#organization\",\"name\":\"GMINA GRABOWIEC\",\"url\":\"https:\\\/\\\/grabowiec.pl\\\/ug\\\/\",\"logo\":{\"@type\":\"ImageObject\",\"inLanguage\":\"pl-PL\",\"@id\":\"https:\\\/\\\/grabowiec.pl\\\/ug\\\/#\\\/schema\\\/logo\\\/image\\\/\",\"url\":\"https:\\\/\\\/grabowiec.pl\\\/ug\\\/wp-content\\\/uploads\\\/2023\\\/02\\\/grab-herb.png\",\"contentUrl\":\"https:\\\/\\\/grabowiec.pl\\\/ug\\\/wp-content\\\/uploads\\\/2023\\\/02\\\/grab-herb.png\",\"width\":500,\"height\":600,\"caption\":\"GMINA GRABOWIEC\"},\"image\":{\"@id\":\"https:\\\/\\\/grabowiec.pl\\\/ug\\\/#\\\/schema\\\/logo\\\/image\\\/\"}},{\"@type\":\"Person\",\"@id\":\"https:\\\/\\\/grabowiec.pl\\\/ug\\\/#\\\/schema\\\/person\\\/5985d73d5ee31f074e8352f4782bdf99\",\"name\":\"GrabAdmin\",\"image\":{\"@type\":\"ImageObject\",\"inLanguage\":\"pl-PL\",\"@id\":\"https:\\\/\\\/secure.gravatar.com\\\/avatar\\\/d282d70901c093d417c40ef93cb537ed734f8c89a218e980f2eb8806fb2268e4?s=96&d=mm&r=g\",\"url\":\"https:\\\/\\\/secure.gravatar.com\\\/avatar\\\/d282d70901c093d417c40ef93cb537ed734f8c89a218e980f2eb8806fb2268e4?s=96&d=mm&r=g\",\"contentUrl\":\"https:\\\/\\\/secure.gravatar.com\\\/avatar\\\/d282d70901c093d417c40ef93cb537ed734f8c89a218e980f2eb8806fb2268e4?s=96&d=mm&r=g\",\"caption\":\"GrabAdmin\"},\"sameAs\":[\"http:\\\/\\\/grabowiec.pl\\\/ug\"],\"url\":\"https:\\\/\\\/grabowiec.pl\\\/ug\\\/index.php\\\/author\\\/grabadmin\\\/\"}]}<\/script>\n<!-- \/ Yoast SEO plugin. -->","yoast_head_json":{"title":"W\u015bcieklizna - \u015bmiertelne zagro\u017cenie dla ludzi i zwierz\u0105t. - GMINA GRABOWIEC","robots":{"index":"index","follow":"follow","max-snippet":"max-snippet:-1","max-image-preview":"max-image-preview:large","max-video-preview":"max-video-preview:-1"},"canonical":"https:\/\/grabowiec.pl\/ug\/index.php\/2025\/04\/10\/wscieklizna-smiertelne-zagrozenie-dla-ludzi-i-zwierzat\/","og_locale":"pl_PL","og_type":"article","og_title":"W\u015bcieklizna - \u015bmiertelne zagro\u017cenie dla ludzi i zwierz\u0105t. - GMINA GRABOWIEC","og_description":"Fundacja ZWIERZ przypomina o realnym zagro\u017ceniu, jakie niesie ze sob\u0105 w\u015bcieklizna \u2013 jedna z najniebezpieczniejszych &hellip;","og_url":"https:\/\/grabowiec.pl\/ug\/index.php\/2025\/04\/10\/wscieklizna-smiertelne-zagrozenie-dla-ludzi-i-zwierzat\/","og_site_name":"GMINA GRABOWIEC","article_published_time":"2025-04-10T08:49:28+00:00","article_modified_time":"2025-04-10T08:49:41+00:00","og_image":[{"width":854,"height":1200,"url":"https:\/\/grabowiec.pl\/ug\/wp-content\/uploads\/2025\/04\/ZWIERZ-szczepienia-plakat-A3-www.jpg","type":"image\/jpeg"}],"author":"GrabAdmin","twitter_card":"summary_large_image","twitter_misc":{"Napisane przez":"GrabAdmin","Szacowany czas czytania":"2 minuty"},"schema":{"@context":"https:\/\/schema.org","@graph":[{"@type":"Article","@id":"https:\/\/grabowiec.pl\/ug\/index.php\/2025\/04\/10\/wscieklizna-smiertelne-zagrozenie-dla-ludzi-i-zwierzat\/#article","isPartOf":{"@id":"https:\/\/grabowiec.pl\/ug\/index.php\/2025\/04\/10\/wscieklizna-smiertelne-zagrozenie-dla-ludzi-i-zwierzat\/"},"author":{"name":"GrabAdmin","@id":"https:\/\/grabowiec.pl\/ug\/#\/schema\/person\/5985d73d5ee31f074e8352f4782bdf99"},"headline":"W\u015bcieklizna &#8211; \u015bmiertelne zagro\u017cenie dla ludzi i zwierz\u0105t.","datePublished":"2025-04-10T08:49:28+00:00","dateModified":"2025-04-10T08:49:41+00:00","mainEntityOfPage":{"@id":"https:\/\/grabowiec.pl\/ug\/index.php\/2025\/04\/10\/wscieklizna-smiertelne-zagrozenie-dla-ludzi-i-zwierzat\/"},"wordCount":310,"publisher":{"@id":"https:\/\/grabowiec.pl\/ug\/#organization"},"image":{"@id":"https:\/\/grabowiec.pl\/ug\/index.php\/2025\/04\/10\/wscieklizna-smiertelne-zagrozenie-dla-ludzi-i-zwierzat\/#primaryimage"},"thumbnailUrl":"https:\/\/grabowiec.pl\/ug\/wp-content\/uploads\/2025\/04\/ZWIERZ-szczepienia-plakat-A3-www.jpg","articleSection":["INFORMACJE"],"inLanguage":"pl-PL"},{"@type":"WebPage","@id":"https:\/\/grabowiec.pl\/ug\/index.php\/2025\/04\/10\/wscieklizna-smiertelne-zagrozenie-dla-ludzi-i-zwierzat\/","url":"https:\/\/grabowiec.pl\/ug\/index.php\/2025\/04\/10\/wscieklizna-smiertelne-zagrozenie-dla-ludzi-i-zwierzat\/","name":"W\u015bcieklizna - \u015bmiertelne zagro\u017cenie dla ludzi i zwierz\u0105t. - GMINA GRABOWIEC","isPartOf":{"@id":"https:\/\/grabowiec.pl\/ug\/#website"},"primaryImageOfPage":{"@id":"https:\/\/grabowiec.pl\/ug\/index.php\/2025\/04\/10\/wscieklizna-smiertelne-zagrozenie-dla-ludzi-i-zwierzat\/#primaryimage"},"image":{"@id":"https:\/\/grabowiec.pl\/ug\/index.php\/2025\/04\/10\/wscieklizna-smiertelne-zagrozenie-dla-ludzi-i-zwierzat\/#primaryimage"},"thumbnailUrl":"https:\/\/grabowiec.pl\/ug\/wp-content\/uploads\/2025\/04\/ZWIERZ-szczepienia-plakat-A3-www.jpg","datePublished":"2025-04-10T08:49:28+00:00","dateModified":"2025-04-10T08:49:41+00:00","breadcrumb":{"@id":"https:\/\/grabowiec.pl\/ug\/index.php\/2025\/04\/10\/wscieklizna-smiertelne-zagrozenie-dla-ludzi-i-zwierzat\/#breadcrumb"},"inLanguage":"pl-PL","potentialAction":[{"@type":"ReadAction","target":["https:\/\/grabowiec.pl\/ug\/index.php\/2025\/04\/10\/wscieklizna-smiertelne-zagrozenie-dla-ludzi-i-zwierzat\/"]}]},{"@type":"ImageObject","inLanguage":"pl-PL","@id":"https:\/\/grabowiec.pl\/ug\/index.php\/2025\/04\/10\/wscieklizna-smiertelne-zagrozenie-dla-ludzi-i-zwierzat\/#primaryimage","url":"https:\/\/grabowiec.pl\/ug\/wp-content\/uploads\/2025\/04\/ZWIERZ-szczepienia-plakat-A3-www.jpg","contentUrl":"https:\/\/grabowiec.pl\/ug\/wp-content\/uploads\/2025\/04\/ZWIERZ-szczepienia-plakat-A3-www.jpg","width":854,"height":1200},{"@type":"BreadcrumbList","@id":"https:\/\/grabowiec.pl\/ug\/index.php\/2025\/04\/10\/wscieklizna-smiertelne-zagrozenie-dla-ludzi-i-zwierzat\/#breadcrumb","itemListElement":[{"@type":"ListItem","position":1,"name":"Strona g\u0142\u00f3wna","item":"https:\/\/grabowiec.pl\/ug\/"},{"@type":"ListItem","position":2,"name":"W\u015bcieklizna &#8211; \u015bmiertelne zagro\u017cenie dla ludzi i zwierz\u0105t."}]},{"@type":"WebSite","@id":"https:\/\/grabowiec.pl\/ug\/#website","url":"https:\/\/grabowiec.pl\/ug\/","name":"GMINA GRABOWIEC","description":"","publisher":{"@id":"https:\/\/grabowiec.pl\/ug\/#organization"},"potentialAction":[{"@type":"SearchAction","target":{"@type":"EntryPoint","urlTemplate":"https:\/\/grabowiec.pl\/ug\/?s={search_term_string}"},"query-input":{"@type":"PropertyValueSpecification","valueRequired":true,"valueName":"search_term_string"}}],"inLanguage":"pl-PL"},{"@type":"Organization","@id":"https:\/\/grabowiec.pl\/ug\/#organization","name":"GMINA GRABOWIEC","url":"https:\/\/grabowiec.pl\/ug\/","logo":{"@type":"ImageObject","inLanguage":"pl-PL","@id":"https:\/\/grabowiec.pl\/ug\/#\/schema\/logo\/image\/","url":"https:\/\/grabowiec.pl\/ug\/wp-content\/uploads\/2023\/02\/grab-herb.png","contentUrl":"https:\/\/grabowiec.pl\/ug\/wp-content\/uploads\/2023\/02\/grab-herb.png","width":500,"height":600,"caption":"GMINA GRABOWIEC"},"image":{"@id":"https:\/\/grabowiec.pl\/ug\/#\/schema\/logo\/image\/"}},{"@type":"Person","@id":"https:\/\/grabowiec.pl\/ug\/#\/schema\/person\/5985d73d5ee31f074e8352f4782bdf99","name":"GrabAdmin","image":{"@type":"ImageObject","inLanguage":"pl-PL","@id":"https:\/\/secure.gravatar.com\/avatar\/d282d70901c093d417c40ef93cb537ed734f8c89a218e980f2eb8806fb2268e4?s=96&d=mm&r=g","url":"https:\/\/secure.gravatar.com\/avatar\/d282d70901c093d417c40ef93cb537ed734f8c89a218e980f2eb8806fb2268e4?s=96&d=mm&r=g","contentUrl":"https:\/\/secure.gravatar.com\/avatar\/d282d70901c093d417c40ef93cb537ed734f8c89a218e980f2eb8806fb2268e4?s=96&d=mm&r=g","caption":"GrabAdmin"},"sameAs":["http:\/\/grabowiec.pl\/ug"],"url":"https:\/\/grabowiec.pl\/ug\/index.php\/author\/grabadmin\/"}]}},"_links":{"self":[{"href":"https:\/\/grabowiec.pl\/ug\/index.php\/wp-json\/wp\/v2\/posts\/4569","targetHints":{"allow":["GET"]}}],"collection":[{"href":"https:\/\/grabowiec.pl\/ug\/index.php\/wp-json\/wp\/v2\/posts"}],"about":[{"href":"https:\/\/grabowiec.pl\/ug\/index.php\/wp-json\/wp\/v2\/types\/post"}],"author":[{"embeddable":true,"href":"https:\/\/grabowiec.pl\/ug\/index.php\/wp-json\/wp\/v2\/users\/1"}],"replies":[{"embeddable":true,"href":"https:\/\/grabowiec.pl\/ug\/index.php\/wp-json\/wp\/v2\/comments?post=4569"}],"version-history":[{"count":1,"href":"https:\/\/grabowiec.pl\/ug\/index.php\/wp-json\/wp\/v2\/posts\/4569\/revisions"}],"predecessor-version":[{"id":4572,"href":"https:\/\/grabowiec.pl\/ug\/index.php\/wp-json\/wp\/v2\/posts\/4569\/revisions\/4572"}],"wp:attachment":[{"href":"https:\/\/grabowiec.pl\/ug\/index.php\/wp-json\/wp\/v2\/media?parent=4569"}],"wp:term":[{"taxonomy":"category","embeddable":true,"href":"https:\/\/grabowiec.pl\/ug\/index.php\/wp-json\/wp\/v2\/categories?post=4569"},{"taxonomy":"post_tag","embeddable":true,"href":"https:\/\/grabowiec.pl\/ug\/index.php\/wp-json\/wp\/v2\/tags?post=4569"}],"curies":[{"name":"wp","href":"https:\/\/api.w.org\/{rel}","templated":true}]}}