{"id":4960,"date":"2025-06-13T15:29:18","date_gmt":"2025-06-13T13:29:18","guid":{"rendered":"https:\/\/grabowiec.pl\/ug\/?p=4960"},"modified":"2025-06-13T15:29:18","modified_gmt":"2025-06-13T13:29:18","slug":"nabor-wnioskow-do-projektu-indywidualnekonta-rozwojowe","status":"publish","type":"post","link":"https:\/\/grabowiec.pl\/ug\/index.php\/2025\/06\/13\/nabor-wnioskow-do-projektu-indywidualnekonta-rozwojowe\/","title":{"rendered":"NAB\u00d3R WNIOSK\u00d3W DO PROJEKTU INDYWIDUALNEKONTA ROZWOJOWE\u00a0"},"content":{"rendered":"\n<p>Od 2 czerwca br. trwa pierwszy og\u00f3lnopolski nab\u00f3r wniosk\u00f3w do projektu Indywidualne Konta Rozwojowe (IKR) Junior, finansowanego z programu FERS 2021-2027.<\/p>\n\n\n\n<p>Projekt Indywidualne Konta Rozwojowe (IKR) Junior to unikalna inicjatywa skierowana do uczni\u00f3w i uczennic klas 5\u20138 szk\u00f3\u0142 podstawowych oraz szk\u00f3\u0142 ponadpodstawowych, z wy\u0142\u0105czeniem szk\u00f3\u0142 policealnych. Misj\u0105 projektu jest wspieranie dzieci i m\u0142odzie\u017cy z rodzin o niskich dochodach oraz umieszczonych w pieczy zast\u0119pczej, umo\u017cliwiaj\u0105c im rozwijanie talent\u00f3w i zainteresowa\u0144 poprzez realizacj\u0119 r\u00f3\u017cnorodnych zaj\u0119\u0107 dodatkowych. \u015arodki otrzymane w ramach przyznanego stypendium (maks. 15 000 z\u0142 na trzy lata) mo\u017cna przeznaczy\u0107 na dowolne zaj\u0119cia dodatkowe np. zaj\u0119cia sportowe, j\u0119zykowe, artystyczne czy na wakacyjne obozy edukacyjne.<\/p>\n\n\n\n<p>Wniosek o przyznanie stypendium IKR Junior mo\u017cna z\u0142o\u017cy\u0107 za pomoc\u0105 dw\u00f3ch dost\u0119pnych \u015bcie\u017cek:<\/p>\n\n\n\n<p><em>Indywidualna: rodzice, opiekunowie prawni, opiekunowie faktyczni lub uczniowie pe\u0142noletni mog\u0105 samodzielnie z\u0142o\u017cy\u0107 wniosek.<\/em><\/p>\n\n\n\n<p><em>Instytucjonalna: szko\u0142y oraz plac\u00f3wki opieku\u0144czo-wychowawcze mog\u0105 zg\u0142asza\u0107 swoich uczni\u00f3w.<\/em><\/p>\n\n\n\n<p>LINK DO STRONY:\u00a0<a href=\"https:\/\/www.frse.org.pl\/fers-ikr\" target=\"_blank\" rel=\"noreferrer noopener\">https:\/\/www.frse.org.pl\/fers-ikr<\/a>\u00a0[1]<\/p>\n\n\n\n<p>Z\u0141\u00d3\u017b WNIOSEK:\u00a0\u00a0<a href=\"https:\/\/forms.frse.org.pl\/\" target=\"_blank\" rel=\"noreferrer noopener\">https:\/\/forms.frse.org.pl\/<\/a>\u00a0[2]<\/p>\n\n\n\n<figure class=\"wp-block-gallery has-nested-images columns-default is-cropped wp-block-gallery-1 is-layout-flex wp-block-gallery-is-layout-flex\">\n<figure data-wp-context=\"{&quot;imageId&quot;:&quot;69f42baddf575&quot;}\" data-wp-interactive=\"core\/image\" data-wp-key=\"69f42baddf575\" class=\"wp-block-image size-large wp-lightbox-container\"><img loading=\"lazy\" decoding=\"async\" width=\"721\" height=\"1024\" data-wp-class--hide=\"state.isContentHidden\" data-wp-class--show=\"state.isContentVisible\" data-wp-init=\"callbacks.setButtonStyles\" data-wp-on--click=\"actions.showLightbox\" data-wp-on--load=\"callbacks.setButtonStyles\" data-wp-on-window--resize=\"callbacks.setButtonStyles\" data-id=\"4961\" src=\"https:\/\/grabowiec.pl\/ug\/wp-content\/uploads\/2025\/06\/info-1-721x1024.jpg\" alt=\"\" class=\"wp-image-4961\" srcset=\"https:\/\/grabowiec.pl\/ug\/wp-content\/uploads\/2025\/06\/info-1-721x1024.jpg 721w, https:\/\/grabowiec.pl\/ug\/wp-content\/uploads\/2025\/06\/info-1-211x300.jpg 211w, https:\/\/grabowiec.pl\/ug\/wp-content\/uploads\/2025\/06\/info-1-768x1090.jpg 768w, https:\/\/grabowiec.pl\/ug\/wp-content\/uploads\/2025\/06\/info-1.jpg 932w\" sizes=\"auto, (max-width: 721px) 100vw, 721px\" \/><button\n\t\t\tclass=\"lightbox-trigger\"\n\t\t\ttype=\"button\"\n\t\t\taria-haspopup=\"dialog\"\n\t\t\taria-label=\"Powi\u0119ksz\"\n\t\t\tdata-wp-init=\"callbacks.initTriggerButton\"\n\t\t\tdata-wp-on--click=\"actions.showLightbox\"\n\t\t\tdata-wp-style--right=\"state.imageButtonRight\"\n\t\t\tdata-wp-style--top=\"state.imageButtonTop\"\n\t\t>\n\t\t\t<svg xmlns=\"http:\/\/www.w3.org\/2000\/svg\" width=\"12\" height=\"12\" fill=\"none\" viewBox=\"0 0 12 12\">\n\t\t\t\t<path fill=\"#fff\" d=\"M2 0a2 2 0 0 0-2 2v2h1.5V2a.5.5 0 0 1 .5-.5h2V0H2Zm2 10.5H2a.5.5 0 0 1-.5-.5V8H0v2a2 2 0 0 0 2 2h2v-1.5ZM8 12v-1.5h2a.5.5 0 0 0 .5-.5V8H12v2a2 2 0 0 1-2 2H8Zm2-12a2 2 0 0 1 2 2v2h-1.5V2a.5.5 0 0 0-.5-.5H8V0h2Z\" \/>\n\t\t\t<\/svg>\n\t\t<\/button><\/figure>\n\n\n\n<figure data-wp-context=\"{&quot;imageId&quot;:&quot;69f42bade04b2&quot;}\" data-wp-interactive=\"core\/image\" data-wp-key=\"69f42bade04b2\" class=\"wp-block-image size-large wp-lightbox-container\"><img loading=\"lazy\" decoding=\"async\" width=\"721\" height=\"1024\" data-wp-class--hide=\"state.isContentHidden\" data-wp-class--show=\"state.isContentVisible\" data-wp-init=\"callbacks.setButtonStyles\" data-wp-on--click=\"actions.showLightbox\" data-wp-on--load=\"callbacks.setButtonStyles\" data-wp-on-window--resize=\"callbacks.setButtonStyles\" data-id=\"4962\" src=\"https:\/\/grabowiec.pl\/ug\/wp-content\/uploads\/2025\/06\/info-2-721x1024.jpg\" alt=\"\" class=\"wp-image-4962\" srcset=\"https:\/\/grabowiec.pl\/ug\/wp-content\/uploads\/2025\/06\/info-2-721x1024.jpg 721w, https:\/\/grabowiec.pl\/ug\/wp-content\/uploads\/2025\/06\/info-2-211x300.jpg 211w, https:\/\/grabowiec.pl\/ug\/wp-content\/uploads\/2025\/06\/info-2-768x1090.jpg 768w, https:\/\/grabowiec.pl\/ug\/wp-content\/uploads\/2025\/06\/info-2.jpg 932w\" sizes=\"auto, (max-width: 721px) 100vw, 721px\" \/><button\n\t\t\tclass=\"lightbox-trigger\"\n\t\t\ttype=\"button\"\n\t\t\taria-haspopup=\"dialog\"\n\t\t\taria-label=\"Powi\u0119ksz\"\n\t\t\tdata-wp-init=\"callbacks.initTriggerButton\"\n\t\t\tdata-wp-on--click=\"actions.showLightbox\"\n\t\t\tdata-wp-style--right=\"state.imageButtonRight\"\n\t\t\tdata-wp-style--top=\"state.imageButtonTop\"\n\t\t>\n\t\t\t<svg xmlns=\"http:\/\/www.w3.org\/2000\/svg\" width=\"12\" height=\"12\" fill=\"none\" viewBox=\"0 0 12 12\">\n\t\t\t\t<path fill=\"#fff\" d=\"M2 0a2 2 0 0 0-2 2v2h1.5V2a.5.5 0 0 1 .5-.5h2V0H2Zm2 10.5H2a.5.5 0 0 1-.5-.5V8H0v2a2 2 0 0 0 2 2h2v-1.5ZM8 12v-1.5h2a.5.5 0 0 0 .5-.5V8H12v2a2 2 0 0 1-2 2H8Zm2-12a2 2 0 0 1 2 2v2h-1.5V2a.5.5 0 0 0-.5-.5H8V0h2Z\" \/>\n\t\t\t<\/svg>\n\t\t<\/button><\/figure>\n\n\n\n<figure data-wp-context=\"{&quot;imageId&quot;:&quot;69f42bade0fb8&quot;}\" data-wp-interactive=\"core\/image\" data-wp-key=\"69f42bade0fb8\" class=\"wp-block-image size-large wp-lightbox-container\"><img loading=\"lazy\" decoding=\"async\" width=\"724\" height=\"1024\" data-wp-class--hide=\"state.isContentHidden\" data-wp-class--show=\"state.isContentVisible\" data-wp-init=\"callbacks.setButtonStyles\" data-wp-on--click=\"actions.showLightbox\" data-wp-on--load=\"callbacks.setButtonStyles\" data-wp-on-window--resize=\"callbacks.setButtonStyles\" data-id=\"4963\" src=\"https:\/\/grabowiec.pl\/ug\/wp-content\/uploads\/2025\/06\/info-3-724x1024.jpg\" alt=\"\" class=\"wp-image-4963\" srcset=\"https:\/\/grabowiec.pl\/ug\/wp-content\/uploads\/2025\/06\/info-3-724x1024.jpg 724w, https:\/\/grabowiec.pl\/ug\/wp-content\/uploads\/2025\/06\/info-3-212x300.jpg 212w, https:\/\/grabowiec.pl\/ug\/wp-content\/uploads\/2025\/06\/info-3-768x1086.jpg 768w, https:\/\/grabowiec.pl\/ug\/wp-content\/uploads\/2025\/06\/info-3-1086x1536.jpg 1086w, https:\/\/grabowiec.pl\/ug\/wp-content\/uploads\/2025\/06\/info-3-1448x2048.jpg 1448w, https:\/\/grabowiec.pl\/ug\/wp-content\/uploads\/2025\/06\/info-3-scaled.jpg 1810w\" sizes=\"auto, (max-width: 724px) 100vw, 724px\" \/><button\n\t\t\tclass=\"lightbox-trigger\"\n\t\t\ttype=\"button\"\n\t\t\taria-haspopup=\"dialog\"\n\t\t\taria-label=\"Powi\u0119ksz\"\n\t\t\tdata-wp-init=\"callbacks.initTriggerButton\"\n\t\t\tdata-wp-on--click=\"actions.showLightbox\"\n\t\t\tdata-wp-style--right=\"state.imageButtonRight\"\n\t\t\tdata-wp-style--top=\"state.imageButtonTop\"\n\t\t>\n\t\t\t<svg xmlns=\"http:\/\/www.w3.org\/2000\/svg\" width=\"12\" height=\"12\" fill=\"none\" viewBox=\"0 0 12 12\">\n\t\t\t\t<path fill=\"#fff\" d=\"M2 0a2 2 0 0 0-2 2v2h1.5V2a.5.5 0 0 1 .5-.5h2V0H2Zm2 10.5H2a.5.5 0 0 1-.5-.5V8H0v2a2 2 0 0 0 2 2h2v-1.5ZM8 12v-1.5h2a.5.5 0 0 0 .5-.5V8H12v2a2 2 0 0 1-2 2H8Zm2-12a2 2 0 0 1 2 2v2h-1.5V2a.5.5 0 0 0-.5-.5H8V0h2Z\" \/>\n\t\t\t<\/svg>\n\t\t<\/button><\/figure>\n<\/figure>\n","protected":false},"excerpt":{"rendered":"<p>Od 2 czerwca br. trwa pierwszy og\u00f3lnopolski nab\u00f3r wniosk\u00f3w do projektu Indywidualne Konta Rozwojowe (IKR) &hellip;<\/p>\n","protected":false},"author":1,"featured_media":4964,"comment_status":"closed","ping_status":"closed","sticky":false,"template":"","format":"standard","meta":{"footnotes":""},"categories":[9],"tags":[],"class_list":["post-4960","post","type-post","status-publish","format-standard","has-post-thumbnail","hentry","category-ogloszenia"],"author_data":{"name":"GrabAdmin","url":"https:\/\/grabowiec.pl\/ug\/index.php\/author\/grabadmin\/"},"excerpt_data":"Od 2 czerwca br. trwa pierwszy og\u00f3lnopolski nab\u00f3r wniosk\u00f3w do projektu Indywidualne Konta Rozwojowe (IKR)...","categories_data":{"9":{"term_id":9,"name":"OG\u0141OSZENIA","slug":"ogloszenia","term_group":0,"term_taxonomy_id":9,"taxonomy":"category","description":"","parent":0,"count":160,"filter":"raw","cat_ID":9,"category_count":160,"category_description":"","cat_name":"OG\u0141OSZENIA","category_nicename":"ogloszenia","category_parent":0}},"featured_image_src":"https:\/\/grabowiec.pl\/ug\/wp-content\/uploads\/2025\/06\/tyt.jpg","date_formated":"2025-06-13","yoast_head":"<!-- This site is optimized with the Yoast SEO plugin v27.5 - https:\/\/yoast.com\/product\/yoast-seo-wordpress\/ -->\n<title>NAB\u00d3R WNIOSK\u00d3W DO PROJEKTU INDYWIDUALNEKONTA ROZWOJOWE\u00a0 - GMINA GRABOWIEC<\/title>\n<meta name=\"robots\" content=\"index, follow, max-snippet:-1, max-image-preview:large, max-video-preview:-1\" \/>\n<link rel=\"canonical\" href=\"https:\/\/grabowiec.pl\/ug\/index.php\/2025\/06\/13\/nabor-wnioskow-do-projektu-indywidualnekonta-rozwojowe\/\" \/>\n<meta property=\"og:locale\" content=\"pl_PL\" \/>\n<meta property=\"og:type\" content=\"article\" \/>\n<meta property=\"og:title\" content=\"NAB\u00d3R WNIOSK\u00d3W DO PROJEKTU INDYWIDUALNEKONTA ROZWOJOWE\u00a0 - GMINA GRABOWIEC\" \/>\n<meta property=\"og:description\" content=\"Od 2 czerwca br. trwa pierwszy og\u00f3lnopolski nab\u00f3r wniosk\u00f3w do projektu Indywidualne Konta Rozwojowe (IKR) &hellip;\" \/>\n<meta property=\"og:url\" content=\"https:\/\/grabowiec.pl\/ug\/index.php\/2025\/06\/13\/nabor-wnioskow-do-projektu-indywidualnekonta-rozwojowe\/\" \/>\n<meta property=\"og:site_name\" content=\"GMINA GRABOWIEC\" \/>\n<meta property=\"article:published_time\" content=\"2025-06-13T13:29:18+00:00\" \/>\n<meta property=\"og:image\" content=\"https:\/\/grabowiec.pl\/ug\/wp-content\/uploads\/2025\/06\/tyt.jpg\" \/>\n\t<meta property=\"og:image:width\" content=\"1871\" \/>\n\t<meta property=\"og:image:height\" content=\"1051\" \/>\n\t<meta property=\"og:image:type\" content=\"image\/jpeg\" \/>\n<meta name=\"author\" content=\"GrabAdmin\" \/>\n<meta name=\"twitter:card\" content=\"summary_large_image\" \/>\n<meta name=\"twitter:label1\" content=\"Napisane przez\" \/>\n\t<meta name=\"twitter:data1\" content=\"GrabAdmin\" \/>\n\t<meta name=\"twitter:label2\" content=\"Szacowany czas czytania\" \/>\n\t<meta name=\"twitter:data2\" content=\"2 minuty\" \/>\n<script type=\"application\/ld+json\" class=\"yoast-schema-graph\">{\"@context\":\"https:\\\/\\\/schema.org\",\"@graph\":[{\"@type\":\"Article\",\"@id\":\"https:\\\/\\\/grabowiec.pl\\\/ug\\\/index.php\\\/2025\\\/06\\\/13\\\/nabor-wnioskow-do-projektu-indywidualnekonta-rozwojowe\\\/#article\",\"isPartOf\":{\"@id\":\"https:\\\/\\\/grabowiec.pl\\\/ug\\\/index.php\\\/2025\\\/06\\\/13\\\/nabor-wnioskow-do-projektu-indywidualnekonta-rozwojowe\\\/\"},\"author\":{\"name\":\"GrabAdmin\",\"@id\":\"https:\\\/\\\/grabowiec.pl\\\/ug\\\/#\\\/schema\\\/person\\\/5985d73d5ee31f074e8352f4782bdf99\"},\"headline\":\"NAB\u00d3R WNIOSK\u00d3W DO PROJEKTU INDYWIDUALNEKONTA ROZWOJOWE\u00a0\",\"datePublished\":\"2025-06-13T13:29:18+00:00\",\"mainEntityOfPage\":{\"@id\":\"https:\\\/\\\/grabowiec.pl\\\/ug\\\/index.php\\\/2025\\\/06\\\/13\\\/nabor-wnioskow-do-projektu-indywidualnekonta-rozwojowe\\\/\"},\"wordCount\":188,\"publisher\":{\"@id\":\"https:\\\/\\\/grabowiec.pl\\\/ug\\\/#organization\"},\"image\":{\"@id\":\"https:\\\/\\\/grabowiec.pl\\\/ug\\\/index.php\\\/2025\\\/06\\\/13\\\/nabor-wnioskow-do-projektu-indywidualnekonta-rozwojowe\\\/#primaryimage\"},\"thumbnailUrl\":\"https:\\\/\\\/grabowiec.pl\\\/ug\\\/wp-content\\\/uploads\\\/2025\\\/06\\\/tyt.jpg\",\"articleSection\":[\"OG\u0141OSZENIA\"],\"inLanguage\":\"pl-PL\"},{\"@type\":\"WebPage\",\"@id\":\"https:\\\/\\\/grabowiec.pl\\\/ug\\\/index.php\\\/2025\\\/06\\\/13\\\/nabor-wnioskow-do-projektu-indywidualnekonta-rozwojowe\\\/\",\"url\":\"https:\\\/\\\/grabowiec.pl\\\/ug\\\/index.php\\\/2025\\\/06\\\/13\\\/nabor-wnioskow-do-projektu-indywidualnekonta-rozwojowe\\\/\",\"name\":\"NAB\u00d3R WNIOSK\u00d3W DO PROJEKTU INDYWIDUALNEKONTA ROZWOJOWE\u00a0 - GMINA GRABOWIEC\",\"isPartOf\":{\"@id\":\"https:\\\/\\\/grabowiec.pl\\\/ug\\\/#website\"},\"primaryImageOfPage\":{\"@id\":\"https:\\\/\\\/grabowiec.pl\\\/ug\\\/index.php\\\/2025\\\/06\\\/13\\\/nabor-wnioskow-do-projektu-indywidualnekonta-rozwojowe\\\/#primaryimage\"},\"image\":{\"@id\":\"https:\\\/\\\/grabowiec.pl\\\/ug\\\/index.php\\\/2025\\\/06\\\/13\\\/nabor-wnioskow-do-projektu-indywidualnekonta-rozwojowe\\\/#primaryimage\"},\"thumbnailUrl\":\"https:\\\/\\\/grabowiec.pl\\\/ug\\\/wp-content\\\/uploads\\\/2025\\\/06\\\/tyt.jpg\",\"datePublished\":\"2025-06-13T13:29:18+00:00\",\"breadcrumb\":{\"@id\":\"https:\\\/\\\/grabowiec.pl\\\/ug\\\/index.php\\\/2025\\\/06\\\/13\\\/nabor-wnioskow-do-projektu-indywidualnekonta-rozwojowe\\\/#breadcrumb\"},\"inLanguage\":\"pl-PL\",\"potentialAction\":[{\"@type\":\"ReadAction\",\"target\":[\"https:\\\/\\\/grabowiec.pl\\\/ug\\\/index.php\\\/2025\\\/06\\\/13\\\/nabor-wnioskow-do-projektu-indywidualnekonta-rozwojowe\\\/\"]}]},{\"@type\":\"ImageObject\",\"inLanguage\":\"pl-PL\",\"@id\":\"https:\\\/\\\/grabowiec.pl\\\/ug\\\/index.php\\\/2025\\\/06\\\/13\\\/nabor-wnioskow-do-projektu-indywidualnekonta-rozwojowe\\\/#primaryimage\",\"url\":\"https:\\\/\\\/grabowiec.pl\\\/ug\\\/wp-content\\\/uploads\\\/2025\\\/06\\\/tyt.jpg\",\"contentUrl\":\"https:\\\/\\\/grabowiec.pl\\\/ug\\\/wp-content\\\/uploads\\\/2025\\\/06\\\/tyt.jpg\",\"width\":1871,\"height\":1051},{\"@type\":\"BreadcrumbList\",\"@id\":\"https:\\\/\\\/grabowiec.pl\\\/ug\\\/index.php\\\/2025\\\/06\\\/13\\\/nabor-wnioskow-do-projektu-indywidualnekonta-rozwojowe\\\/#breadcrumb\",\"itemListElement\":[{\"@type\":\"ListItem\",\"position\":1,\"name\":\"Strona g\u0142\u00f3wna\",\"item\":\"https:\\\/\\\/grabowiec.pl\\\/ug\\\/\"},{\"@type\":\"ListItem\",\"position\":2,\"name\":\"NAB\u00d3R WNIOSK\u00d3W DO PROJEKTU INDYWIDUALNEKONTA ROZWOJOWE\u00a0\"}]},{\"@type\":\"WebSite\",\"@id\":\"https:\\\/\\\/grabowiec.pl\\\/ug\\\/#website\",\"url\":\"https:\\\/\\\/grabowiec.pl\\\/ug\\\/\",\"name\":\"GMINA GRABOWIEC\",\"description\":\"\",\"publisher\":{\"@id\":\"https:\\\/\\\/grabowiec.pl\\\/ug\\\/#organization\"},\"potentialAction\":[{\"@type\":\"SearchAction\",\"target\":{\"@type\":\"EntryPoint\",\"urlTemplate\":\"https:\\\/\\\/grabowiec.pl\\\/ug\\\/?s={search_term_string}\"},\"query-input\":{\"@type\":\"PropertyValueSpecification\",\"valueRequired\":true,\"valueName\":\"search_term_string\"}}],\"inLanguage\":\"pl-PL\"},{\"@type\":\"Organization\",\"@id\":\"https:\\\/\\\/grabowiec.pl\\\/ug\\\/#organization\",\"name\":\"GMINA GRABOWIEC\",\"url\":\"https:\\\/\\\/grabowiec.pl\\\/ug\\\/\",\"logo\":{\"@type\":\"ImageObject\",\"inLanguage\":\"pl-PL\",\"@id\":\"https:\\\/\\\/grabowiec.pl\\\/ug\\\/#\\\/schema\\\/logo\\\/image\\\/\",\"url\":\"https:\\\/\\\/grabowiec.pl\\\/ug\\\/wp-content\\\/uploads\\\/2023\\\/02\\\/grab-herb.png\",\"contentUrl\":\"https:\\\/\\\/grabowiec.pl\\\/ug\\\/wp-content\\\/uploads\\\/2023\\\/02\\\/grab-herb.png\",\"width\":500,\"height\":600,\"caption\":\"GMINA GRABOWIEC\"},\"image\":{\"@id\":\"https:\\\/\\\/grabowiec.pl\\\/ug\\\/#\\\/schema\\\/logo\\\/image\\\/\"}},{\"@type\":\"Person\",\"@id\":\"https:\\\/\\\/grabowiec.pl\\\/ug\\\/#\\\/schema\\\/person\\\/5985d73d5ee31f074e8352f4782bdf99\",\"name\":\"GrabAdmin\",\"image\":{\"@type\":\"ImageObject\",\"inLanguage\":\"pl-PL\",\"@id\":\"https:\\\/\\\/secure.gravatar.com\\\/avatar\\\/d282d70901c093d417c40ef93cb537ed734f8c89a218e980f2eb8806fb2268e4?s=96&d=mm&r=g\",\"url\":\"https:\\\/\\\/secure.gravatar.com\\\/avatar\\\/d282d70901c093d417c40ef93cb537ed734f8c89a218e980f2eb8806fb2268e4?s=96&d=mm&r=g\",\"contentUrl\":\"https:\\\/\\\/secure.gravatar.com\\\/avatar\\\/d282d70901c093d417c40ef93cb537ed734f8c89a218e980f2eb8806fb2268e4?s=96&d=mm&r=g\",\"caption\":\"GrabAdmin\"},\"sameAs\":[\"http:\\\/\\\/grabowiec.pl\\\/ug\"],\"url\":\"https:\\\/\\\/grabowiec.pl\\\/ug\\\/index.php\\\/author\\\/grabadmin\\\/\"}]}<\/script>\n<!-- \/ Yoast SEO plugin. -->","yoast_head_json":{"title":"NAB\u00d3R WNIOSK\u00d3W DO PROJEKTU INDYWIDUALNEKONTA ROZWOJOWE\u00a0 - GMINA GRABOWIEC","robots":{"index":"index","follow":"follow","max-snippet":"max-snippet:-1","max-image-preview":"max-image-preview:large","max-video-preview":"max-video-preview:-1"},"canonical":"https:\/\/grabowiec.pl\/ug\/index.php\/2025\/06\/13\/nabor-wnioskow-do-projektu-indywidualnekonta-rozwojowe\/","og_locale":"pl_PL","og_type":"article","og_title":"NAB\u00d3R WNIOSK\u00d3W DO PROJEKTU INDYWIDUALNEKONTA ROZWOJOWE\u00a0 - GMINA GRABOWIEC","og_description":"Od 2 czerwca br. trwa pierwszy og\u00f3lnopolski nab\u00f3r wniosk\u00f3w do projektu Indywidualne Konta Rozwojowe (IKR) &hellip;","og_url":"https:\/\/grabowiec.pl\/ug\/index.php\/2025\/06\/13\/nabor-wnioskow-do-projektu-indywidualnekonta-rozwojowe\/","og_site_name":"GMINA GRABOWIEC","article_published_time":"2025-06-13T13:29:18+00:00","og_image":[{"width":1871,"height":1051,"url":"https:\/\/grabowiec.pl\/ug\/wp-content\/uploads\/2025\/06\/tyt.jpg","type":"image\/jpeg"}],"author":"GrabAdmin","twitter_card":"summary_large_image","twitter_misc":{"Napisane przez":"GrabAdmin","Szacowany czas czytania":"2 minuty"},"schema":{"@context":"https:\/\/schema.org","@graph":[{"@type":"Article","@id":"https:\/\/grabowiec.pl\/ug\/index.php\/2025\/06\/13\/nabor-wnioskow-do-projektu-indywidualnekonta-rozwojowe\/#article","isPartOf":{"@id":"https:\/\/grabowiec.pl\/ug\/index.php\/2025\/06\/13\/nabor-wnioskow-do-projektu-indywidualnekonta-rozwojowe\/"},"author":{"name":"GrabAdmin","@id":"https:\/\/grabowiec.pl\/ug\/#\/schema\/person\/5985d73d5ee31f074e8352f4782bdf99"},"headline":"NAB\u00d3R WNIOSK\u00d3W DO PROJEKTU INDYWIDUALNEKONTA ROZWOJOWE\u00a0","datePublished":"2025-06-13T13:29:18+00:00","mainEntityOfPage":{"@id":"https:\/\/grabowiec.pl\/ug\/index.php\/2025\/06\/13\/nabor-wnioskow-do-projektu-indywidualnekonta-rozwojowe\/"},"wordCount":188,"publisher":{"@id":"https:\/\/grabowiec.pl\/ug\/#organization"},"image":{"@id":"https:\/\/grabowiec.pl\/ug\/index.php\/2025\/06\/13\/nabor-wnioskow-do-projektu-indywidualnekonta-rozwojowe\/#primaryimage"},"thumbnailUrl":"https:\/\/grabowiec.pl\/ug\/wp-content\/uploads\/2025\/06\/tyt.jpg","articleSection":["OG\u0141OSZENIA"],"inLanguage":"pl-PL"},{"@type":"WebPage","@id":"https:\/\/grabowiec.pl\/ug\/index.php\/2025\/06\/13\/nabor-wnioskow-do-projektu-indywidualnekonta-rozwojowe\/","url":"https:\/\/grabowiec.pl\/ug\/index.php\/2025\/06\/13\/nabor-wnioskow-do-projektu-indywidualnekonta-rozwojowe\/","name":"NAB\u00d3R WNIOSK\u00d3W DO PROJEKTU INDYWIDUALNEKONTA ROZWOJOWE\u00a0 - GMINA GRABOWIEC","isPartOf":{"@id":"https:\/\/grabowiec.pl\/ug\/#website"},"primaryImageOfPage":{"@id":"https:\/\/grabowiec.pl\/ug\/index.php\/2025\/06\/13\/nabor-wnioskow-do-projektu-indywidualnekonta-rozwojowe\/#primaryimage"},"image":{"@id":"https:\/\/grabowiec.pl\/ug\/index.php\/2025\/06\/13\/nabor-wnioskow-do-projektu-indywidualnekonta-rozwojowe\/#primaryimage"},"thumbnailUrl":"https:\/\/grabowiec.pl\/ug\/wp-content\/uploads\/2025\/06\/tyt.jpg","datePublished":"2025-06-13T13:29:18+00:00","breadcrumb":{"@id":"https:\/\/grabowiec.pl\/ug\/index.php\/2025\/06\/13\/nabor-wnioskow-do-projektu-indywidualnekonta-rozwojowe\/#breadcrumb"},"inLanguage":"pl-PL","potentialAction":[{"@type":"ReadAction","target":["https:\/\/grabowiec.pl\/ug\/index.php\/2025\/06\/13\/nabor-wnioskow-do-projektu-indywidualnekonta-rozwojowe\/"]}]},{"@type":"ImageObject","inLanguage":"pl-PL","@id":"https:\/\/grabowiec.pl\/ug\/index.php\/2025\/06\/13\/nabor-wnioskow-do-projektu-indywidualnekonta-rozwojowe\/#primaryimage","url":"https:\/\/grabowiec.pl\/ug\/wp-content\/uploads\/2025\/06\/tyt.jpg","contentUrl":"https:\/\/grabowiec.pl\/ug\/wp-content\/uploads\/2025\/06\/tyt.jpg","width":1871,"height":1051},{"@type":"BreadcrumbList","@id":"https:\/\/grabowiec.pl\/ug\/index.php\/2025\/06\/13\/nabor-wnioskow-do-projektu-indywidualnekonta-rozwojowe\/#breadcrumb","itemListElement":[{"@type":"ListItem","position":1,"name":"Strona g\u0142\u00f3wna","item":"https:\/\/grabowiec.pl\/ug\/"},{"@type":"ListItem","position":2,"name":"NAB\u00d3R WNIOSK\u00d3W DO PROJEKTU INDYWIDUALNEKONTA ROZWOJOWE\u00a0"}]},{"@type":"WebSite","@id":"https:\/\/grabowiec.pl\/ug\/#website","url":"https:\/\/grabowiec.pl\/ug\/","name":"GMINA GRABOWIEC","description":"","publisher":{"@id":"https:\/\/grabowiec.pl\/ug\/#organization"},"potentialAction":[{"@type":"SearchAction","target":{"@type":"EntryPoint","urlTemplate":"https:\/\/grabowiec.pl\/ug\/?s={search_term_string}"},"query-input":{"@type":"PropertyValueSpecification","valueRequired":true,"valueName":"search_term_string"}}],"inLanguage":"pl-PL"},{"@type":"Organization","@id":"https:\/\/grabowiec.pl\/ug\/#organization","name":"GMINA GRABOWIEC","url":"https:\/\/grabowiec.pl\/ug\/","logo":{"@type":"ImageObject","inLanguage":"pl-PL","@id":"https:\/\/grabowiec.pl\/ug\/#\/schema\/logo\/image\/","url":"https:\/\/grabowiec.pl\/ug\/wp-content\/uploads\/2023\/02\/grab-herb.png","contentUrl":"https:\/\/grabowiec.pl\/ug\/wp-content\/uploads\/2023\/02\/grab-herb.png","width":500,"height":600,"caption":"GMINA GRABOWIEC"},"image":{"@id":"https:\/\/grabowiec.pl\/ug\/#\/schema\/logo\/image\/"}},{"@type":"Person","@id":"https:\/\/grabowiec.pl\/ug\/#\/schema\/person\/5985d73d5ee31f074e8352f4782bdf99","name":"GrabAdmin","image":{"@type":"ImageObject","inLanguage":"pl-PL","@id":"https:\/\/secure.gravatar.com\/avatar\/d282d70901c093d417c40ef93cb537ed734f8c89a218e980f2eb8806fb2268e4?s=96&d=mm&r=g","url":"https:\/\/secure.gravatar.com\/avatar\/d282d70901c093d417c40ef93cb537ed734f8c89a218e980f2eb8806fb2268e4?s=96&d=mm&r=g","contentUrl":"https:\/\/secure.gravatar.com\/avatar\/d282d70901c093d417c40ef93cb537ed734f8c89a218e980f2eb8806fb2268e4?s=96&d=mm&r=g","caption":"GrabAdmin"},"sameAs":["http:\/\/grabowiec.pl\/ug"],"url":"https:\/\/grabowiec.pl\/ug\/index.php\/author\/grabadmin\/"}]}},"_links":{"self":[{"href":"https:\/\/grabowiec.pl\/ug\/index.php\/wp-json\/wp\/v2\/posts\/4960","targetHints":{"allow":["GET"]}}],"collection":[{"href":"https:\/\/grabowiec.pl\/ug\/index.php\/wp-json\/wp\/v2\/posts"}],"about":[{"href":"https:\/\/grabowiec.pl\/ug\/index.php\/wp-json\/wp\/v2\/types\/post"}],"author":[{"embeddable":true,"href":"https:\/\/grabowiec.pl\/ug\/index.php\/wp-json\/wp\/v2\/users\/1"}],"replies":[{"embeddable":true,"href":"https:\/\/grabowiec.pl\/ug\/index.php\/wp-json\/wp\/v2\/comments?post=4960"}],"version-history":[{"count":1,"href":"https:\/\/grabowiec.pl\/ug\/index.php\/wp-json\/wp\/v2\/posts\/4960\/revisions"}],"predecessor-version":[{"id":4965,"href":"https:\/\/grabowiec.pl\/ug\/index.php\/wp-json\/wp\/v2\/posts\/4960\/revisions\/4965"}],"wp:featuredmedia":[{"embeddable":true,"href":"https:\/\/grabowiec.pl\/ug\/index.php\/wp-json\/wp\/v2\/media\/4964"}],"wp:attachment":[{"href":"https:\/\/grabowiec.pl\/ug\/index.php\/wp-json\/wp\/v2\/media?parent=4960"}],"wp:term":[{"taxonomy":"category","embeddable":true,"href":"https:\/\/grabowiec.pl\/ug\/index.php\/wp-json\/wp\/v2\/categories?post=4960"},{"taxonomy":"post_tag","embeddable":true,"href":"https:\/\/grabowiec.pl\/ug\/index.php\/wp-json\/wp\/v2\/tags?post=4960"}],"curies":[{"name":"wp","href":"https:\/\/api.w.org\/{rel}","templated":true}]}}