{"id":5189,"date":"2025-07-25T12:12:05","date_gmt":"2025-07-25T10:12:05","guid":{"rendered":"https:\/\/grabowiec.pl\/ug\/?p=5189"},"modified":"2025-07-25T12:12:05","modified_gmt":"2025-07-25T10:12:05","slug":"obchody-swieta-wojska-polskiego","status":"publish","type":"post","link":"https:\/\/grabowiec.pl\/ug\/index.php\/2025\/07\/25\/obchody-swieta-wojska-polskiego\/","title":{"rendered":"OBCHODY \u015aWI\u0118TA WOJSKA POLSKIEGO"},"content":{"rendered":"\n<figure class=\"wp-block-image size-full\"><img loading=\"lazy\" decoding=\"async\" width=\"2531\" height=\"1800\" src=\"https:\/\/grabowiec.pl\/ug\/wp-content\/uploads\/2025\/07\/plakat-poziom-margines.jpg\" alt=\"\" class=\"wp-image-5190\" srcset=\"https:\/\/grabowiec.pl\/ug\/wp-content\/uploads\/2025\/07\/plakat-poziom-margines.jpg 2531w, https:\/\/grabowiec.pl\/ug\/wp-content\/uploads\/2025\/07\/plakat-poziom-margines-300x213.jpg 300w, https:\/\/grabowiec.pl\/ug\/wp-content\/uploads\/2025\/07\/plakat-poziom-margines-1024x728.jpg 1024w, https:\/\/grabowiec.pl\/ug\/wp-content\/uploads\/2025\/07\/plakat-poziom-margines-768x546.jpg 768w, https:\/\/grabowiec.pl\/ug\/wp-content\/uploads\/2025\/07\/plakat-poziom-margines-1536x1092.jpg 1536w, https:\/\/grabowiec.pl\/ug\/wp-content\/uploads\/2025\/07\/plakat-poziom-margines-2048x1456.jpg 2048w, https:\/\/grabowiec.pl\/ug\/wp-content\/uploads\/2025\/07\/plakat-poziom-margines-388x276.jpg 388w\" sizes=\"auto, (max-width: 2531px) 100vw, 2531px\" \/><\/figure>\n\n\n\n<p class=\"has-large-font-size\">Zbli\u017caj\u0105 si\u0119 coroczne uroczyste obchody \u015awi\u0119ta Wojska Polskiego &#8211; w tym roku &#8211; 15 sierpnia &#8211; poza tradycyjnymi wydarzeniami w jednostkach wojskowych rozsianych na terenie ca\u0142ego kraju oraz wielk\u0105 defilad\u0105 wojskow\u0105 na warszawskiej Wis\u0142ostradzie, po raz pierwszy u\u015bwietni je parada morska na P\u00f3\u0142wyspie Helskim.<\/p>\n\n\n\n<p><strong>14 sierpnia<\/strong><\/p>\n\n\n\n<p><strong>&#8211; godz. 19:00<\/strong> &#8211;&nbsp;&nbsp;<strong>Apel Pami\u0119ci po\u0142\u0105czony z zapaleniem zniczy przy Pomniku Poleg\u0142ych w 1920 r. na Cmentarzu Wojskowym na warszawskich Pow\u0105zkach.<\/strong><\/p>\n\n\n\n<p>&#8211; <strong>godz.&nbsp;21:00 <\/strong>&#8211; <strong>Apel Pami\u0119ci przy krzy\u017cu upami\u0119tniaj\u0105cym \u015bmier\u0107 ks. mjr. Ignacego Skorupki&nbsp;w Ossowie.&nbsp;<\/strong><\/p>\n\n\n\n<p><strong>15 sierpnia<\/strong><\/p>\n\n\n\n<p>&#8211;&nbsp;<strong>od godziny 10:00 &#8211;&nbsp; przed Muzeum Wojska Polskiego b\u0119dzie mo\u017cna obejrze\u0107 wsp\u00f3\u0142czesny sprz\u0119t wojskowy<\/strong> &#8211; w tym ten nale\u017c\u0105cy do armii sojuszniczych, spotka\u0107 si\u0119 z \u017co\u0142nierzami i porozmawia\u0107 o ich s\u0142u\u017cbie, sprawdzi\u0107 si\u0119 na symulatorze strzeleckim i saperskim torze przeszk\u00f3d, wys\u0142ucha\u0107 koncertu czy spr\u00f3bowa\u0107 tradycyjnej wojskowej groch\u00f3wki.<\/p>\n\n\n\n<p>\u2013 <strong>godz. 12.00 &#8211; &nbsp;na warszawskiej Wis\u0142ostradzie odb\u0119dzie si\u0119 defilada wojskowa <\/strong>\u2013 we\u017amie w niej udzia\u0142 ponad tysi\u0105c \u017co\u0142nierzy wszystkich rodzaj\u00f3w Si\u0142 Zbrojnych oraz si\u0142 sojuszniczych. Widzowie b\u0119d\u0105 mogli zobaczy\u0107 r\u00f3wnie\u017c najnowocze\u015bniejszy sprz\u0119t wojskowy: bojowe wozy piechoty Borsuk, pojazdy minowania narzutowego Baobab-K, czo\u0142gi K2 i Abrams, a na niebie: m.in. samoloty F-16 oraz \u015bmig\u0142owce.&nbsp;<\/p>\n\n\n\n<p><strong>&#8211; godz. 12.00 &#8211; na wodach Ba\u0142tyku &nbsp;w ramach parady morskiej <\/strong>w jednym szyku <strong>przejdzie ponad 20 jednostek Marynarki Wojennej RP <\/strong>\u2013 zapraszamy do wsp\u00f3lnego ogl\u0105dania tego wyj\u0105tkowego przej\u015bcia z Bulwaru Nadmorskiego w Helu. Tego dnia na morzu b\u0119dzie mo\u017cna zobaczy\u0107 szereg okr\u0119t\u00f3w r\u00f3\u017cnych klas i specjalizacji: korwety, fregaty, niszczyciele min, ale te\u017c jednostki hydrograficzne&nbsp;i ratownicze \u2013 w tym r\u00f3wnie\u017c najnowsze nabytki Marynarki Wojennej. Obydwa wydarzenia, tj. defilada i parada rozpoczn\u0105 si\u0119 r\u00f3wnocze\u015bnie o godzinie 12:00&nbsp;i b\u0119d\u0105 transmitowane na \u017cywo dzi\u0119ki \u0142\u0105czonej transmisji \u2013 na udost\u0119pnionych w rejonie uroczysto\u015bci telebimach, w telewizji i Internecie.<\/p>\n\n\n\n<p><strong>16 sierpnia<\/strong><\/p>\n\n\n\n<p>&#8211;<strong> godz. 12:00 &#8211; &nbsp;festyn historyczno-edukacyjny przed Muzeum Bitwy Warszawskiej 1920 r. w Ossowie <\/strong>\u2013 wydarzenie to b\u0119dzie po\u0142\u0105czone z uroczystym otwarciem plac\u00f3wki.&nbsp;Na miejscu planowany jest pokaz sprz\u0119tu wojskowego oraz koncert Reprezentacyjnego Zespo\u0142u Artystycznego Wojska Polskiego. Szczeg\u00f3ln\u0105 atrakcj\u0105 b\u0119dzie r\u00f3wnie\u017c rekonstrukcja samej bitwy.&nbsp;<\/p>\n\n\n\n<p><strong>&#8211; godz. 13.00 &#8211;<\/strong> <strong>uroczyste otwarcie Muzeum Bitwy Warszawskiej 1920 r. w Ossowie&nbsp;<\/strong><\/p>\n\n\n\n<p><strong>&#8211; godz. 16.00 &#8211; otwarcie Muzeum dla zwiedzaj\u0105cych\u00a0<\/strong><\/p>\n\n\n\n<p>Kolejne szczeg\u00f3\u0142y dotyczace obchod\u00f3w \u015awi\u0119ta Wojska Polskiego ju\u017c wkr\u00f3tce.&nbsp;<\/p>\n","protected":false},"excerpt":{"rendered":"<p>Zbli\u017caj\u0105 si\u0119 coroczne uroczyste obchody \u015awi\u0119ta Wojska Polskiego &#8211; w tym roku &#8211; 15 sierpnia &hellip;<\/p>\n","protected":false},"author":1,"featured_media":5191,"comment_status":"closed","ping_status":"closed","sticky":false,"template":"","format":"standard","meta":{"footnotes":""},"categories":[8],"tags":[],"class_list":["post-5189","post","type-post","status-publish","format-standard","has-post-thumbnail","hentry","category-wydarzenia"],"author_data":{"name":"GrabAdmin","url":"https:\/\/grabowiec.pl\/ug\/index.php\/author\/grabadmin\/"},"excerpt_data":"Zbli\u017caj\u0105 si\u0119 coroczne uroczyste obchody \u015awi\u0119ta Wojska Polskiego - w tym roku - 15 sierpnia...","categories_data":{"8":{"term_id":8,"name":"WYDARZENIA","slug":"wydarzenia","term_group":0,"term_taxonomy_id":8,"taxonomy":"category","description":"","parent":0,"count":286,"filter":"raw","cat_ID":8,"category_count":286,"category_description":"","cat_name":"WYDARZENIA","category_nicename":"wydarzenia","category_parent":0}},"featured_image_src":"https:\/\/grabowiec.pl\/ug\/wp-content\/uploads\/2025\/07\/plakat-pion.jpg","date_formated":"2025-07-25","yoast_head":"<!-- This site is optimized with the Yoast SEO plugin v27.5 - https:\/\/yoast.com\/product\/yoast-seo-wordpress\/ -->\n<title>OBCHODY \u015aWI\u0118TA WOJSKA POLSKIEGO - GMINA GRABOWIEC<\/title>\n<meta name=\"robots\" content=\"index, follow, max-snippet:-1, max-image-preview:large, max-video-preview:-1\" \/>\n<link rel=\"canonical\" href=\"https:\/\/grabowiec.pl\/ug\/index.php\/2025\/07\/25\/obchody-swieta-wojska-polskiego\/\" \/>\n<meta property=\"og:locale\" content=\"pl_PL\" \/>\n<meta property=\"og:type\" content=\"article\" \/>\n<meta property=\"og:title\" content=\"OBCHODY \u015aWI\u0118TA WOJSKA POLSKIEGO - GMINA GRABOWIEC\" \/>\n<meta property=\"og:description\" content=\"Zbli\u017caj\u0105 si\u0119 coroczne uroczyste obchody \u015awi\u0119ta Wojska Polskiego &#8211; w tym roku &#8211; 15 sierpnia &hellip;\" \/>\n<meta property=\"og:url\" content=\"https:\/\/grabowiec.pl\/ug\/index.php\/2025\/07\/25\/obchody-swieta-wojska-polskiego\/\" \/>\n<meta property=\"og:site_name\" content=\"GMINA GRABOWIEC\" \/>\n<meta property=\"article:published_time\" content=\"2025-07-25T10:12:05+00:00\" \/>\n<meta property=\"og:image\" content=\"https:\/\/grabowiec.pl\/ug\/wp-content\/uploads\/2025\/07\/plakat-pion.jpg\" \/>\n\t<meta property=\"og:image:width\" content=\"1719\" \/>\n\t<meta property=\"og:image:height\" content=\"1292\" \/>\n\t<meta property=\"og:image:type\" content=\"image\/jpeg\" \/>\n<meta name=\"author\" content=\"GrabAdmin\" \/>\n<meta name=\"twitter:card\" content=\"summary_large_image\" \/>\n<meta name=\"twitter:label1\" content=\"Napisane przez\" \/>\n\t<meta name=\"twitter:data1\" content=\"GrabAdmin\" \/>\n\t<meta name=\"twitter:label2\" content=\"Szacowany czas czytania\" \/>\n\t<meta name=\"twitter:data2\" content=\"3 minuty\" \/>\n<script type=\"application\/ld+json\" class=\"yoast-schema-graph\">{\"@context\":\"https:\\\/\\\/schema.org\",\"@graph\":[{\"@type\":\"Article\",\"@id\":\"https:\\\/\\\/grabowiec.pl\\\/ug\\\/index.php\\\/2025\\\/07\\\/25\\\/obchody-swieta-wojska-polskiego\\\/#article\",\"isPartOf\":{\"@id\":\"https:\\\/\\\/grabowiec.pl\\\/ug\\\/index.php\\\/2025\\\/07\\\/25\\\/obchody-swieta-wojska-polskiego\\\/\"},\"author\":{\"name\":\"GrabAdmin\",\"@id\":\"https:\\\/\\\/grabowiec.pl\\\/ug\\\/#\\\/schema\\\/person\\\/5985d73d5ee31f074e8352f4782bdf99\"},\"headline\":\"OBCHODY \u015aWI\u0118TA WOJSKA POLSKIEGO\",\"datePublished\":\"2025-07-25T10:12:05+00:00\",\"mainEntityOfPage\":{\"@id\":\"https:\\\/\\\/grabowiec.pl\\\/ug\\\/index.php\\\/2025\\\/07\\\/25\\\/obchody-swieta-wojska-polskiego\\\/\"},\"wordCount\":428,\"publisher\":{\"@id\":\"https:\\\/\\\/grabowiec.pl\\\/ug\\\/#organization\"},\"image\":{\"@id\":\"https:\\\/\\\/grabowiec.pl\\\/ug\\\/index.php\\\/2025\\\/07\\\/25\\\/obchody-swieta-wojska-polskiego\\\/#primaryimage\"},\"thumbnailUrl\":\"https:\\\/\\\/grabowiec.pl\\\/ug\\\/wp-content\\\/uploads\\\/2025\\\/07\\\/plakat-pion.jpg\",\"articleSection\":[\"WYDARZENIA\"],\"inLanguage\":\"pl-PL\"},{\"@type\":\"WebPage\",\"@id\":\"https:\\\/\\\/grabowiec.pl\\\/ug\\\/index.php\\\/2025\\\/07\\\/25\\\/obchody-swieta-wojska-polskiego\\\/\",\"url\":\"https:\\\/\\\/grabowiec.pl\\\/ug\\\/index.php\\\/2025\\\/07\\\/25\\\/obchody-swieta-wojska-polskiego\\\/\",\"name\":\"OBCHODY \u015aWI\u0118TA WOJSKA POLSKIEGO - GMINA GRABOWIEC\",\"isPartOf\":{\"@id\":\"https:\\\/\\\/grabowiec.pl\\\/ug\\\/#website\"},\"primaryImageOfPage\":{\"@id\":\"https:\\\/\\\/grabowiec.pl\\\/ug\\\/index.php\\\/2025\\\/07\\\/25\\\/obchody-swieta-wojska-polskiego\\\/#primaryimage\"},\"image\":{\"@id\":\"https:\\\/\\\/grabowiec.pl\\\/ug\\\/index.php\\\/2025\\\/07\\\/25\\\/obchody-swieta-wojska-polskiego\\\/#primaryimage\"},\"thumbnailUrl\":\"https:\\\/\\\/grabowiec.pl\\\/ug\\\/wp-content\\\/uploads\\\/2025\\\/07\\\/plakat-pion.jpg\",\"datePublished\":\"2025-07-25T10:12:05+00:00\",\"breadcrumb\":{\"@id\":\"https:\\\/\\\/grabowiec.pl\\\/ug\\\/index.php\\\/2025\\\/07\\\/25\\\/obchody-swieta-wojska-polskiego\\\/#breadcrumb\"},\"inLanguage\":\"pl-PL\",\"potentialAction\":[{\"@type\":\"ReadAction\",\"target\":[\"https:\\\/\\\/grabowiec.pl\\\/ug\\\/index.php\\\/2025\\\/07\\\/25\\\/obchody-swieta-wojska-polskiego\\\/\"]}]},{\"@type\":\"ImageObject\",\"inLanguage\":\"pl-PL\",\"@id\":\"https:\\\/\\\/grabowiec.pl\\\/ug\\\/index.php\\\/2025\\\/07\\\/25\\\/obchody-swieta-wojska-polskiego\\\/#primaryimage\",\"url\":\"https:\\\/\\\/grabowiec.pl\\\/ug\\\/wp-content\\\/uploads\\\/2025\\\/07\\\/plakat-pion.jpg\",\"contentUrl\":\"https:\\\/\\\/grabowiec.pl\\\/ug\\\/wp-content\\\/uploads\\\/2025\\\/07\\\/plakat-pion.jpg\",\"width\":1719,\"height\":1292},{\"@type\":\"BreadcrumbList\",\"@id\":\"https:\\\/\\\/grabowiec.pl\\\/ug\\\/index.php\\\/2025\\\/07\\\/25\\\/obchody-swieta-wojska-polskiego\\\/#breadcrumb\",\"itemListElement\":[{\"@type\":\"ListItem\",\"position\":1,\"name\":\"Strona g\u0142\u00f3wna\",\"item\":\"https:\\\/\\\/grabowiec.pl\\\/ug\\\/\"},{\"@type\":\"ListItem\",\"position\":2,\"name\":\"OBCHODY \u015aWI\u0118TA WOJSKA POLSKIEGO\"}]},{\"@type\":\"WebSite\",\"@id\":\"https:\\\/\\\/grabowiec.pl\\\/ug\\\/#website\",\"url\":\"https:\\\/\\\/grabowiec.pl\\\/ug\\\/\",\"name\":\"GMINA GRABOWIEC\",\"description\":\"\",\"publisher\":{\"@id\":\"https:\\\/\\\/grabowiec.pl\\\/ug\\\/#organization\"},\"potentialAction\":[{\"@type\":\"SearchAction\",\"target\":{\"@type\":\"EntryPoint\",\"urlTemplate\":\"https:\\\/\\\/grabowiec.pl\\\/ug\\\/?s={search_term_string}\"},\"query-input\":{\"@type\":\"PropertyValueSpecification\",\"valueRequired\":true,\"valueName\":\"search_term_string\"}}],\"inLanguage\":\"pl-PL\"},{\"@type\":\"Organization\",\"@id\":\"https:\\\/\\\/grabowiec.pl\\\/ug\\\/#organization\",\"name\":\"GMINA GRABOWIEC\",\"url\":\"https:\\\/\\\/grabowiec.pl\\\/ug\\\/\",\"logo\":{\"@type\":\"ImageObject\",\"inLanguage\":\"pl-PL\",\"@id\":\"https:\\\/\\\/grabowiec.pl\\\/ug\\\/#\\\/schema\\\/logo\\\/image\\\/\",\"url\":\"https:\\\/\\\/grabowiec.pl\\\/ug\\\/wp-content\\\/uploads\\\/2023\\\/02\\\/grab-herb.png\",\"contentUrl\":\"https:\\\/\\\/grabowiec.pl\\\/ug\\\/wp-content\\\/uploads\\\/2023\\\/02\\\/grab-herb.png\",\"width\":500,\"height\":600,\"caption\":\"GMINA GRABOWIEC\"},\"image\":{\"@id\":\"https:\\\/\\\/grabowiec.pl\\\/ug\\\/#\\\/schema\\\/logo\\\/image\\\/\"}},{\"@type\":\"Person\",\"@id\":\"https:\\\/\\\/grabowiec.pl\\\/ug\\\/#\\\/schema\\\/person\\\/5985d73d5ee31f074e8352f4782bdf99\",\"name\":\"GrabAdmin\",\"image\":{\"@type\":\"ImageObject\",\"inLanguage\":\"pl-PL\",\"@id\":\"https:\\\/\\\/secure.gravatar.com\\\/avatar\\\/d282d70901c093d417c40ef93cb537ed734f8c89a218e980f2eb8806fb2268e4?s=96&d=mm&r=g\",\"url\":\"https:\\\/\\\/secure.gravatar.com\\\/avatar\\\/d282d70901c093d417c40ef93cb537ed734f8c89a218e980f2eb8806fb2268e4?s=96&d=mm&r=g\",\"contentUrl\":\"https:\\\/\\\/secure.gravatar.com\\\/avatar\\\/d282d70901c093d417c40ef93cb537ed734f8c89a218e980f2eb8806fb2268e4?s=96&d=mm&r=g\",\"caption\":\"GrabAdmin\"},\"sameAs\":[\"http:\\\/\\\/grabowiec.pl\\\/ug\"],\"url\":\"https:\\\/\\\/grabowiec.pl\\\/ug\\\/index.php\\\/author\\\/grabadmin\\\/\"}]}<\/script>\n<!-- \/ Yoast SEO plugin. -->","yoast_head_json":{"title":"OBCHODY \u015aWI\u0118TA WOJSKA POLSKIEGO - GMINA GRABOWIEC","robots":{"index":"index","follow":"follow","max-snippet":"max-snippet:-1","max-image-preview":"max-image-preview:large","max-video-preview":"max-video-preview:-1"},"canonical":"https:\/\/grabowiec.pl\/ug\/index.php\/2025\/07\/25\/obchody-swieta-wojska-polskiego\/","og_locale":"pl_PL","og_type":"article","og_title":"OBCHODY \u015aWI\u0118TA WOJSKA POLSKIEGO - GMINA GRABOWIEC","og_description":"Zbli\u017caj\u0105 si\u0119 coroczne uroczyste obchody \u015awi\u0119ta Wojska Polskiego &#8211; w tym roku &#8211; 15 sierpnia &hellip;","og_url":"https:\/\/grabowiec.pl\/ug\/index.php\/2025\/07\/25\/obchody-swieta-wojska-polskiego\/","og_site_name":"GMINA GRABOWIEC","article_published_time":"2025-07-25T10:12:05+00:00","og_image":[{"width":1719,"height":1292,"url":"https:\/\/grabowiec.pl\/ug\/wp-content\/uploads\/2025\/07\/plakat-pion.jpg","type":"image\/jpeg"}],"author":"GrabAdmin","twitter_card":"summary_large_image","twitter_misc":{"Napisane przez":"GrabAdmin","Szacowany czas czytania":"3 minuty"},"schema":{"@context":"https:\/\/schema.org","@graph":[{"@type":"Article","@id":"https:\/\/grabowiec.pl\/ug\/index.php\/2025\/07\/25\/obchody-swieta-wojska-polskiego\/#article","isPartOf":{"@id":"https:\/\/grabowiec.pl\/ug\/index.php\/2025\/07\/25\/obchody-swieta-wojska-polskiego\/"},"author":{"name":"GrabAdmin","@id":"https:\/\/grabowiec.pl\/ug\/#\/schema\/person\/5985d73d5ee31f074e8352f4782bdf99"},"headline":"OBCHODY \u015aWI\u0118TA WOJSKA POLSKIEGO","datePublished":"2025-07-25T10:12:05+00:00","mainEntityOfPage":{"@id":"https:\/\/grabowiec.pl\/ug\/index.php\/2025\/07\/25\/obchody-swieta-wojska-polskiego\/"},"wordCount":428,"publisher":{"@id":"https:\/\/grabowiec.pl\/ug\/#organization"},"image":{"@id":"https:\/\/grabowiec.pl\/ug\/index.php\/2025\/07\/25\/obchody-swieta-wojska-polskiego\/#primaryimage"},"thumbnailUrl":"https:\/\/grabowiec.pl\/ug\/wp-content\/uploads\/2025\/07\/plakat-pion.jpg","articleSection":["WYDARZENIA"],"inLanguage":"pl-PL"},{"@type":"WebPage","@id":"https:\/\/grabowiec.pl\/ug\/index.php\/2025\/07\/25\/obchody-swieta-wojska-polskiego\/","url":"https:\/\/grabowiec.pl\/ug\/index.php\/2025\/07\/25\/obchody-swieta-wojska-polskiego\/","name":"OBCHODY \u015aWI\u0118TA WOJSKA POLSKIEGO - GMINA GRABOWIEC","isPartOf":{"@id":"https:\/\/grabowiec.pl\/ug\/#website"},"primaryImageOfPage":{"@id":"https:\/\/grabowiec.pl\/ug\/index.php\/2025\/07\/25\/obchody-swieta-wojska-polskiego\/#primaryimage"},"image":{"@id":"https:\/\/grabowiec.pl\/ug\/index.php\/2025\/07\/25\/obchody-swieta-wojska-polskiego\/#primaryimage"},"thumbnailUrl":"https:\/\/grabowiec.pl\/ug\/wp-content\/uploads\/2025\/07\/plakat-pion.jpg","datePublished":"2025-07-25T10:12:05+00:00","breadcrumb":{"@id":"https:\/\/grabowiec.pl\/ug\/index.php\/2025\/07\/25\/obchody-swieta-wojska-polskiego\/#breadcrumb"},"inLanguage":"pl-PL","potentialAction":[{"@type":"ReadAction","target":["https:\/\/grabowiec.pl\/ug\/index.php\/2025\/07\/25\/obchody-swieta-wojska-polskiego\/"]}]},{"@type":"ImageObject","inLanguage":"pl-PL","@id":"https:\/\/grabowiec.pl\/ug\/index.php\/2025\/07\/25\/obchody-swieta-wojska-polskiego\/#primaryimage","url":"https:\/\/grabowiec.pl\/ug\/wp-content\/uploads\/2025\/07\/plakat-pion.jpg","contentUrl":"https:\/\/grabowiec.pl\/ug\/wp-content\/uploads\/2025\/07\/plakat-pion.jpg","width":1719,"height":1292},{"@type":"BreadcrumbList","@id":"https:\/\/grabowiec.pl\/ug\/index.php\/2025\/07\/25\/obchody-swieta-wojska-polskiego\/#breadcrumb","itemListElement":[{"@type":"ListItem","position":1,"name":"Strona g\u0142\u00f3wna","item":"https:\/\/grabowiec.pl\/ug\/"},{"@type":"ListItem","position":2,"name":"OBCHODY \u015aWI\u0118TA WOJSKA POLSKIEGO"}]},{"@type":"WebSite","@id":"https:\/\/grabowiec.pl\/ug\/#website","url":"https:\/\/grabowiec.pl\/ug\/","name":"GMINA GRABOWIEC","description":"","publisher":{"@id":"https:\/\/grabowiec.pl\/ug\/#organization"},"potentialAction":[{"@type":"SearchAction","target":{"@type":"EntryPoint","urlTemplate":"https:\/\/grabowiec.pl\/ug\/?s={search_term_string}"},"query-input":{"@type":"PropertyValueSpecification","valueRequired":true,"valueName":"search_term_string"}}],"inLanguage":"pl-PL"},{"@type":"Organization","@id":"https:\/\/grabowiec.pl\/ug\/#organization","name":"GMINA GRABOWIEC","url":"https:\/\/grabowiec.pl\/ug\/","logo":{"@type":"ImageObject","inLanguage":"pl-PL","@id":"https:\/\/grabowiec.pl\/ug\/#\/schema\/logo\/image\/","url":"https:\/\/grabowiec.pl\/ug\/wp-content\/uploads\/2023\/02\/grab-herb.png","contentUrl":"https:\/\/grabowiec.pl\/ug\/wp-content\/uploads\/2023\/02\/grab-herb.png","width":500,"height":600,"caption":"GMINA GRABOWIEC"},"image":{"@id":"https:\/\/grabowiec.pl\/ug\/#\/schema\/logo\/image\/"}},{"@type":"Person","@id":"https:\/\/grabowiec.pl\/ug\/#\/schema\/person\/5985d73d5ee31f074e8352f4782bdf99","name":"GrabAdmin","image":{"@type":"ImageObject","inLanguage":"pl-PL","@id":"https:\/\/secure.gravatar.com\/avatar\/d282d70901c093d417c40ef93cb537ed734f8c89a218e980f2eb8806fb2268e4?s=96&d=mm&r=g","url":"https:\/\/secure.gravatar.com\/avatar\/d282d70901c093d417c40ef93cb537ed734f8c89a218e980f2eb8806fb2268e4?s=96&d=mm&r=g","contentUrl":"https:\/\/secure.gravatar.com\/avatar\/d282d70901c093d417c40ef93cb537ed734f8c89a218e980f2eb8806fb2268e4?s=96&d=mm&r=g","caption":"GrabAdmin"},"sameAs":["http:\/\/grabowiec.pl\/ug"],"url":"https:\/\/grabowiec.pl\/ug\/index.php\/author\/grabadmin\/"}]}},"_links":{"self":[{"href":"https:\/\/grabowiec.pl\/ug\/index.php\/wp-json\/wp\/v2\/posts\/5189","targetHints":{"allow":["GET"]}}],"collection":[{"href":"https:\/\/grabowiec.pl\/ug\/index.php\/wp-json\/wp\/v2\/posts"}],"about":[{"href":"https:\/\/grabowiec.pl\/ug\/index.php\/wp-json\/wp\/v2\/types\/post"}],"author":[{"embeddable":true,"href":"https:\/\/grabowiec.pl\/ug\/index.php\/wp-json\/wp\/v2\/users\/1"}],"replies":[{"embeddable":true,"href":"https:\/\/grabowiec.pl\/ug\/index.php\/wp-json\/wp\/v2\/comments?post=5189"}],"version-history":[{"count":1,"href":"https:\/\/grabowiec.pl\/ug\/index.php\/wp-json\/wp\/v2\/posts\/5189\/revisions"}],"predecessor-version":[{"id":5192,"href":"https:\/\/grabowiec.pl\/ug\/index.php\/wp-json\/wp\/v2\/posts\/5189\/revisions\/5192"}],"wp:featuredmedia":[{"embeddable":true,"href":"https:\/\/grabowiec.pl\/ug\/index.php\/wp-json\/wp\/v2\/media\/5191"}],"wp:attachment":[{"href":"https:\/\/grabowiec.pl\/ug\/index.php\/wp-json\/wp\/v2\/media?parent=5189"}],"wp:term":[{"taxonomy":"category","embeddable":true,"href":"https:\/\/grabowiec.pl\/ug\/index.php\/wp-json\/wp\/v2\/categories?post=5189"},{"taxonomy":"post_tag","embeddable":true,"href":"https:\/\/grabowiec.pl\/ug\/index.php\/wp-json\/wp\/v2\/tags?post=5189"}],"curies":[{"name":"wp","href":"https:\/\/api.w.org\/{rel}","templated":true}]}}