{"id":5201,"date":"2025-07-29T12:04:58","date_gmt":"2025-07-29T10:04:58","guid":{"rendered":"https:\/\/grabowiec.pl\/ug\/?p=5201"},"modified":"2025-07-29T12:04:58","modified_gmt":"2025-07-29T10:04:58","slug":"aktywni-na-rynku-pracy","status":"publish","type":"post","link":"https:\/\/grabowiec.pl\/ug\/index.php\/2025\/07\/29\/aktywni-na-rynku-pracy\/","title":{"rendered":"AKTYWNI NA RYNKU PRACY"},"content":{"rendered":"\n<p>Firma O.K. Centrum J\u0119zyk\u00f3w Obcych Sp. z o.o. wraz z Fundacj\u0105 Niepodleg\u0142o\u015bci w ramach programu Fundusze Europejskie dla Lubelskiego 2021-2027 realizuje projekt pt. \u201eAktywni na rynku pracy&#8221; nr FELU.09.02-IP.02-0057\/24.<\/p>\n\n\n\n<p>G\u0142\u00f3wnym celem projektu jest aktywizacja zawodowa i dostosowanie umiej\u0119tno\u015bci i kwalifikacji zawodowych do potrzeb rynku pracy zgodnie z indywidualnymi potrzebami Uczestnik\u00f3w\/czek Projektu.<\/p>\n\n\n\n<p>Projekt jest skierowany do os\u00f3b doros\u0142ych, zamieszkuj\u0105cych na obszarze realizacji projektu w wojew\u00f3dztwie lubelskim (w rozumieniu Kodeksu Cywilnego) na terenie powiatu: bi\u0142gorajskiego, hrubieszowskiego, tomaszowskiego, janowskiego, kra\u015bnickiego, krasnostawskiego, w\u0142odawskiego, che\u0142mskiego (z miastem Che\u0142m), zamojskiego (z miastem Zamo\u015b\u0107), zatrudnionych na umowach kr\u00f3tkoterminowych, umowach cywilnoprawnych, ubogich pracuj\u0105cych.<\/p>\n\n\n\n<p>Do udzia\u0142u w projekcie zapraszamy w szczeg\u00f3lno\u015bci:<br>&#8211; Osoby z niepe\u0142nosprawno\u015bciami,<br>&#8211; Osoby w wieku 18 &#8211; 29 lat,<br>&#8211; Kobiety<\/p>\n\n\n\n<p>W ramach projektu oferujemy udzia\u0142 w nast\u0119puj\u0105cych formach wsparcia:<\/p>\n\n\n\n<pre class=\"wp-block-code\"><code>    * Identyfikacja potrzeb z IPD\n    * Szkolenia zawodowe wpisuj\u0105ce si\u0119 w IS ZIELONA GOSPODARKA\n    * Szkolenia zawodowe wpisuj\u0105ce si\u0119 w IS ZDROWE SPO\u0141ECZE\u0143STWO\n    * Szkolenia zawodowe wpisuj\u0105ce si\u0119 w IS CYFROWE SPO\u0141ECZE\u0143STWO\n    * Szkolenia komputerowe\n    * Warsztaty rozwoju zawodowego\n    * Po\u015brednictwo pracy<\/code><\/pre>\n\n\n\n<p>Uczestnikom\/czkom Projektu zapewniamy:<br>&#8211; Materia\u0142y szkoleniowe (podr\u0119cznik lub skrypt szkoleniowy, teczk\u0119, notes, d\u0142ugopis),<br>&#8211; Catering &#8211; pocz\u0119stunek podczas przerwy kawowej i obiad,<br>&#8211; Zwrot koszt\u00f3w dojazdu (w przypadku realizacji zaj\u0119\u0107 poza miejscemzamieszkania),<br>&#8211; Certyfikaty potwierdzaj\u0105ce uzyskane kwalifikacje.<\/p>\n\n\n\n<p>Przewidywane efekty:<\/p>\n\n\n\n<p>Kompleksowe wsparcie Uczestnik\u00f3w\/czek Projektu w zakresie aktywizacji zawodowej skutkowa\u0107 b\u0119dzie: uzyskaniem kwalifikacji przez minimum 98 Uczestnik\u00f3w\/czek Projektu,<\/p>\n\n\n\n<figure class=\"wp-block-image size-full\"><img loading=\"lazy\" decoding=\"async\" width=\"1400\" height=\"1980\" src=\"https:\/\/grabowiec.pl\/ug\/wp-content\/uploads\/2025\/07\/Aktywni-na-rynku-pracy-plakat3.jpg\" alt=\"\" class=\"wp-image-5202\" srcset=\"https:\/\/grabowiec.pl\/ug\/wp-content\/uploads\/2025\/07\/Aktywni-na-rynku-pracy-plakat3.jpg 1400w, https:\/\/grabowiec.pl\/ug\/wp-content\/uploads\/2025\/07\/Aktywni-na-rynku-pracy-plakat3-212x300.jpg 212w, https:\/\/grabowiec.pl\/ug\/wp-content\/uploads\/2025\/07\/Aktywni-na-rynku-pracy-plakat3-724x1024.jpg 724w, https:\/\/grabowiec.pl\/ug\/wp-content\/uploads\/2025\/07\/Aktywni-na-rynku-pracy-plakat3-768x1086.jpg 768w, https:\/\/grabowiec.pl\/ug\/wp-content\/uploads\/2025\/07\/Aktywni-na-rynku-pracy-plakat3-1086x1536.jpg 1086w\" sizes=\"auto, (max-width: 1400px) 100vw, 1400px\" \/><\/figure>\n","protected":false},"excerpt":{"rendered":"<p>Firma O.K. Centrum J\u0119zyk\u00f3w Obcych Sp. z o.o. wraz z Fundacj\u0105 Niepodleg\u0142o\u015bci w ramach programu &hellip;<\/p>\n","protected":false},"author":1,"featured_media":5203,"comment_status":"closed","ping_status":"closed","sticky":false,"template":"","format":"standard","meta":{"footnotes":""},"categories":[9],"tags":[],"class_list":["post-5201","post","type-post","status-publish","format-standard","has-post-thumbnail","hentry","category-ogloszenia"],"author_data":{"name":"GrabAdmin","url":"https:\/\/grabowiec.pl\/ug\/index.php\/author\/grabadmin\/"},"excerpt_data":"Firma O.K. Centrum J\u0119zyk\u00f3w Obcych Sp. z o.o. wraz z Fundacj\u0105 Niepodleg\u0142o\u015bci w ramach programu...","categories_data":{"9":{"term_id":9,"name":"OG\u0141OSZENIA","slug":"ogloszenia","term_group":0,"term_taxonomy_id":9,"taxonomy":"category","description":"","parent":0,"count":160,"filter":"raw","cat_ID":9,"category_count":160,"category_description":"","cat_name":"OG\u0141OSZENIA","category_nicename":"ogloszenia","category_parent":0}},"featured_image_src":"https:\/\/grabowiec.pl\/ug\/wp-content\/uploads\/2025\/07\/business-8941862_1920.jpg","date_formated":"2025-07-29","yoast_head":"<!-- This site is optimized with the Yoast SEO plugin v27.5 - https:\/\/yoast.com\/product\/yoast-seo-wordpress\/ -->\n<title>AKTYWNI NA RYNKU PRACY - GMINA GRABOWIEC<\/title>\n<meta name=\"robots\" content=\"index, follow, max-snippet:-1, max-image-preview:large, max-video-preview:-1\" \/>\n<link rel=\"canonical\" href=\"https:\/\/grabowiec.pl\/ug\/index.php\/2025\/07\/29\/aktywni-na-rynku-pracy\/\" \/>\n<meta property=\"og:locale\" content=\"pl_PL\" \/>\n<meta property=\"og:type\" content=\"article\" \/>\n<meta property=\"og:title\" content=\"AKTYWNI NA RYNKU PRACY - GMINA GRABOWIEC\" \/>\n<meta property=\"og:description\" content=\"Firma O.K. Centrum J\u0119zyk\u00f3w Obcych Sp. z o.o. wraz z Fundacj\u0105 Niepodleg\u0142o\u015bci w ramach programu &hellip;\" \/>\n<meta property=\"og:url\" content=\"https:\/\/grabowiec.pl\/ug\/index.php\/2025\/07\/29\/aktywni-na-rynku-pracy\/\" \/>\n<meta property=\"og:site_name\" content=\"GMINA GRABOWIEC\" \/>\n<meta property=\"article:published_time\" content=\"2025-07-29T10:04:58+00:00\" \/>\n<meta property=\"og:image\" content=\"https:\/\/grabowiec.pl\/ug\/wp-content\/uploads\/2025\/07\/business-8941862_1920.jpg\" \/>\n\t<meta property=\"og:image:width\" content=\"1920\" \/>\n\t<meta property=\"og:image:height\" content=\"1076\" \/>\n\t<meta property=\"og:image:type\" content=\"image\/jpeg\" \/>\n<meta name=\"author\" content=\"GrabAdmin\" \/>\n<meta name=\"twitter:card\" content=\"summary_large_image\" \/>\n<meta name=\"twitter:label1\" content=\"Napisane przez\" \/>\n\t<meta name=\"twitter:data1\" content=\"GrabAdmin\" \/>\n\t<meta name=\"twitter:label2\" content=\"Szacowany czas czytania\" \/>\n\t<meta name=\"twitter:data2\" content=\"2 minuty\" \/>\n<script type=\"application\/ld+json\" class=\"yoast-schema-graph\">{\"@context\":\"https:\\\/\\\/schema.org\",\"@graph\":[{\"@type\":\"Article\",\"@id\":\"https:\\\/\\\/grabowiec.pl\\\/ug\\\/index.php\\\/2025\\\/07\\\/29\\\/aktywni-na-rynku-pracy\\\/#article\",\"isPartOf\":{\"@id\":\"https:\\\/\\\/grabowiec.pl\\\/ug\\\/index.php\\\/2025\\\/07\\\/29\\\/aktywni-na-rynku-pracy\\\/\"},\"author\":{\"name\":\"GrabAdmin\",\"@id\":\"https:\\\/\\\/grabowiec.pl\\\/ug\\\/#\\\/schema\\\/person\\\/5985d73d5ee31f074e8352f4782bdf99\"},\"headline\":\"AKTYWNI NA RYNKU PRACY\",\"datePublished\":\"2025-07-29T10:04:58+00:00\",\"mainEntityOfPage\":{\"@id\":\"https:\\\/\\\/grabowiec.pl\\\/ug\\\/index.php\\\/2025\\\/07\\\/29\\\/aktywni-na-rynku-pracy\\\/\"},\"wordCount\":225,\"publisher\":{\"@id\":\"https:\\\/\\\/grabowiec.pl\\\/ug\\\/#organization\"},\"image\":{\"@id\":\"https:\\\/\\\/grabowiec.pl\\\/ug\\\/index.php\\\/2025\\\/07\\\/29\\\/aktywni-na-rynku-pracy\\\/#primaryimage\"},\"thumbnailUrl\":\"https:\\\/\\\/grabowiec.pl\\\/ug\\\/wp-content\\\/uploads\\\/2025\\\/07\\\/business-8941862_1920.jpg\",\"articleSection\":[\"OG\u0141OSZENIA\"],\"inLanguage\":\"pl-PL\"},{\"@type\":\"WebPage\",\"@id\":\"https:\\\/\\\/grabowiec.pl\\\/ug\\\/index.php\\\/2025\\\/07\\\/29\\\/aktywni-na-rynku-pracy\\\/\",\"url\":\"https:\\\/\\\/grabowiec.pl\\\/ug\\\/index.php\\\/2025\\\/07\\\/29\\\/aktywni-na-rynku-pracy\\\/\",\"name\":\"AKTYWNI NA RYNKU PRACY - GMINA GRABOWIEC\",\"isPartOf\":{\"@id\":\"https:\\\/\\\/grabowiec.pl\\\/ug\\\/#website\"},\"primaryImageOfPage\":{\"@id\":\"https:\\\/\\\/grabowiec.pl\\\/ug\\\/index.php\\\/2025\\\/07\\\/29\\\/aktywni-na-rynku-pracy\\\/#primaryimage\"},\"image\":{\"@id\":\"https:\\\/\\\/grabowiec.pl\\\/ug\\\/index.php\\\/2025\\\/07\\\/29\\\/aktywni-na-rynku-pracy\\\/#primaryimage\"},\"thumbnailUrl\":\"https:\\\/\\\/grabowiec.pl\\\/ug\\\/wp-content\\\/uploads\\\/2025\\\/07\\\/business-8941862_1920.jpg\",\"datePublished\":\"2025-07-29T10:04:58+00:00\",\"breadcrumb\":{\"@id\":\"https:\\\/\\\/grabowiec.pl\\\/ug\\\/index.php\\\/2025\\\/07\\\/29\\\/aktywni-na-rynku-pracy\\\/#breadcrumb\"},\"inLanguage\":\"pl-PL\",\"potentialAction\":[{\"@type\":\"ReadAction\",\"target\":[\"https:\\\/\\\/grabowiec.pl\\\/ug\\\/index.php\\\/2025\\\/07\\\/29\\\/aktywni-na-rynku-pracy\\\/\"]}]},{\"@type\":\"ImageObject\",\"inLanguage\":\"pl-PL\",\"@id\":\"https:\\\/\\\/grabowiec.pl\\\/ug\\\/index.php\\\/2025\\\/07\\\/29\\\/aktywni-na-rynku-pracy\\\/#primaryimage\",\"url\":\"https:\\\/\\\/grabowiec.pl\\\/ug\\\/wp-content\\\/uploads\\\/2025\\\/07\\\/business-8941862_1920.jpg\",\"contentUrl\":\"https:\\\/\\\/grabowiec.pl\\\/ug\\\/wp-content\\\/uploads\\\/2025\\\/07\\\/business-8941862_1920.jpg\",\"width\":1920,\"height\":1076},{\"@type\":\"BreadcrumbList\",\"@id\":\"https:\\\/\\\/grabowiec.pl\\\/ug\\\/index.php\\\/2025\\\/07\\\/29\\\/aktywni-na-rynku-pracy\\\/#breadcrumb\",\"itemListElement\":[{\"@type\":\"ListItem\",\"position\":1,\"name\":\"Strona g\u0142\u00f3wna\",\"item\":\"https:\\\/\\\/grabowiec.pl\\\/ug\\\/\"},{\"@type\":\"ListItem\",\"position\":2,\"name\":\"AKTYWNI NA RYNKU PRACY\"}]},{\"@type\":\"WebSite\",\"@id\":\"https:\\\/\\\/grabowiec.pl\\\/ug\\\/#website\",\"url\":\"https:\\\/\\\/grabowiec.pl\\\/ug\\\/\",\"name\":\"GMINA GRABOWIEC\",\"description\":\"\",\"publisher\":{\"@id\":\"https:\\\/\\\/grabowiec.pl\\\/ug\\\/#organization\"},\"potentialAction\":[{\"@type\":\"SearchAction\",\"target\":{\"@type\":\"EntryPoint\",\"urlTemplate\":\"https:\\\/\\\/grabowiec.pl\\\/ug\\\/?s={search_term_string}\"},\"query-input\":{\"@type\":\"PropertyValueSpecification\",\"valueRequired\":true,\"valueName\":\"search_term_string\"}}],\"inLanguage\":\"pl-PL\"},{\"@type\":\"Organization\",\"@id\":\"https:\\\/\\\/grabowiec.pl\\\/ug\\\/#organization\",\"name\":\"GMINA GRABOWIEC\",\"url\":\"https:\\\/\\\/grabowiec.pl\\\/ug\\\/\",\"logo\":{\"@type\":\"ImageObject\",\"inLanguage\":\"pl-PL\",\"@id\":\"https:\\\/\\\/grabowiec.pl\\\/ug\\\/#\\\/schema\\\/logo\\\/image\\\/\",\"url\":\"https:\\\/\\\/grabowiec.pl\\\/ug\\\/wp-content\\\/uploads\\\/2023\\\/02\\\/grab-herb.png\",\"contentUrl\":\"https:\\\/\\\/grabowiec.pl\\\/ug\\\/wp-content\\\/uploads\\\/2023\\\/02\\\/grab-herb.png\",\"width\":500,\"height\":600,\"caption\":\"GMINA GRABOWIEC\"},\"image\":{\"@id\":\"https:\\\/\\\/grabowiec.pl\\\/ug\\\/#\\\/schema\\\/logo\\\/image\\\/\"}},{\"@type\":\"Person\",\"@id\":\"https:\\\/\\\/grabowiec.pl\\\/ug\\\/#\\\/schema\\\/person\\\/5985d73d5ee31f074e8352f4782bdf99\",\"name\":\"GrabAdmin\",\"image\":{\"@type\":\"ImageObject\",\"inLanguage\":\"pl-PL\",\"@id\":\"https:\\\/\\\/secure.gravatar.com\\\/avatar\\\/d282d70901c093d417c40ef93cb537ed734f8c89a218e980f2eb8806fb2268e4?s=96&d=mm&r=g\",\"url\":\"https:\\\/\\\/secure.gravatar.com\\\/avatar\\\/d282d70901c093d417c40ef93cb537ed734f8c89a218e980f2eb8806fb2268e4?s=96&d=mm&r=g\",\"contentUrl\":\"https:\\\/\\\/secure.gravatar.com\\\/avatar\\\/d282d70901c093d417c40ef93cb537ed734f8c89a218e980f2eb8806fb2268e4?s=96&d=mm&r=g\",\"caption\":\"GrabAdmin\"},\"sameAs\":[\"http:\\\/\\\/grabowiec.pl\\\/ug\"],\"url\":\"https:\\\/\\\/grabowiec.pl\\\/ug\\\/index.php\\\/author\\\/grabadmin\\\/\"}]}<\/script>\n<!-- \/ Yoast SEO plugin. -->","yoast_head_json":{"title":"AKTYWNI NA RYNKU PRACY - GMINA GRABOWIEC","robots":{"index":"index","follow":"follow","max-snippet":"max-snippet:-1","max-image-preview":"max-image-preview:large","max-video-preview":"max-video-preview:-1"},"canonical":"https:\/\/grabowiec.pl\/ug\/index.php\/2025\/07\/29\/aktywni-na-rynku-pracy\/","og_locale":"pl_PL","og_type":"article","og_title":"AKTYWNI NA RYNKU PRACY - GMINA GRABOWIEC","og_description":"Firma O.K. Centrum J\u0119zyk\u00f3w Obcych Sp. z o.o. wraz z Fundacj\u0105 Niepodleg\u0142o\u015bci w ramach programu &hellip;","og_url":"https:\/\/grabowiec.pl\/ug\/index.php\/2025\/07\/29\/aktywni-na-rynku-pracy\/","og_site_name":"GMINA GRABOWIEC","article_published_time":"2025-07-29T10:04:58+00:00","og_image":[{"width":1920,"height":1076,"url":"https:\/\/grabowiec.pl\/ug\/wp-content\/uploads\/2025\/07\/business-8941862_1920.jpg","type":"image\/jpeg"}],"author":"GrabAdmin","twitter_card":"summary_large_image","twitter_misc":{"Napisane przez":"GrabAdmin","Szacowany czas czytania":"2 minuty"},"schema":{"@context":"https:\/\/schema.org","@graph":[{"@type":"Article","@id":"https:\/\/grabowiec.pl\/ug\/index.php\/2025\/07\/29\/aktywni-na-rynku-pracy\/#article","isPartOf":{"@id":"https:\/\/grabowiec.pl\/ug\/index.php\/2025\/07\/29\/aktywni-na-rynku-pracy\/"},"author":{"name":"GrabAdmin","@id":"https:\/\/grabowiec.pl\/ug\/#\/schema\/person\/5985d73d5ee31f074e8352f4782bdf99"},"headline":"AKTYWNI NA RYNKU PRACY","datePublished":"2025-07-29T10:04:58+00:00","mainEntityOfPage":{"@id":"https:\/\/grabowiec.pl\/ug\/index.php\/2025\/07\/29\/aktywni-na-rynku-pracy\/"},"wordCount":225,"publisher":{"@id":"https:\/\/grabowiec.pl\/ug\/#organization"},"image":{"@id":"https:\/\/grabowiec.pl\/ug\/index.php\/2025\/07\/29\/aktywni-na-rynku-pracy\/#primaryimage"},"thumbnailUrl":"https:\/\/grabowiec.pl\/ug\/wp-content\/uploads\/2025\/07\/business-8941862_1920.jpg","articleSection":["OG\u0141OSZENIA"],"inLanguage":"pl-PL"},{"@type":"WebPage","@id":"https:\/\/grabowiec.pl\/ug\/index.php\/2025\/07\/29\/aktywni-na-rynku-pracy\/","url":"https:\/\/grabowiec.pl\/ug\/index.php\/2025\/07\/29\/aktywni-na-rynku-pracy\/","name":"AKTYWNI NA RYNKU PRACY - GMINA GRABOWIEC","isPartOf":{"@id":"https:\/\/grabowiec.pl\/ug\/#website"},"primaryImageOfPage":{"@id":"https:\/\/grabowiec.pl\/ug\/index.php\/2025\/07\/29\/aktywni-na-rynku-pracy\/#primaryimage"},"image":{"@id":"https:\/\/grabowiec.pl\/ug\/index.php\/2025\/07\/29\/aktywni-na-rynku-pracy\/#primaryimage"},"thumbnailUrl":"https:\/\/grabowiec.pl\/ug\/wp-content\/uploads\/2025\/07\/business-8941862_1920.jpg","datePublished":"2025-07-29T10:04:58+00:00","breadcrumb":{"@id":"https:\/\/grabowiec.pl\/ug\/index.php\/2025\/07\/29\/aktywni-na-rynku-pracy\/#breadcrumb"},"inLanguage":"pl-PL","potentialAction":[{"@type":"ReadAction","target":["https:\/\/grabowiec.pl\/ug\/index.php\/2025\/07\/29\/aktywni-na-rynku-pracy\/"]}]},{"@type":"ImageObject","inLanguage":"pl-PL","@id":"https:\/\/grabowiec.pl\/ug\/index.php\/2025\/07\/29\/aktywni-na-rynku-pracy\/#primaryimage","url":"https:\/\/grabowiec.pl\/ug\/wp-content\/uploads\/2025\/07\/business-8941862_1920.jpg","contentUrl":"https:\/\/grabowiec.pl\/ug\/wp-content\/uploads\/2025\/07\/business-8941862_1920.jpg","width":1920,"height":1076},{"@type":"BreadcrumbList","@id":"https:\/\/grabowiec.pl\/ug\/index.php\/2025\/07\/29\/aktywni-na-rynku-pracy\/#breadcrumb","itemListElement":[{"@type":"ListItem","position":1,"name":"Strona g\u0142\u00f3wna","item":"https:\/\/grabowiec.pl\/ug\/"},{"@type":"ListItem","position":2,"name":"AKTYWNI NA RYNKU PRACY"}]},{"@type":"WebSite","@id":"https:\/\/grabowiec.pl\/ug\/#website","url":"https:\/\/grabowiec.pl\/ug\/","name":"GMINA GRABOWIEC","description":"","publisher":{"@id":"https:\/\/grabowiec.pl\/ug\/#organization"},"potentialAction":[{"@type":"SearchAction","target":{"@type":"EntryPoint","urlTemplate":"https:\/\/grabowiec.pl\/ug\/?s={search_term_string}"},"query-input":{"@type":"PropertyValueSpecification","valueRequired":true,"valueName":"search_term_string"}}],"inLanguage":"pl-PL"},{"@type":"Organization","@id":"https:\/\/grabowiec.pl\/ug\/#organization","name":"GMINA GRABOWIEC","url":"https:\/\/grabowiec.pl\/ug\/","logo":{"@type":"ImageObject","inLanguage":"pl-PL","@id":"https:\/\/grabowiec.pl\/ug\/#\/schema\/logo\/image\/","url":"https:\/\/grabowiec.pl\/ug\/wp-content\/uploads\/2023\/02\/grab-herb.png","contentUrl":"https:\/\/grabowiec.pl\/ug\/wp-content\/uploads\/2023\/02\/grab-herb.png","width":500,"height":600,"caption":"GMINA GRABOWIEC"},"image":{"@id":"https:\/\/grabowiec.pl\/ug\/#\/schema\/logo\/image\/"}},{"@type":"Person","@id":"https:\/\/grabowiec.pl\/ug\/#\/schema\/person\/5985d73d5ee31f074e8352f4782bdf99","name":"GrabAdmin","image":{"@type":"ImageObject","inLanguage":"pl-PL","@id":"https:\/\/secure.gravatar.com\/avatar\/d282d70901c093d417c40ef93cb537ed734f8c89a218e980f2eb8806fb2268e4?s=96&d=mm&r=g","url":"https:\/\/secure.gravatar.com\/avatar\/d282d70901c093d417c40ef93cb537ed734f8c89a218e980f2eb8806fb2268e4?s=96&d=mm&r=g","contentUrl":"https:\/\/secure.gravatar.com\/avatar\/d282d70901c093d417c40ef93cb537ed734f8c89a218e980f2eb8806fb2268e4?s=96&d=mm&r=g","caption":"GrabAdmin"},"sameAs":["http:\/\/grabowiec.pl\/ug"],"url":"https:\/\/grabowiec.pl\/ug\/index.php\/author\/grabadmin\/"}]}},"_links":{"self":[{"href":"https:\/\/grabowiec.pl\/ug\/index.php\/wp-json\/wp\/v2\/posts\/5201","targetHints":{"allow":["GET"]}}],"collection":[{"href":"https:\/\/grabowiec.pl\/ug\/index.php\/wp-json\/wp\/v2\/posts"}],"about":[{"href":"https:\/\/grabowiec.pl\/ug\/index.php\/wp-json\/wp\/v2\/types\/post"}],"author":[{"embeddable":true,"href":"https:\/\/grabowiec.pl\/ug\/index.php\/wp-json\/wp\/v2\/users\/1"}],"replies":[{"embeddable":true,"href":"https:\/\/grabowiec.pl\/ug\/index.php\/wp-json\/wp\/v2\/comments?post=5201"}],"version-history":[{"count":1,"href":"https:\/\/grabowiec.pl\/ug\/index.php\/wp-json\/wp\/v2\/posts\/5201\/revisions"}],"predecessor-version":[{"id":5204,"href":"https:\/\/grabowiec.pl\/ug\/index.php\/wp-json\/wp\/v2\/posts\/5201\/revisions\/5204"}],"wp:featuredmedia":[{"embeddable":true,"href":"https:\/\/grabowiec.pl\/ug\/index.php\/wp-json\/wp\/v2\/media\/5203"}],"wp:attachment":[{"href":"https:\/\/grabowiec.pl\/ug\/index.php\/wp-json\/wp\/v2\/media?parent=5201"}],"wp:term":[{"taxonomy":"category","embeddable":true,"href":"https:\/\/grabowiec.pl\/ug\/index.php\/wp-json\/wp\/v2\/categories?post=5201"},{"taxonomy":"post_tag","embeddable":true,"href":"https:\/\/grabowiec.pl\/ug\/index.php\/wp-json\/wp\/v2\/tags?post=5201"}],"curies":[{"name":"wp","href":"https:\/\/api.w.org\/{rel}","templated":true}]}}