{"id":5673,"date":"2025-09-10T13:28:00","date_gmt":"2025-09-10T11:28:00","guid":{"rendered":"https:\/\/grabowiec.pl\/ug\/?p=5673"},"modified":"2025-12-08T13:31:07","modified_gmt":"2025-12-08T12:31:07","slug":"program-posilek-w-szkole-i-w-domu","status":"publish","type":"post","link":"https:\/\/grabowiec.pl\/ug\/index.php\/2025\/09\/10\/program-posilek-w-szkole-i-w-domu\/","title":{"rendered":"Program \u201e POSI\u0141EK W SZKOLE I W DOMU\u201d"},"content":{"rendered":"\n<p>&nbsp; &nbsp; &nbsp; &nbsp;Mi\u0142o nam poinformowa\u0107, \u017ce nasza gmina zrealizowa\u0142a zadanie w ramach modu\u0142u 3, wieloletniego rz\u0105dowego programu \u201e Posi\u0142ek w szkole i w domu\u201d. Dzi\u0119ki pozyskanej dotacji w wysoko\u015bci 80&nbsp;000 z\u0142. oraz wk\u0142adowi w\u0142asnemu 20&nbsp;000 z\u0142. mo\u017cliwe by\u0142o przeprowadzenie modernizacji kuchni i sto\u0142\u00f3wki szkolnej.<\/p>\n\n\n\n<p>W ramach projektu:<\/p>\n\n\n\n<ul class=\"wp-block-list\">\n<li>dokonano zakupu mi\u0119dzy innymi nowoczesnego pieca konwekcyjnego wrazz podstaw\u0105, patelni elektrycznej, kuchni gazowej, szafy ch\u0142odniczej, lod\u00f3wki na pr\u00f3bki \u017cywno\u015bci, sto\u0142\u00f3w i rega\u0142u ze stali nierdzewnej, kloca masarskiego, umywalki wrazz nowoczesn\u0105 bateri\u0105 , gastronomicznej baterii ze spryskiwaczem i wylewk\u0105, sto\u0142u ze zlewem 2- komorowym i p\u00f3\u0142k\u0105 ze stali nierdzewnej, zastawy sto\u0142owej ( talerze , kubki) dla ponad 100 os\u00f3b, sztu\u0107c\u00f3w oraz krzese\u0142ek sto\u0142\u00f3wkowych.<\/li>\n\n\n\n<li>przeprowadzono wyburzenie starego pieca kaflowego i przygotowano pomieszczenia do monta\u017cu nowego wyposa\u017cenia<\/li>\n<\/ul>\n\n\n\n<p>Dzi\u0119ki realizacji inwestycji uczniowie maj\u0105 teraz zapewnione komfortowe i bezpieczne warunki do spo\u017cywania posi\u0142k\u00f3w, a zaplecze kuchenne spe\u0142nia aktualne standardy sanitarne i technologiczne.<\/p>\n\n\n<div class=\"wp-block-image\">\n<figure class=\"aligncenter size-full\"><img loading=\"lazy\" decoding=\"async\" width=\"1463\" height=\"1035\" src=\"https:\/\/grabowiec.pl\/ug\/wp-content\/uploads\/2025\/12\/tablica.png\" alt=\"\" class=\"wp-image-5674\" srcset=\"https:\/\/grabowiec.pl\/ug\/wp-content\/uploads\/2025\/12\/tablica.png 1463w, https:\/\/grabowiec.pl\/ug\/wp-content\/uploads\/2025\/12\/tablica-300x212.png 300w, https:\/\/grabowiec.pl\/ug\/wp-content\/uploads\/2025\/12\/tablica-1024x724.png 1024w, https:\/\/grabowiec.pl\/ug\/wp-content\/uploads\/2025\/12\/tablica-768x543.png 768w, https:\/\/grabowiec.pl\/ug\/wp-content\/uploads\/2025\/12\/tablica-388x274.png 388w\" sizes=\"auto, (max-width: 1463px) 100vw, 1463px\" \/><\/figure>\n<\/div>","protected":false},"excerpt":{"rendered":"<p>&nbsp; &nbsp; &nbsp; &nbsp;Mi\u0142o nam poinformowa\u0107, \u017ce nasza gmina zrealizowa\u0142a zadanie w ramach modu\u0142u 3, &hellip;<\/p>\n","protected":false},"author":1,"featured_media":5675,"comment_status":"closed","ping_status":"closed","sticky":false,"template":"","format":"standard","meta":{"footnotes":""},"categories":[14,8],"tags":[],"class_list":["post-5673","post","type-post","status-publish","format-standard","has-post-thumbnail","hentry","category-posilek-w-szkole-i-domu","category-wydarzenia"],"author_data":{"name":"GrabAdmin","url":"https:\/\/grabowiec.pl\/ug\/index.php\/author\/grabadmin\/"},"excerpt_data":"&nbsp; &nbsp; &nbsp; &nbsp;Mi\u0142o nam poinformowa\u0107, \u017ce nasza gmina zrealizowa\u0142a zadanie w ramach modu\u0142u 3,...","categories_data":{"14":{"term_id":14,"name":"POSI\u0141EK W SZKOLE I DOMU","slug":"posilek-w-szkole-i-domu","term_group":0,"term_taxonomy_id":14,"taxonomy":"category","description":"","parent":0,"count":1,"filter":"raw","cat_ID":14,"category_count":1,"category_description":"","cat_name":"POSI\u0141EK W SZKOLE I DOMU","category_nicename":"posilek-w-szkole-i-domu","category_parent":0},"8":{"term_id":8,"name":"WYDARZENIA","slug":"wydarzenia","term_group":0,"term_taxonomy_id":8,"taxonomy":"category","description":"","parent":0,"count":285,"filter":"raw","cat_ID":8,"category_count":285,"category_description":"","cat_name":"WYDARZENIA","category_nicename":"wydarzenia","category_parent":0}},"featured_image_src":"https:\/\/grabowiec.pl\/ug\/wp-content\/uploads\/2025\/12\/tablica-dofin.jpg","date_formated":"2025-09-10","yoast_head":"<!-- This site is optimized with the Yoast SEO plugin v27.4 - https:\/\/yoast.com\/product\/yoast-seo-wordpress\/ -->\n<title>Program \u201e POSI\u0141EK W SZKOLE I W DOMU\u201d - GMINA GRABOWIEC<\/title>\n<meta name=\"robots\" content=\"index, follow, max-snippet:-1, max-image-preview:large, max-video-preview:-1\" \/>\n<link rel=\"canonical\" href=\"https:\/\/grabowiec.pl\/ug\/index.php\/2025\/09\/10\/program-posilek-w-szkole-i-w-domu\/\" \/>\n<meta property=\"og:locale\" content=\"pl_PL\" \/>\n<meta property=\"og:type\" content=\"article\" \/>\n<meta property=\"og:title\" content=\"Program \u201e POSI\u0141EK W SZKOLE I W DOMU\u201d - GMINA GRABOWIEC\" \/>\n<meta property=\"og:description\" content=\"&nbsp; &nbsp; &nbsp; &nbsp;Mi\u0142o nam poinformowa\u0107, \u017ce nasza gmina zrealizowa\u0142a zadanie w ramach modu\u0142u 3, &hellip;\" \/>\n<meta property=\"og:url\" content=\"https:\/\/grabowiec.pl\/ug\/index.php\/2025\/09\/10\/program-posilek-w-szkole-i-w-domu\/\" \/>\n<meta property=\"og:site_name\" content=\"GMINA GRABOWIEC\" \/>\n<meta property=\"article:published_time\" content=\"2025-09-10T11:28:00+00:00\" \/>\n<meta property=\"article:modified_time\" content=\"2025-12-08T12:31:07+00:00\" \/>\n<meta property=\"og:image\" content=\"https:\/\/grabowiec.pl\/ug\/wp-content\/uploads\/2025\/12\/tablica-dofin.jpg\" \/>\n\t<meta property=\"og:image:width\" content=\"1313\" \/>\n\t<meta property=\"og:image:height\" content=\"986\" \/>\n\t<meta property=\"og:image:type\" content=\"image\/jpeg\" \/>\n<meta name=\"author\" content=\"GrabAdmin\" \/>\n<meta name=\"twitter:card\" content=\"summary_large_image\" \/>\n<meta name=\"twitter:label1\" content=\"Napisane przez\" \/>\n\t<meta name=\"twitter:data1\" content=\"GrabAdmin\" \/>\n\t<meta name=\"twitter:label2\" content=\"Szacowany czas czytania\" \/>\n\t<meta name=\"twitter:data2\" content=\"2 minuty\" \/>\n<script type=\"application\/ld+json\" class=\"yoast-schema-graph\">{\"@context\":\"https:\\\/\\\/schema.org\",\"@graph\":[{\"@type\":\"Article\",\"@id\":\"https:\\\/\\\/grabowiec.pl\\\/ug\\\/index.php\\\/2025\\\/09\\\/10\\\/program-posilek-w-szkole-i-w-domu\\\/#article\",\"isPartOf\":{\"@id\":\"https:\\\/\\\/grabowiec.pl\\\/ug\\\/index.php\\\/2025\\\/09\\\/10\\\/program-posilek-w-szkole-i-w-domu\\\/\"},\"author\":{\"name\":\"GrabAdmin\",\"@id\":\"https:\\\/\\\/grabowiec.pl\\\/ug\\\/#\\\/schema\\\/person\\\/5985d73d5ee31f074e8352f4782bdf99\"},\"headline\":\"Program \u201e POSI\u0141EK W SZKOLE I W DOMU\u201d\",\"datePublished\":\"2025-09-10T11:28:00+00:00\",\"dateModified\":\"2025-12-08T12:31:07+00:00\",\"mainEntityOfPage\":{\"@id\":\"https:\\\/\\\/grabowiec.pl\\\/ug\\\/index.php\\\/2025\\\/09\\\/10\\\/program-posilek-w-szkole-i-w-domu\\\/\"},\"wordCount\":182,\"publisher\":{\"@id\":\"https:\\\/\\\/grabowiec.pl\\\/ug\\\/#organization\"},\"image\":{\"@id\":\"https:\\\/\\\/grabowiec.pl\\\/ug\\\/index.php\\\/2025\\\/09\\\/10\\\/program-posilek-w-szkole-i-w-domu\\\/#primaryimage\"},\"thumbnailUrl\":\"https:\\\/\\\/grabowiec.pl\\\/ug\\\/wp-content\\\/uploads\\\/2025\\\/12\\\/tablica-dofin.jpg\",\"articleSection\":[\"POSI\u0141EK W SZKOLE I DOMU\",\"WYDARZENIA\"],\"inLanguage\":\"pl-PL\"},{\"@type\":\"WebPage\",\"@id\":\"https:\\\/\\\/grabowiec.pl\\\/ug\\\/index.php\\\/2025\\\/09\\\/10\\\/program-posilek-w-szkole-i-w-domu\\\/\",\"url\":\"https:\\\/\\\/grabowiec.pl\\\/ug\\\/index.php\\\/2025\\\/09\\\/10\\\/program-posilek-w-szkole-i-w-domu\\\/\",\"name\":\"Program \u201e POSI\u0141EK W SZKOLE I W DOMU\u201d - GMINA GRABOWIEC\",\"isPartOf\":{\"@id\":\"https:\\\/\\\/grabowiec.pl\\\/ug\\\/#website\"},\"primaryImageOfPage\":{\"@id\":\"https:\\\/\\\/grabowiec.pl\\\/ug\\\/index.php\\\/2025\\\/09\\\/10\\\/program-posilek-w-szkole-i-w-domu\\\/#primaryimage\"},\"image\":{\"@id\":\"https:\\\/\\\/grabowiec.pl\\\/ug\\\/index.php\\\/2025\\\/09\\\/10\\\/program-posilek-w-szkole-i-w-domu\\\/#primaryimage\"},\"thumbnailUrl\":\"https:\\\/\\\/grabowiec.pl\\\/ug\\\/wp-content\\\/uploads\\\/2025\\\/12\\\/tablica-dofin.jpg\",\"datePublished\":\"2025-09-10T11:28:00+00:00\",\"dateModified\":\"2025-12-08T12:31:07+00:00\",\"breadcrumb\":{\"@id\":\"https:\\\/\\\/grabowiec.pl\\\/ug\\\/index.php\\\/2025\\\/09\\\/10\\\/program-posilek-w-szkole-i-w-domu\\\/#breadcrumb\"},\"inLanguage\":\"pl-PL\",\"potentialAction\":[{\"@type\":\"ReadAction\",\"target\":[\"https:\\\/\\\/grabowiec.pl\\\/ug\\\/index.php\\\/2025\\\/09\\\/10\\\/program-posilek-w-szkole-i-w-domu\\\/\"]}]},{\"@type\":\"ImageObject\",\"inLanguage\":\"pl-PL\",\"@id\":\"https:\\\/\\\/grabowiec.pl\\\/ug\\\/index.php\\\/2025\\\/09\\\/10\\\/program-posilek-w-szkole-i-w-domu\\\/#primaryimage\",\"url\":\"https:\\\/\\\/grabowiec.pl\\\/ug\\\/wp-content\\\/uploads\\\/2025\\\/12\\\/tablica-dofin.jpg\",\"contentUrl\":\"https:\\\/\\\/grabowiec.pl\\\/ug\\\/wp-content\\\/uploads\\\/2025\\\/12\\\/tablica-dofin.jpg\",\"width\":1313,\"height\":986},{\"@type\":\"BreadcrumbList\",\"@id\":\"https:\\\/\\\/grabowiec.pl\\\/ug\\\/index.php\\\/2025\\\/09\\\/10\\\/program-posilek-w-szkole-i-w-domu\\\/#breadcrumb\",\"itemListElement\":[{\"@type\":\"ListItem\",\"position\":1,\"name\":\"Strona g\u0142\u00f3wna\",\"item\":\"https:\\\/\\\/grabowiec.pl\\\/ug\\\/\"},{\"@type\":\"ListItem\",\"position\":2,\"name\":\"Program \u201e POSI\u0141EK W SZKOLE I W DOMU\u201d\"}]},{\"@type\":\"WebSite\",\"@id\":\"https:\\\/\\\/grabowiec.pl\\\/ug\\\/#website\",\"url\":\"https:\\\/\\\/grabowiec.pl\\\/ug\\\/\",\"name\":\"GMINA GRABOWIEC\",\"description\":\"\",\"publisher\":{\"@id\":\"https:\\\/\\\/grabowiec.pl\\\/ug\\\/#organization\"},\"potentialAction\":[{\"@type\":\"SearchAction\",\"target\":{\"@type\":\"EntryPoint\",\"urlTemplate\":\"https:\\\/\\\/grabowiec.pl\\\/ug\\\/?s={search_term_string}\"},\"query-input\":{\"@type\":\"PropertyValueSpecification\",\"valueRequired\":true,\"valueName\":\"search_term_string\"}}],\"inLanguage\":\"pl-PL\"},{\"@type\":\"Organization\",\"@id\":\"https:\\\/\\\/grabowiec.pl\\\/ug\\\/#organization\",\"name\":\"GMINA GRABOWIEC\",\"url\":\"https:\\\/\\\/grabowiec.pl\\\/ug\\\/\",\"logo\":{\"@type\":\"ImageObject\",\"inLanguage\":\"pl-PL\",\"@id\":\"https:\\\/\\\/grabowiec.pl\\\/ug\\\/#\\\/schema\\\/logo\\\/image\\\/\",\"url\":\"https:\\\/\\\/grabowiec.pl\\\/ug\\\/wp-content\\\/uploads\\\/2023\\\/02\\\/grab-herb.png\",\"contentUrl\":\"https:\\\/\\\/grabowiec.pl\\\/ug\\\/wp-content\\\/uploads\\\/2023\\\/02\\\/grab-herb.png\",\"width\":500,\"height\":600,\"caption\":\"GMINA GRABOWIEC\"},\"image\":{\"@id\":\"https:\\\/\\\/grabowiec.pl\\\/ug\\\/#\\\/schema\\\/logo\\\/image\\\/\"}},{\"@type\":\"Person\",\"@id\":\"https:\\\/\\\/grabowiec.pl\\\/ug\\\/#\\\/schema\\\/person\\\/5985d73d5ee31f074e8352f4782bdf99\",\"name\":\"GrabAdmin\",\"image\":{\"@type\":\"ImageObject\",\"inLanguage\":\"pl-PL\",\"@id\":\"https:\\\/\\\/secure.gravatar.com\\\/avatar\\\/d282d70901c093d417c40ef93cb537ed734f8c89a218e980f2eb8806fb2268e4?s=96&d=mm&r=g\",\"url\":\"https:\\\/\\\/secure.gravatar.com\\\/avatar\\\/d282d70901c093d417c40ef93cb537ed734f8c89a218e980f2eb8806fb2268e4?s=96&d=mm&r=g\",\"contentUrl\":\"https:\\\/\\\/secure.gravatar.com\\\/avatar\\\/d282d70901c093d417c40ef93cb537ed734f8c89a218e980f2eb8806fb2268e4?s=96&d=mm&r=g\",\"caption\":\"GrabAdmin\"},\"sameAs\":[\"http:\\\/\\\/grabowiec.pl\\\/ug\"],\"url\":\"https:\\\/\\\/grabowiec.pl\\\/ug\\\/index.php\\\/author\\\/grabadmin\\\/\"}]}<\/script>\n<!-- \/ Yoast SEO plugin. -->","yoast_head_json":{"title":"Program \u201e POSI\u0141EK W SZKOLE I W DOMU\u201d - GMINA GRABOWIEC","robots":{"index":"index","follow":"follow","max-snippet":"max-snippet:-1","max-image-preview":"max-image-preview:large","max-video-preview":"max-video-preview:-1"},"canonical":"https:\/\/grabowiec.pl\/ug\/index.php\/2025\/09\/10\/program-posilek-w-szkole-i-w-domu\/","og_locale":"pl_PL","og_type":"article","og_title":"Program \u201e POSI\u0141EK W SZKOLE I W DOMU\u201d - GMINA GRABOWIEC","og_description":"&nbsp; &nbsp; &nbsp; &nbsp;Mi\u0142o nam poinformowa\u0107, \u017ce nasza gmina zrealizowa\u0142a zadanie w ramach modu\u0142u 3, &hellip;","og_url":"https:\/\/grabowiec.pl\/ug\/index.php\/2025\/09\/10\/program-posilek-w-szkole-i-w-domu\/","og_site_name":"GMINA GRABOWIEC","article_published_time":"2025-09-10T11:28:00+00:00","article_modified_time":"2025-12-08T12:31:07+00:00","og_image":[{"width":1313,"height":986,"url":"https:\/\/grabowiec.pl\/ug\/wp-content\/uploads\/2025\/12\/tablica-dofin.jpg","type":"image\/jpeg"}],"author":"GrabAdmin","twitter_card":"summary_large_image","twitter_misc":{"Napisane przez":"GrabAdmin","Szacowany czas czytania":"2 minuty"},"schema":{"@context":"https:\/\/schema.org","@graph":[{"@type":"Article","@id":"https:\/\/grabowiec.pl\/ug\/index.php\/2025\/09\/10\/program-posilek-w-szkole-i-w-domu\/#article","isPartOf":{"@id":"https:\/\/grabowiec.pl\/ug\/index.php\/2025\/09\/10\/program-posilek-w-szkole-i-w-domu\/"},"author":{"name":"GrabAdmin","@id":"https:\/\/grabowiec.pl\/ug\/#\/schema\/person\/5985d73d5ee31f074e8352f4782bdf99"},"headline":"Program \u201e POSI\u0141EK W SZKOLE I W DOMU\u201d","datePublished":"2025-09-10T11:28:00+00:00","dateModified":"2025-12-08T12:31:07+00:00","mainEntityOfPage":{"@id":"https:\/\/grabowiec.pl\/ug\/index.php\/2025\/09\/10\/program-posilek-w-szkole-i-w-domu\/"},"wordCount":182,"publisher":{"@id":"https:\/\/grabowiec.pl\/ug\/#organization"},"image":{"@id":"https:\/\/grabowiec.pl\/ug\/index.php\/2025\/09\/10\/program-posilek-w-szkole-i-w-domu\/#primaryimage"},"thumbnailUrl":"https:\/\/grabowiec.pl\/ug\/wp-content\/uploads\/2025\/12\/tablica-dofin.jpg","articleSection":["POSI\u0141EK W SZKOLE I DOMU","WYDARZENIA"],"inLanguage":"pl-PL"},{"@type":"WebPage","@id":"https:\/\/grabowiec.pl\/ug\/index.php\/2025\/09\/10\/program-posilek-w-szkole-i-w-domu\/","url":"https:\/\/grabowiec.pl\/ug\/index.php\/2025\/09\/10\/program-posilek-w-szkole-i-w-domu\/","name":"Program \u201e POSI\u0141EK W SZKOLE I W DOMU\u201d - GMINA GRABOWIEC","isPartOf":{"@id":"https:\/\/grabowiec.pl\/ug\/#website"},"primaryImageOfPage":{"@id":"https:\/\/grabowiec.pl\/ug\/index.php\/2025\/09\/10\/program-posilek-w-szkole-i-w-domu\/#primaryimage"},"image":{"@id":"https:\/\/grabowiec.pl\/ug\/index.php\/2025\/09\/10\/program-posilek-w-szkole-i-w-domu\/#primaryimage"},"thumbnailUrl":"https:\/\/grabowiec.pl\/ug\/wp-content\/uploads\/2025\/12\/tablica-dofin.jpg","datePublished":"2025-09-10T11:28:00+00:00","dateModified":"2025-12-08T12:31:07+00:00","breadcrumb":{"@id":"https:\/\/grabowiec.pl\/ug\/index.php\/2025\/09\/10\/program-posilek-w-szkole-i-w-domu\/#breadcrumb"},"inLanguage":"pl-PL","potentialAction":[{"@type":"ReadAction","target":["https:\/\/grabowiec.pl\/ug\/index.php\/2025\/09\/10\/program-posilek-w-szkole-i-w-domu\/"]}]},{"@type":"ImageObject","inLanguage":"pl-PL","@id":"https:\/\/grabowiec.pl\/ug\/index.php\/2025\/09\/10\/program-posilek-w-szkole-i-w-domu\/#primaryimage","url":"https:\/\/grabowiec.pl\/ug\/wp-content\/uploads\/2025\/12\/tablica-dofin.jpg","contentUrl":"https:\/\/grabowiec.pl\/ug\/wp-content\/uploads\/2025\/12\/tablica-dofin.jpg","width":1313,"height":986},{"@type":"BreadcrumbList","@id":"https:\/\/grabowiec.pl\/ug\/index.php\/2025\/09\/10\/program-posilek-w-szkole-i-w-domu\/#breadcrumb","itemListElement":[{"@type":"ListItem","position":1,"name":"Strona g\u0142\u00f3wna","item":"https:\/\/grabowiec.pl\/ug\/"},{"@type":"ListItem","position":2,"name":"Program \u201e POSI\u0141EK W SZKOLE I W DOMU\u201d"}]},{"@type":"WebSite","@id":"https:\/\/grabowiec.pl\/ug\/#website","url":"https:\/\/grabowiec.pl\/ug\/","name":"GMINA GRABOWIEC","description":"","publisher":{"@id":"https:\/\/grabowiec.pl\/ug\/#organization"},"potentialAction":[{"@type":"SearchAction","target":{"@type":"EntryPoint","urlTemplate":"https:\/\/grabowiec.pl\/ug\/?s={search_term_string}"},"query-input":{"@type":"PropertyValueSpecification","valueRequired":true,"valueName":"search_term_string"}}],"inLanguage":"pl-PL"},{"@type":"Organization","@id":"https:\/\/grabowiec.pl\/ug\/#organization","name":"GMINA GRABOWIEC","url":"https:\/\/grabowiec.pl\/ug\/","logo":{"@type":"ImageObject","inLanguage":"pl-PL","@id":"https:\/\/grabowiec.pl\/ug\/#\/schema\/logo\/image\/","url":"https:\/\/grabowiec.pl\/ug\/wp-content\/uploads\/2023\/02\/grab-herb.png","contentUrl":"https:\/\/grabowiec.pl\/ug\/wp-content\/uploads\/2023\/02\/grab-herb.png","width":500,"height":600,"caption":"GMINA GRABOWIEC"},"image":{"@id":"https:\/\/grabowiec.pl\/ug\/#\/schema\/logo\/image\/"}},{"@type":"Person","@id":"https:\/\/grabowiec.pl\/ug\/#\/schema\/person\/5985d73d5ee31f074e8352f4782bdf99","name":"GrabAdmin","image":{"@type":"ImageObject","inLanguage":"pl-PL","@id":"https:\/\/secure.gravatar.com\/avatar\/d282d70901c093d417c40ef93cb537ed734f8c89a218e980f2eb8806fb2268e4?s=96&d=mm&r=g","url":"https:\/\/secure.gravatar.com\/avatar\/d282d70901c093d417c40ef93cb537ed734f8c89a218e980f2eb8806fb2268e4?s=96&d=mm&r=g","contentUrl":"https:\/\/secure.gravatar.com\/avatar\/d282d70901c093d417c40ef93cb537ed734f8c89a218e980f2eb8806fb2268e4?s=96&d=mm&r=g","caption":"GrabAdmin"},"sameAs":["http:\/\/grabowiec.pl\/ug"],"url":"https:\/\/grabowiec.pl\/ug\/index.php\/author\/grabadmin\/"}]}},"_links":{"self":[{"href":"https:\/\/grabowiec.pl\/ug\/index.php\/wp-json\/wp\/v2\/posts\/5673","targetHints":{"allow":["GET"]}}],"collection":[{"href":"https:\/\/grabowiec.pl\/ug\/index.php\/wp-json\/wp\/v2\/posts"}],"about":[{"href":"https:\/\/grabowiec.pl\/ug\/index.php\/wp-json\/wp\/v2\/types\/post"}],"author":[{"embeddable":true,"href":"https:\/\/grabowiec.pl\/ug\/index.php\/wp-json\/wp\/v2\/users\/1"}],"replies":[{"embeddable":true,"href":"https:\/\/grabowiec.pl\/ug\/index.php\/wp-json\/wp\/v2\/comments?post=5673"}],"version-history":[{"count":1,"href":"https:\/\/grabowiec.pl\/ug\/index.php\/wp-json\/wp\/v2\/posts\/5673\/revisions"}],"predecessor-version":[{"id":5676,"href":"https:\/\/grabowiec.pl\/ug\/index.php\/wp-json\/wp\/v2\/posts\/5673\/revisions\/5676"}],"wp:featuredmedia":[{"embeddable":true,"href":"https:\/\/grabowiec.pl\/ug\/index.php\/wp-json\/wp\/v2\/media\/5675"}],"wp:attachment":[{"href":"https:\/\/grabowiec.pl\/ug\/index.php\/wp-json\/wp\/v2\/media?parent=5673"}],"wp:term":[{"taxonomy":"category","embeddable":true,"href":"https:\/\/grabowiec.pl\/ug\/index.php\/wp-json\/wp\/v2\/categories?post=5673"},{"taxonomy":"post_tag","embeddable":true,"href":"https:\/\/grabowiec.pl\/ug\/index.php\/wp-json\/wp\/v2\/tags?post=5673"}],"curies":[{"name":"wp","href":"https:\/\/api.w.org\/{rel}","templated":true}]}}