{"id":5754,"date":"2026-01-07T13:54:57","date_gmt":"2026-01-07T12:54:57","guid":{"rendered":"https:\/\/grabowiec.pl\/ug\/?p=5754"},"modified":"2026-01-07T13:54:58","modified_gmt":"2026-01-07T12:54:58","slug":"komunikat-obowiazkowe-odsniezanie","status":"publish","type":"post","link":"https:\/\/grabowiec.pl\/ug\/index.php\/2026\/01\/07\/komunikat-obowiazkowe-odsniezanie\/","title":{"rendered":"KOMUNIKAT &#8211; OBOWI\u0104ZKOWE OD\u015aNIE\u017bANIE"},"content":{"rendered":"\n<p class=\"has-text-align-center\"><strong>Obowi\u0105zkowe od\u015bnie\u017canie chodnik\u00f3w oraz usuwanie zalegaj\u0105cego \u015bniegu z dachu<\/strong><\/p>\n\n\n\n<p> W zwi\u0105zku z trwaj\u0105cym okresem zimowym i wyst\u0119powaniem niekorzystnych warunk\u00f3w atmosferycznych przypominamy\u00a0 wszystkim w\u0142a\u015bcicielom, u\u017cytkownikom i zarz\u0105dcom nieruchomo\u015bci, i\u017c zgodnie z art. 5, ust. 1 pkt. 4 Ustawy z dnia 13 wrze\u015bnia 1996 r. o utrzymaniu czysto\u015bci i porz\u0105dku w gminach (t.j. Dz. U. z 2025 r. poz. 733) zobowi\u0105zani s\u0105\u00a0 do:\u00a0 \u201euprz\u0105tni\u0119cia b\u0142ota, \u015bniegu, lodu i innych zanieczyszcze\u0144 z chodnik\u00f3w po\u0142o\u017conych wzd\u0142u\u017c nieruchomo\u015bci, przy czym za taki chodnik uznaje si\u0119 wydzielon\u0105 cz\u0119\u015b\u0107 drogi publicznej s\u0142u\u017c\u0105c\u0105 dla ruchu pieszego po\u0142o\u017con\u0105 bezpo\u015brednio przy granicy nieruchomo\u015bci.\u201d\u00a0\u00a0\u00a0Przypominamy r\u00f3wnie\u017c\u00a0 o konieczno\u015bci\u00a0\u00a0\u00a0 od\u015bnie\u017cania dach\u00f3w oraz usuwania sopli lodowych, kt\u00f3re mog\u0105 stwarza\u0107 zagro\u017cenie dla \u017cycia i zdrowia ludzi.\u00a0\u00a0Dotyczy to r\u00f3wnie\u017c\u00a0 obiekt\u00f3w wielkopowierzchniowych m.in. market\u00f3w, hal i magazyn\u00f3w.<\/p>\n\n\n\n<p>Za nie dope\u0142nienie tego\u00a0 obowi\u0105zku\u00a0\u00a0\u00a0 grozi kara grzywny\u00a0 zgodnie\u00a0 z art. 10 ust. 2 ni 2a ustawy z dnia 13 wrze\u015bnia 1996 r. o utrzymaniu czysto\u015bci i porz\u0105dku\u00a0 w gminach.<\/p>\n\n\n\n<p><\/p>\n","protected":false},"excerpt":{"rendered":"<p>Obowi\u0105zkowe od\u015bnie\u017canie chodnik\u00f3w oraz usuwanie zalegaj\u0105cego \u015bniegu z dachu W zwi\u0105zku z trwaj\u0105cym okresem zimowym &hellip;<\/p>\n","protected":false},"author":1,"featured_media":5755,"comment_status":"closed","ping_status":"closed","sticky":false,"template":"","format":"standard","meta":{"footnotes":""},"categories":[9],"tags":[],"class_list":["post-5754","post","type-post","status-publish","format-standard","has-post-thumbnail","hentry","category-ogloszenia"],"author_data":{"name":"GrabAdmin","url":"https:\/\/grabowiec.pl\/ug\/index.php\/author\/grabadmin\/"},"excerpt_data":"Obowi\u0105zkowe od\u015bnie\u017canie chodnik\u00f3w oraz usuwanie zalegaj\u0105cego \u015bniegu z dachu W zwi\u0105zku z trwaj\u0105cym okresem zimowym...","categories_data":{"9":{"term_id":9,"name":"OG\u0141OSZENIA","slug":"ogloszenia","term_group":0,"term_taxonomy_id":9,"taxonomy":"category","description":"","parent":0,"count":160,"filter":"raw","cat_ID":9,"category_count":160,"category_description":"","cat_name":"OG\u0141OSZENIA","category_nicename":"ogloszenia","category_parent":0}},"featured_image_src":"https:\/\/grabowiec.pl\/ug\/wp-content\/uploads\/2026\/01\/IMG_20260107_114545549_HDR_AE.jpg","date_formated":"2026-01-07","yoast_head":"<!-- This site is optimized with the Yoast SEO plugin v27.5 - https:\/\/yoast.com\/product\/yoast-seo-wordpress\/ -->\n<title>KOMUNIKAT - OBOWI\u0104ZKOWE OD\u015aNIE\u017bANIE - GMINA GRABOWIEC<\/title>\n<meta name=\"robots\" content=\"index, follow, max-snippet:-1, max-image-preview:large, max-video-preview:-1\" \/>\n<link rel=\"canonical\" href=\"https:\/\/grabowiec.pl\/ug\/index.php\/2026\/01\/07\/komunikat-obowiazkowe-odsniezanie\/\" \/>\n<meta property=\"og:locale\" content=\"pl_PL\" \/>\n<meta property=\"og:type\" content=\"article\" \/>\n<meta property=\"og:title\" content=\"KOMUNIKAT - OBOWI\u0104ZKOWE OD\u015aNIE\u017bANIE - GMINA GRABOWIEC\" \/>\n<meta property=\"og:description\" content=\"Obowi\u0105zkowe od\u015bnie\u017canie chodnik\u00f3w oraz usuwanie zalegaj\u0105cego \u015bniegu z dachu W zwi\u0105zku z trwaj\u0105cym okresem zimowym &hellip;\" \/>\n<meta property=\"og:url\" content=\"https:\/\/grabowiec.pl\/ug\/index.php\/2026\/01\/07\/komunikat-obowiazkowe-odsniezanie\/\" \/>\n<meta property=\"og:site_name\" content=\"GMINA GRABOWIEC\" \/>\n<meta property=\"article:published_time\" content=\"2026-01-07T12:54:57+00:00\" \/>\n<meta property=\"article:modified_time\" content=\"2026-01-07T12:54:58+00:00\" \/>\n<meta property=\"og:image\" content=\"https:\/\/grabowiec.pl\/ug\/wp-content\/uploads\/2026\/01\/IMG_20260107_114545549_HDR_AE.jpg\" \/>\n\t<meta property=\"og:image:width\" content=\"1635\" \/>\n\t<meta property=\"og:image:height\" content=\"922\" \/>\n\t<meta property=\"og:image:type\" content=\"image\/jpeg\" \/>\n<meta name=\"author\" content=\"GrabAdmin\" \/>\n<meta name=\"twitter:card\" content=\"summary_large_image\" \/>\n<meta name=\"twitter:label1\" content=\"Napisane przez\" \/>\n\t<meta name=\"twitter:data1\" content=\"GrabAdmin\" \/>\n\t<meta name=\"twitter:label2\" content=\"Szacowany czas czytania\" \/>\n\t<meta name=\"twitter:data2\" content=\"2 minuty\" \/>\n<script type=\"application\/ld+json\" class=\"yoast-schema-graph\">{\"@context\":\"https:\\\/\\\/schema.org\",\"@graph\":[{\"@type\":\"Article\",\"@id\":\"https:\\\/\\\/grabowiec.pl\\\/ug\\\/index.php\\\/2026\\\/01\\\/07\\\/komunikat-obowiazkowe-odsniezanie\\\/#article\",\"isPartOf\":{\"@id\":\"https:\\\/\\\/grabowiec.pl\\\/ug\\\/index.php\\\/2026\\\/01\\\/07\\\/komunikat-obowiazkowe-odsniezanie\\\/\"},\"author\":{\"name\":\"GrabAdmin\",\"@id\":\"https:\\\/\\\/grabowiec.pl\\\/ug\\\/#\\\/schema\\\/person\\\/5985d73d5ee31f074e8352f4782bdf99\"},\"headline\":\"KOMUNIKAT &#8211; OBOWI\u0104ZKOWE OD\u015aNIE\u017bANIE\",\"datePublished\":\"2026-01-07T12:54:57+00:00\",\"dateModified\":\"2026-01-07T12:54:58+00:00\",\"mainEntityOfPage\":{\"@id\":\"https:\\\/\\\/grabowiec.pl\\\/ug\\\/index.php\\\/2026\\\/01\\\/07\\\/komunikat-obowiazkowe-odsniezanie\\\/\"},\"wordCount\":198,\"publisher\":{\"@id\":\"https:\\\/\\\/grabowiec.pl\\\/ug\\\/#organization\"},\"image\":{\"@id\":\"https:\\\/\\\/grabowiec.pl\\\/ug\\\/index.php\\\/2026\\\/01\\\/07\\\/komunikat-obowiazkowe-odsniezanie\\\/#primaryimage\"},\"thumbnailUrl\":\"https:\\\/\\\/grabowiec.pl\\\/ug\\\/wp-content\\\/uploads\\\/2026\\\/01\\\/IMG_20260107_114545549_HDR_AE.jpg\",\"articleSection\":[\"OG\u0141OSZENIA\"],\"inLanguage\":\"pl-PL\"},{\"@type\":\"WebPage\",\"@id\":\"https:\\\/\\\/grabowiec.pl\\\/ug\\\/index.php\\\/2026\\\/01\\\/07\\\/komunikat-obowiazkowe-odsniezanie\\\/\",\"url\":\"https:\\\/\\\/grabowiec.pl\\\/ug\\\/index.php\\\/2026\\\/01\\\/07\\\/komunikat-obowiazkowe-odsniezanie\\\/\",\"name\":\"KOMUNIKAT - OBOWI\u0104ZKOWE OD\u015aNIE\u017bANIE - GMINA GRABOWIEC\",\"isPartOf\":{\"@id\":\"https:\\\/\\\/grabowiec.pl\\\/ug\\\/#website\"},\"primaryImageOfPage\":{\"@id\":\"https:\\\/\\\/grabowiec.pl\\\/ug\\\/index.php\\\/2026\\\/01\\\/07\\\/komunikat-obowiazkowe-odsniezanie\\\/#primaryimage\"},\"image\":{\"@id\":\"https:\\\/\\\/grabowiec.pl\\\/ug\\\/index.php\\\/2026\\\/01\\\/07\\\/komunikat-obowiazkowe-odsniezanie\\\/#primaryimage\"},\"thumbnailUrl\":\"https:\\\/\\\/grabowiec.pl\\\/ug\\\/wp-content\\\/uploads\\\/2026\\\/01\\\/IMG_20260107_114545549_HDR_AE.jpg\",\"datePublished\":\"2026-01-07T12:54:57+00:00\",\"dateModified\":\"2026-01-07T12:54:58+00:00\",\"breadcrumb\":{\"@id\":\"https:\\\/\\\/grabowiec.pl\\\/ug\\\/index.php\\\/2026\\\/01\\\/07\\\/komunikat-obowiazkowe-odsniezanie\\\/#breadcrumb\"},\"inLanguage\":\"pl-PL\",\"potentialAction\":[{\"@type\":\"ReadAction\",\"target\":[\"https:\\\/\\\/grabowiec.pl\\\/ug\\\/index.php\\\/2026\\\/01\\\/07\\\/komunikat-obowiazkowe-odsniezanie\\\/\"]}]},{\"@type\":\"ImageObject\",\"inLanguage\":\"pl-PL\",\"@id\":\"https:\\\/\\\/grabowiec.pl\\\/ug\\\/index.php\\\/2026\\\/01\\\/07\\\/komunikat-obowiazkowe-odsniezanie\\\/#primaryimage\",\"url\":\"https:\\\/\\\/grabowiec.pl\\\/ug\\\/wp-content\\\/uploads\\\/2026\\\/01\\\/IMG_20260107_114545549_HDR_AE.jpg\",\"contentUrl\":\"https:\\\/\\\/grabowiec.pl\\\/ug\\\/wp-content\\\/uploads\\\/2026\\\/01\\\/IMG_20260107_114545549_HDR_AE.jpg\",\"width\":1635,\"height\":922},{\"@type\":\"BreadcrumbList\",\"@id\":\"https:\\\/\\\/grabowiec.pl\\\/ug\\\/index.php\\\/2026\\\/01\\\/07\\\/komunikat-obowiazkowe-odsniezanie\\\/#breadcrumb\",\"itemListElement\":[{\"@type\":\"ListItem\",\"position\":1,\"name\":\"Strona g\u0142\u00f3wna\",\"item\":\"https:\\\/\\\/grabowiec.pl\\\/ug\\\/\"},{\"@type\":\"ListItem\",\"position\":2,\"name\":\"KOMUNIKAT &#8211; OBOWI\u0104ZKOWE OD\u015aNIE\u017bANIE\"}]},{\"@type\":\"WebSite\",\"@id\":\"https:\\\/\\\/grabowiec.pl\\\/ug\\\/#website\",\"url\":\"https:\\\/\\\/grabowiec.pl\\\/ug\\\/\",\"name\":\"GMINA GRABOWIEC\",\"description\":\"\",\"publisher\":{\"@id\":\"https:\\\/\\\/grabowiec.pl\\\/ug\\\/#organization\"},\"potentialAction\":[{\"@type\":\"SearchAction\",\"target\":{\"@type\":\"EntryPoint\",\"urlTemplate\":\"https:\\\/\\\/grabowiec.pl\\\/ug\\\/?s={search_term_string}\"},\"query-input\":{\"@type\":\"PropertyValueSpecification\",\"valueRequired\":true,\"valueName\":\"search_term_string\"}}],\"inLanguage\":\"pl-PL\"},{\"@type\":\"Organization\",\"@id\":\"https:\\\/\\\/grabowiec.pl\\\/ug\\\/#organization\",\"name\":\"GMINA GRABOWIEC\",\"url\":\"https:\\\/\\\/grabowiec.pl\\\/ug\\\/\",\"logo\":{\"@type\":\"ImageObject\",\"inLanguage\":\"pl-PL\",\"@id\":\"https:\\\/\\\/grabowiec.pl\\\/ug\\\/#\\\/schema\\\/logo\\\/image\\\/\",\"url\":\"https:\\\/\\\/grabowiec.pl\\\/ug\\\/wp-content\\\/uploads\\\/2023\\\/02\\\/grab-herb.png\",\"contentUrl\":\"https:\\\/\\\/grabowiec.pl\\\/ug\\\/wp-content\\\/uploads\\\/2023\\\/02\\\/grab-herb.png\",\"width\":500,\"height\":600,\"caption\":\"GMINA GRABOWIEC\"},\"image\":{\"@id\":\"https:\\\/\\\/grabowiec.pl\\\/ug\\\/#\\\/schema\\\/logo\\\/image\\\/\"}},{\"@type\":\"Person\",\"@id\":\"https:\\\/\\\/grabowiec.pl\\\/ug\\\/#\\\/schema\\\/person\\\/5985d73d5ee31f074e8352f4782bdf99\",\"name\":\"GrabAdmin\",\"image\":{\"@type\":\"ImageObject\",\"inLanguage\":\"pl-PL\",\"@id\":\"https:\\\/\\\/secure.gravatar.com\\\/avatar\\\/d282d70901c093d417c40ef93cb537ed734f8c89a218e980f2eb8806fb2268e4?s=96&d=mm&r=g\",\"url\":\"https:\\\/\\\/secure.gravatar.com\\\/avatar\\\/d282d70901c093d417c40ef93cb537ed734f8c89a218e980f2eb8806fb2268e4?s=96&d=mm&r=g\",\"contentUrl\":\"https:\\\/\\\/secure.gravatar.com\\\/avatar\\\/d282d70901c093d417c40ef93cb537ed734f8c89a218e980f2eb8806fb2268e4?s=96&d=mm&r=g\",\"caption\":\"GrabAdmin\"},\"sameAs\":[\"http:\\\/\\\/grabowiec.pl\\\/ug\"],\"url\":\"https:\\\/\\\/grabowiec.pl\\\/ug\\\/index.php\\\/author\\\/grabadmin\\\/\"}]}<\/script>\n<!-- \/ Yoast SEO plugin. -->","yoast_head_json":{"title":"KOMUNIKAT - OBOWI\u0104ZKOWE OD\u015aNIE\u017bANIE - GMINA GRABOWIEC","robots":{"index":"index","follow":"follow","max-snippet":"max-snippet:-1","max-image-preview":"max-image-preview:large","max-video-preview":"max-video-preview:-1"},"canonical":"https:\/\/grabowiec.pl\/ug\/index.php\/2026\/01\/07\/komunikat-obowiazkowe-odsniezanie\/","og_locale":"pl_PL","og_type":"article","og_title":"KOMUNIKAT - OBOWI\u0104ZKOWE OD\u015aNIE\u017bANIE - GMINA GRABOWIEC","og_description":"Obowi\u0105zkowe od\u015bnie\u017canie chodnik\u00f3w oraz usuwanie zalegaj\u0105cego \u015bniegu z dachu W zwi\u0105zku z trwaj\u0105cym okresem zimowym &hellip;","og_url":"https:\/\/grabowiec.pl\/ug\/index.php\/2026\/01\/07\/komunikat-obowiazkowe-odsniezanie\/","og_site_name":"GMINA GRABOWIEC","article_published_time":"2026-01-07T12:54:57+00:00","article_modified_time":"2026-01-07T12:54:58+00:00","og_image":[{"width":1635,"height":922,"url":"https:\/\/grabowiec.pl\/ug\/wp-content\/uploads\/2026\/01\/IMG_20260107_114545549_HDR_AE.jpg","type":"image\/jpeg"}],"author":"GrabAdmin","twitter_card":"summary_large_image","twitter_misc":{"Napisane przez":"GrabAdmin","Szacowany czas czytania":"2 minuty"},"schema":{"@context":"https:\/\/schema.org","@graph":[{"@type":"Article","@id":"https:\/\/grabowiec.pl\/ug\/index.php\/2026\/01\/07\/komunikat-obowiazkowe-odsniezanie\/#article","isPartOf":{"@id":"https:\/\/grabowiec.pl\/ug\/index.php\/2026\/01\/07\/komunikat-obowiazkowe-odsniezanie\/"},"author":{"name":"GrabAdmin","@id":"https:\/\/grabowiec.pl\/ug\/#\/schema\/person\/5985d73d5ee31f074e8352f4782bdf99"},"headline":"KOMUNIKAT &#8211; OBOWI\u0104ZKOWE OD\u015aNIE\u017bANIE","datePublished":"2026-01-07T12:54:57+00:00","dateModified":"2026-01-07T12:54:58+00:00","mainEntityOfPage":{"@id":"https:\/\/grabowiec.pl\/ug\/index.php\/2026\/01\/07\/komunikat-obowiazkowe-odsniezanie\/"},"wordCount":198,"publisher":{"@id":"https:\/\/grabowiec.pl\/ug\/#organization"},"image":{"@id":"https:\/\/grabowiec.pl\/ug\/index.php\/2026\/01\/07\/komunikat-obowiazkowe-odsniezanie\/#primaryimage"},"thumbnailUrl":"https:\/\/grabowiec.pl\/ug\/wp-content\/uploads\/2026\/01\/IMG_20260107_114545549_HDR_AE.jpg","articleSection":["OG\u0141OSZENIA"],"inLanguage":"pl-PL"},{"@type":"WebPage","@id":"https:\/\/grabowiec.pl\/ug\/index.php\/2026\/01\/07\/komunikat-obowiazkowe-odsniezanie\/","url":"https:\/\/grabowiec.pl\/ug\/index.php\/2026\/01\/07\/komunikat-obowiazkowe-odsniezanie\/","name":"KOMUNIKAT - OBOWI\u0104ZKOWE OD\u015aNIE\u017bANIE - GMINA GRABOWIEC","isPartOf":{"@id":"https:\/\/grabowiec.pl\/ug\/#website"},"primaryImageOfPage":{"@id":"https:\/\/grabowiec.pl\/ug\/index.php\/2026\/01\/07\/komunikat-obowiazkowe-odsniezanie\/#primaryimage"},"image":{"@id":"https:\/\/grabowiec.pl\/ug\/index.php\/2026\/01\/07\/komunikat-obowiazkowe-odsniezanie\/#primaryimage"},"thumbnailUrl":"https:\/\/grabowiec.pl\/ug\/wp-content\/uploads\/2026\/01\/IMG_20260107_114545549_HDR_AE.jpg","datePublished":"2026-01-07T12:54:57+00:00","dateModified":"2026-01-07T12:54:58+00:00","breadcrumb":{"@id":"https:\/\/grabowiec.pl\/ug\/index.php\/2026\/01\/07\/komunikat-obowiazkowe-odsniezanie\/#breadcrumb"},"inLanguage":"pl-PL","potentialAction":[{"@type":"ReadAction","target":["https:\/\/grabowiec.pl\/ug\/index.php\/2026\/01\/07\/komunikat-obowiazkowe-odsniezanie\/"]}]},{"@type":"ImageObject","inLanguage":"pl-PL","@id":"https:\/\/grabowiec.pl\/ug\/index.php\/2026\/01\/07\/komunikat-obowiazkowe-odsniezanie\/#primaryimage","url":"https:\/\/grabowiec.pl\/ug\/wp-content\/uploads\/2026\/01\/IMG_20260107_114545549_HDR_AE.jpg","contentUrl":"https:\/\/grabowiec.pl\/ug\/wp-content\/uploads\/2026\/01\/IMG_20260107_114545549_HDR_AE.jpg","width":1635,"height":922},{"@type":"BreadcrumbList","@id":"https:\/\/grabowiec.pl\/ug\/index.php\/2026\/01\/07\/komunikat-obowiazkowe-odsniezanie\/#breadcrumb","itemListElement":[{"@type":"ListItem","position":1,"name":"Strona g\u0142\u00f3wna","item":"https:\/\/grabowiec.pl\/ug\/"},{"@type":"ListItem","position":2,"name":"KOMUNIKAT &#8211; OBOWI\u0104ZKOWE OD\u015aNIE\u017bANIE"}]},{"@type":"WebSite","@id":"https:\/\/grabowiec.pl\/ug\/#website","url":"https:\/\/grabowiec.pl\/ug\/","name":"GMINA GRABOWIEC","description":"","publisher":{"@id":"https:\/\/grabowiec.pl\/ug\/#organization"},"potentialAction":[{"@type":"SearchAction","target":{"@type":"EntryPoint","urlTemplate":"https:\/\/grabowiec.pl\/ug\/?s={search_term_string}"},"query-input":{"@type":"PropertyValueSpecification","valueRequired":true,"valueName":"search_term_string"}}],"inLanguage":"pl-PL"},{"@type":"Organization","@id":"https:\/\/grabowiec.pl\/ug\/#organization","name":"GMINA GRABOWIEC","url":"https:\/\/grabowiec.pl\/ug\/","logo":{"@type":"ImageObject","inLanguage":"pl-PL","@id":"https:\/\/grabowiec.pl\/ug\/#\/schema\/logo\/image\/","url":"https:\/\/grabowiec.pl\/ug\/wp-content\/uploads\/2023\/02\/grab-herb.png","contentUrl":"https:\/\/grabowiec.pl\/ug\/wp-content\/uploads\/2023\/02\/grab-herb.png","width":500,"height":600,"caption":"GMINA GRABOWIEC"},"image":{"@id":"https:\/\/grabowiec.pl\/ug\/#\/schema\/logo\/image\/"}},{"@type":"Person","@id":"https:\/\/grabowiec.pl\/ug\/#\/schema\/person\/5985d73d5ee31f074e8352f4782bdf99","name":"GrabAdmin","image":{"@type":"ImageObject","inLanguage":"pl-PL","@id":"https:\/\/secure.gravatar.com\/avatar\/d282d70901c093d417c40ef93cb537ed734f8c89a218e980f2eb8806fb2268e4?s=96&d=mm&r=g","url":"https:\/\/secure.gravatar.com\/avatar\/d282d70901c093d417c40ef93cb537ed734f8c89a218e980f2eb8806fb2268e4?s=96&d=mm&r=g","contentUrl":"https:\/\/secure.gravatar.com\/avatar\/d282d70901c093d417c40ef93cb537ed734f8c89a218e980f2eb8806fb2268e4?s=96&d=mm&r=g","caption":"GrabAdmin"},"sameAs":["http:\/\/grabowiec.pl\/ug"],"url":"https:\/\/grabowiec.pl\/ug\/index.php\/author\/grabadmin\/"}]}},"_links":{"self":[{"href":"https:\/\/grabowiec.pl\/ug\/index.php\/wp-json\/wp\/v2\/posts\/5754","targetHints":{"allow":["GET"]}}],"collection":[{"href":"https:\/\/grabowiec.pl\/ug\/index.php\/wp-json\/wp\/v2\/posts"}],"about":[{"href":"https:\/\/grabowiec.pl\/ug\/index.php\/wp-json\/wp\/v2\/types\/post"}],"author":[{"embeddable":true,"href":"https:\/\/grabowiec.pl\/ug\/index.php\/wp-json\/wp\/v2\/users\/1"}],"replies":[{"embeddable":true,"href":"https:\/\/grabowiec.pl\/ug\/index.php\/wp-json\/wp\/v2\/comments?post=5754"}],"version-history":[{"count":1,"href":"https:\/\/grabowiec.pl\/ug\/index.php\/wp-json\/wp\/v2\/posts\/5754\/revisions"}],"predecessor-version":[{"id":5756,"href":"https:\/\/grabowiec.pl\/ug\/index.php\/wp-json\/wp\/v2\/posts\/5754\/revisions\/5756"}],"wp:featuredmedia":[{"embeddable":true,"href":"https:\/\/grabowiec.pl\/ug\/index.php\/wp-json\/wp\/v2\/media\/5755"}],"wp:attachment":[{"href":"https:\/\/grabowiec.pl\/ug\/index.php\/wp-json\/wp\/v2\/media?parent=5754"}],"wp:term":[{"taxonomy":"category","embeddable":true,"href":"https:\/\/grabowiec.pl\/ug\/index.php\/wp-json\/wp\/v2\/categories?post=5754"},{"taxonomy":"post_tag","embeddable":true,"href":"https:\/\/grabowiec.pl\/ug\/index.php\/wp-json\/wp\/v2\/tags?post=5754"}],"curies":[{"name":"wp","href":"https:\/\/api.w.org\/{rel}","templated":true}]}}