{"id":5768,"date":"2026-01-08T12:17:16","date_gmt":"2026-01-08T11:17:16","guid":{"rendered":"https:\/\/grabowiec.pl\/ug\/?p=5768"},"modified":"2026-01-09T18:55:21","modified_gmt":"2026-01-09T17:55:21","slug":"zmiana-ustawy-o-srodkach-ochrony-roslin","status":"publish","type":"post","link":"https:\/\/grabowiec.pl\/ug\/index.php\/2026\/01\/08\/zmiana-ustawy-o-srodkach-ochrony-roslin\/","title":{"rendered":"ZMIANA USTAWY O \u015aRODKACH OCHRONY RO\u015aLIN"},"content":{"rendered":"\n<p>Uprzejmie informujemy, \u017ce od 1 stycznia 2026 r. wchodzi w \u017cycie ustawa z dnia 21 listopada 2025 r. o zmianie ustawy o \u015brodkach ochrony ro\u015blin (Dz. U. z 2025 r., poz. 1697), wprowadzaj\u0105ca zmiany w zakresie prowadzenia dokumentacji stosowanych \u015brodk\u00f3w ochrony ro\u015blin (ewidencji zabieg\u00f3w). Nowe przepisy opieraj\u0105 si\u0119 na rozporz\u0105dzeniu Komisji (UE) 2023\/564 z dnia 10 marca 2023 r., kt\u00f3re okre\u015bla tre\u015b\u0107 i format dokumentacji prowadzonej przez u\u017cytkownik\u00f3w profesjonalnych.<br><\/p>\n\n\n\n<p>Dokumentacja powinna zawiera\u0107 m.in.:<\/p>\n\n\n\n<ul class=\"wp-block-list\">\n<li>rodzaj zastosowania \u015brodka,<\/li>\n\n\n\n<li>nazw\u0119 \u015brodka i nr zezwolenia,<\/li>\n\n\n\n<li>czas zastosowania,<\/li>\n\n\n\n<li>zastosowan\u0105 dawk\u0119,<\/li>\n\n\n\n<li>lokalizacj\u0119 lub identyfikacj\u0119 obszaru\/jednostki poddanej dzia\u0142aniu \u015brodka,<\/li>\n\n\n\n<li>wielko\u015b\u0107 obszaru lub liczb\u0119 jednostek,<\/li>\n\n\n\n<li>upraw\u0119 lub umiejscowienie zastosowania w odniesieniu do grunt\u00f3w,<\/li>\n\n\n\n<li>przyczyn\u0119 wykonania zabiegu \u015brodkiem ochrony ro\u015blin.<\/li>\n<\/ul>\n\n\n\n<p>Dokumentacja stosowana do ko\u0144ca 2026 r. mo\u017ce by\u0107 prowadzona w formie papierowej. Od 1 stycznia 2027 r. dokumentacja powinna by\u0107 prowadzona w formie elektronicznej, a dane z dokumentacji papierowej nale\u017cy przenie\u015b\u0107 do formatu elektronicznego do 31 stycznia 2027 r.<br>Na <a href=\"https:\/\/www.gov.pl\/web\/wiorin-lublin\/dzial-ochrony-roslin-i-nawozow2\">stronie Wojew\u00f3dzkiego Inspektoratu Ochrony Ro\u015blin i Nasiennictwa w Lublinie<\/a>: dost\u0119pny jest wz\u00f3r ewidencji zabieg\u00f3w wraz ze szczeg\u00f3\u0142owymi obja\u015bnieniami dotycz\u0105cymi jej prawid\u0142owego prowadzenia oraz Komunikat, kt\u00f3ry zawiera informacje dla producent\u00f3w rolnych.<br>W zwi\u0105zku z powy\u017cszym uprzejmie prosimy o udost\u0119pnienie komunikatu na tablicach og\u0142osze\u0144 gminy\/miasta, wykorzystanie komunikatu (w miar\u0119 mo\u017cliwo\u015bci) w materia\u0142ach informacyjnych skierowanych do mieszka\u0144c\u00f3w, przekazanie go so\u0142tysom, radnym gminy\/miasta, aby informacje dotar\u0142y do jak najszerszego grona u\u017cytkownik\u00f3w \u015brodk\u00f3w ochrony ro\u015blin.<\/p>\n\n\n\n<figure class=\"wp-block-image size-full\"><img loading=\"lazy\" decoding=\"async\" width=\"1414\" height=\"2000\" src=\"https:\/\/grabowiec.pl\/ug\/wp-content\/uploads\/2026\/01\/kOMUNIKAT_WIORiN_w_Lublinie_nowa_ewidencja_2026.jpg\" alt=\"\" class=\"wp-image-5769\" srcset=\"https:\/\/grabowiec.pl\/ug\/wp-content\/uploads\/2026\/01\/kOMUNIKAT_WIORiN_w_Lublinie_nowa_ewidencja_2026.jpg 1414w, https:\/\/grabowiec.pl\/ug\/wp-content\/uploads\/2026\/01\/kOMUNIKAT_WIORiN_w_Lublinie_nowa_ewidencja_2026-212x300.jpg 212w, https:\/\/grabowiec.pl\/ug\/wp-content\/uploads\/2026\/01\/kOMUNIKAT_WIORiN_w_Lublinie_nowa_ewidencja_2026-724x1024.jpg 724w, https:\/\/grabowiec.pl\/ug\/wp-content\/uploads\/2026\/01\/kOMUNIKAT_WIORiN_w_Lublinie_nowa_ewidencja_2026-768x1086.jpg 768w, https:\/\/grabowiec.pl\/ug\/wp-content\/uploads\/2026\/01\/kOMUNIKAT_WIORiN_w_Lublinie_nowa_ewidencja_2026-1086x1536.jpg 1086w\" sizes=\"auto, (max-width: 1414px) 100vw, 1414px\" \/><\/figure>\n\n\n\n<p class=\"has-large-font-size\"><strong>DO POBRANIA<\/strong><\/p>\n\n\n\n<ul class=\"wp-block-list\">\n<li><a href=\"https:\/\/grabowiec.pl\/ug\/wp-content\/uploads\/2026\/01\/WOR.7127.41.2025_nowa_ewidencja_2026_oddzialy_MIASTA_GMINY.pdf\"><strong>Pismo<\/strong><\/a><\/li>\n\n\n\n<li><strong><a href=\"http:\/\/Informacje, kt\u00f3re nale\u017cy zamie\u015bci\u0107 w dokumentacji\">Informacje, kt\u00f3re nale\u017cy zamie\u015bci\u0107 w dokumentacji<\/a><\/strong><\/li>\n\n\n\n<li><strong><a href=\"https:\/\/grabowiec.pl\/ug\/wp-content\/uploads\/2026\/01\/DORiN_ewidencja_zabiegow_1.1.2026_.pdf\">Ewidencja zabieg\u00f3w<\/a><\/strong><br><\/li>\n<\/ul>\n\n\n\n<p><\/p>\n","protected":false},"excerpt":{"rendered":"<p>Uprzejmie informujemy, \u017ce od 1 stycznia 2026 r. wchodzi w \u017cycie ustawa z dnia 21 &hellip;<\/p>\n","protected":false},"author":1,"featured_media":5785,"comment_status":"closed","ping_status":"closed","sticky":false,"template":"","format":"standard","meta":{"footnotes":""},"categories":[9],"tags":[],"class_list":["post-5768","post","type-post","status-publish","format-standard","has-post-thumbnail","hentry","category-ogloszenia"],"author_data":{"name":"GrabAdmin","url":"https:\/\/grabowiec.pl\/ug\/index.php\/author\/grabadmin\/"},"excerpt_data":"Uprzejmie informujemy, \u017ce od 1 stycznia 2026 r. wchodzi w \u017cycie ustawa z dnia 21...","categories_data":{"9":{"term_id":9,"name":"OG\u0141OSZENIA","slug":"ogloszenia","term_group":0,"term_taxonomy_id":9,"taxonomy":"category","description":"","parent":0,"count":160,"filter":"raw","cat_ID":9,"category_count":160,"category_description":"","cat_name":"OG\u0141OSZENIA","category_nicename":"ogloszenia","category_parent":0}},"featured_image_src":"https:\/\/grabowiec.pl\/ug\/wp-content\/uploads\/2026\/01\/tyt-BL.jpg","date_formated":"2026-01-08","yoast_head":"<!-- This site is optimized with the Yoast SEO plugin v27.5 - https:\/\/yoast.com\/product\/yoast-seo-wordpress\/ -->\n<title>ZMIANA USTAWY O \u015aRODKACH OCHRONY RO\u015aLIN - GMINA GRABOWIEC<\/title>\n<meta name=\"robots\" content=\"index, follow, max-snippet:-1, max-image-preview:large, max-video-preview:-1\" \/>\n<link rel=\"canonical\" href=\"https:\/\/grabowiec.pl\/ug\/index.php\/2026\/01\/08\/zmiana-ustawy-o-srodkach-ochrony-roslin\/\" \/>\n<meta property=\"og:locale\" content=\"pl_PL\" \/>\n<meta property=\"og:type\" content=\"article\" \/>\n<meta property=\"og:title\" content=\"ZMIANA USTAWY O \u015aRODKACH OCHRONY RO\u015aLIN - GMINA GRABOWIEC\" \/>\n<meta property=\"og:description\" content=\"Uprzejmie informujemy, \u017ce od 1 stycznia 2026 r. wchodzi w \u017cycie ustawa z dnia 21 &hellip;\" \/>\n<meta property=\"og:url\" content=\"https:\/\/grabowiec.pl\/ug\/index.php\/2026\/01\/08\/zmiana-ustawy-o-srodkach-ochrony-roslin\/\" \/>\n<meta property=\"og:site_name\" content=\"GMINA GRABOWIEC\" \/>\n<meta property=\"article:published_time\" content=\"2026-01-08T11:17:16+00:00\" \/>\n<meta property=\"article:modified_time\" content=\"2026-01-09T17:55:21+00:00\" \/>\n<meta property=\"og:image\" content=\"https:\/\/grabowiec.pl\/ug\/wp-content\/uploads\/2026\/01\/tyt-BL.jpg\" \/>\n\t<meta property=\"og:image:width\" content=\"1414\" \/>\n\t<meta property=\"og:image:height\" content=\"795\" \/>\n\t<meta property=\"og:image:type\" content=\"image\/jpeg\" \/>\n<meta name=\"author\" content=\"GrabAdmin\" \/>\n<meta name=\"twitter:card\" content=\"summary_large_image\" \/>\n<meta name=\"twitter:label1\" content=\"Napisane przez\" \/>\n\t<meta name=\"twitter:data1\" content=\"GrabAdmin\" \/>\n\t<meta name=\"twitter:label2\" content=\"Szacowany czas czytania\" \/>\n\t<meta name=\"twitter:data2\" content=\"2 minuty\" \/>\n<script type=\"application\/ld+json\" class=\"yoast-schema-graph\">{\"@context\":\"https:\\\/\\\/schema.org\",\"@graph\":[{\"@type\":\"Article\",\"@id\":\"https:\\\/\\\/grabowiec.pl\\\/ug\\\/index.php\\\/2026\\\/01\\\/08\\\/zmiana-ustawy-o-srodkach-ochrony-roslin\\\/#article\",\"isPartOf\":{\"@id\":\"https:\\\/\\\/grabowiec.pl\\\/ug\\\/index.php\\\/2026\\\/01\\\/08\\\/zmiana-ustawy-o-srodkach-ochrony-roslin\\\/\"},\"author\":{\"name\":\"GrabAdmin\",\"@id\":\"https:\\\/\\\/grabowiec.pl\\\/ug\\\/#\\\/schema\\\/person\\\/5985d73d5ee31f074e8352f4782bdf99\"},\"headline\":\"ZMIANA USTAWY O \u015aRODKACH OCHRONY RO\u015aLIN\",\"datePublished\":\"2026-01-08T11:17:16+00:00\",\"dateModified\":\"2026-01-09T17:55:21+00:00\",\"mainEntityOfPage\":{\"@id\":\"https:\\\/\\\/grabowiec.pl\\\/ug\\\/index.php\\\/2026\\\/01\\\/08\\\/zmiana-ustawy-o-srodkach-ochrony-roslin\\\/\"},\"wordCount\":275,\"publisher\":{\"@id\":\"https:\\\/\\\/grabowiec.pl\\\/ug\\\/#organization\"},\"image\":{\"@id\":\"https:\\\/\\\/grabowiec.pl\\\/ug\\\/index.php\\\/2026\\\/01\\\/08\\\/zmiana-ustawy-o-srodkach-ochrony-roslin\\\/#primaryimage\"},\"thumbnailUrl\":\"https:\\\/\\\/grabowiec.pl\\\/ug\\\/wp-content\\\/uploads\\\/2026\\\/01\\\/tyt-BL.jpg\",\"articleSection\":[\"OG\u0141OSZENIA\"],\"inLanguage\":\"pl-PL\"},{\"@type\":\"WebPage\",\"@id\":\"https:\\\/\\\/grabowiec.pl\\\/ug\\\/index.php\\\/2026\\\/01\\\/08\\\/zmiana-ustawy-o-srodkach-ochrony-roslin\\\/\",\"url\":\"https:\\\/\\\/grabowiec.pl\\\/ug\\\/index.php\\\/2026\\\/01\\\/08\\\/zmiana-ustawy-o-srodkach-ochrony-roslin\\\/\",\"name\":\"ZMIANA USTAWY O \u015aRODKACH OCHRONY RO\u015aLIN - GMINA GRABOWIEC\",\"isPartOf\":{\"@id\":\"https:\\\/\\\/grabowiec.pl\\\/ug\\\/#website\"},\"primaryImageOfPage\":{\"@id\":\"https:\\\/\\\/grabowiec.pl\\\/ug\\\/index.php\\\/2026\\\/01\\\/08\\\/zmiana-ustawy-o-srodkach-ochrony-roslin\\\/#primaryimage\"},\"image\":{\"@id\":\"https:\\\/\\\/grabowiec.pl\\\/ug\\\/index.php\\\/2026\\\/01\\\/08\\\/zmiana-ustawy-o-srodkach-ochrony-roslin\\\/#primaryimage\"},\"thumbnailUrl\":\"https:\\\/\\\/grabowiec.pl\\\/ug\\\/wp-content\\\/uploads\\\/2026\\\/01\\\/tyt-BL.jpg\",\"datePublished\":\"2026-01-08T11:17:16+00:00\",\"dateModified\":\"2026-01-09T17:55:21+00:00\",\"breadcrumb\":{\"@id\":\"https:\\\/\\\/grabowiec.pl\\\/ug\\\/index.php\\\/2026\\\/01\\\/08\\\/zmiana-ustawy-o-srodkach-ochrony-roslin\\\/#breadcrumb\"},\"inLanguage\":\"pl-PL\",\"potentialAction\":[{\"@type\":\"ReadAction\",\"target\":[\"https:\\\/\\\/grabowiec.pl\\\/ug\\\/index.php\\\/2026\\\/01\\\/08\\\/zmiana-ustawy-o-srodkach-ochrony-roslin\\\/\"]}]},{\"@type\":\"ImageObject\",\"inLanguage\":\"pl-PL\",\"@id\":\"https:\\\/\\\/grabowiec.pl\\\/ug\\\/index.php\\\/2026\\\/01\\\/08\\\/zmiana-ustawy-o-srodkach-ochrony-roslin\\\/#primaryimage\",\"url\":\"https:\\\/\\\/grabowiec.pl\\\/ug\\\/wp-content\\\/uploads\\\/2026\\\/01\\\/tyt-BL.jpg\",\"contentUrl\":\"https:\\\/\\\/grabowiec.pl\\\/ug\\\/wp-content\\\/uploads\\\/2026\\\/01\\\/tyt-BL.jpg\",\"width\":1414,\"height\":795},{\"@type\":\"BreadcrumbList\",\"@id\":\"https:\\\/\\\/grabowiec.pl\\\/ug\\\/index.php\\\/2026\\\/01\\\/08\\\/zmiana-ustawy-o-srodkach-ochrony-roslin\\\/#breadcrumb\",\"itemListElement\":[{\"@type\":\"ListItem\",\"position\":1,\"name\":\"Strona g\u0142\u00f3wna\",\"item\":\"https:\\\/\\\/grabowiec.pl\\\/ug\\\/\"},{\"@type\":\"ListItem\",\"position\":2,\"name\":\"ZMIANA USTAWY O \u015aRODKACH OCHRONY RO\u015aLIN\"}]},{\"@type\":\"WebSite\",\"@id\":\"https:\\\/\\\/grabowiec.pl\\\/ug\\\/#website\",\"url\":\"https:\\\/\\\/grabowiec.pl\\\/ug\\\/\",\"name\":\"GMINA GRABOWIEC\",\"description\":\"\",\"publisher\":{\"@id\":\"https:\\\/\\\/grabowiec.pl\\\/ug\\\/#organization\"},\"potentialAction\":[{\"@type\":\"SearchAction\",\"target\":{\"@type\":\"EntryPoint\",\"urlTemplate\":\"https:\\\/\\\/grabowiec.pl\\\/ug\\\/?s={search_term_string}\"},\"query-input\":{\"@type\":\"PropertyValueSpecification\",\"valueRequired\":true,\"valueName\":\"search_term_string\"}}],\"inLanguage\":\"pl-PL\"},{\"@type\":\"Organization\",\"@id\":\"https:\\\/\\\/grabowiec.pl\\\/ug\\\/#organization\",\"name\":\"GMINA GRABOWIEC\",\"url\":\"https:\\\/\\\/grabowiec.pl\\\/ug\\\/\",\"logo\":{\"@type\":\"ImageObject\",\"inLanguage\":\"pl-PL\",\"@id\":\"https:\\\/\\\/grabowiec.pl\\\/ug\\\/#\\\/schema\\\/logo\\\/image\\\/\",\"url\":\"https:\\\/\\\/grabowiec.pl\\\/ug\\\/wp-content\\\/uploads\\\/2023\\\/02\\\/grab-herb.png\",\"contentUrl\":\"https:\\\/\\\/grabowiec.pl\\\/ug\\\/wp-content\\\/uploads\\\/2023\\\/02\\\/grab-herb.png\",\"width\":500,\"height\":600,\"caption\":\"GMINA GRABOWIEC\"},\"image\":{\"@id\":\"https:\\\/\\\/grabowiec.pl\\\/ug\\\/#\\\/schema\\\/logo\\\/image\\\/\"}},{\"@type\":\"Person\",\"@id\":\"https:\\\/\\\/grabowiec.pl\\\/ug\\\/#\\\/schema\\\/person\\\/5985d73d5ee31f074e8352f4782bdf99\",\"name\":\"GrabAdmin\",\"image\":{\"@type\":\"ImageObject\",\"inLanguage\":\"pl-PL\",\"@id\":\"https:\\\/\\\/secure.gravatar.com\\\/avatar\\\/d282d70901c093d417c40ef93cb537ed734f8c89a218e980f2eb8806fb2268e4?s=96&d=mm&r=g\",\"url\":\"https:\\\/\\\/secure.gravatar.com\\\/avatar\\\/d282d70901c093d417c40ef93cb537ed734f8c89a218e980f2eb8806fb2268e4?s=96&d=mm&r=g\",\"contentUrl\":\"https:\\\/\\\/secure.gravatar.com\\\/avatar\\\/d282d70901c093d417c40ef93cb537ed734f8c89a218e980f2eb8806fb2268e4?s=96&d=mm&r=g\",\"caption\":\"GrabAdmin\"},\"sameAs\":[\"http:\\\/\\\/grabowiec.pl\\\/ug\"],\"url\":\"https:\\\/\\\/grabowiec.pl\\\/ug\\\/index.php\\\/author\\\/grabadmin\\\/\"}]}<\/script>\n<!-- \/ Yoast SEO plugin. -->","yoast_head_json":{"title":"ZMIANA USTAWY O \u015aRODKACH OCHRONY RO\u015aLIN - GMINA GRABOWIEC","robots":{"index":"index","follow":"follow","max-snippet":"max-snippet:-1","max-image-preview":"max-image-preview:large","max-video-preview":"max-video-preview:-1"},"canonical":"https:\/\/grabowiec.pl\/ug\/index.php\/2026\/01\/08\/zmiana-ustawy-o-srodkach-ochrony-roslin\/","og_locale":"pl_PL","og_type":"article","og_title":"ZMIANA USTAWY O \u015aRODKACH OCHRONY RO\u015aLIN - GMINA GRABOWIEC","og_description":"Uprzejmie informujemy, \u017ce od 1 stycznia 2026 r. wchodzi w \u017cycie ustawa z dnia 21 &hellip;","og_url":"https:\/\/grabowiec.pl\/ug\/index.php\/2026\/01\/08\/zmiana-ustawy-o-srodkach-ochrony-roslin\/","og_site_name":"GMINA GRABOWIEC","article_published_time":"2026-01-08T11:17:16+00:00","article_modified_time":"2026-01-09T17:55:21+00:00","og_image":[{"width":1414,"height":795,"url":"https:\/\/grabowiec.pl\/ug\/wp-content\/uploads\/2026\/01\/tyt-BL.jpg","type":"image\/jpeg"}],"author":"GrabAdmin","twitter_card":"summary_large_image","twitter_misc":{"Napisane przez":"GrabAdmin","Szacowany czas czytania":"2 minuty"},"schema":{"@context":"https:\/\/schema.org","@graph":[{"@type":"Article","@id":"https:\/\/grabowiec.pl\/ug\/index.php\/2026\/01\/08\/zmiana-ustawy-o-srodkach-ochrony-roslin\/#article","isPartOf":{"@id":"https:\/\/grabowiec.pl\/ug\/index.php\/2026\/01\/08\/zmiana-ustawy-o-srodkach-ochrony-roslin\/"},"author":{"name":"GrabAdmin","@id":"https:\/\/grabowiec.pl\/ug\/#\/schema\/person\/5985d73d5ee31f074e8352f4782bdf99"},"headline":"ZMIANA USTAWY O \u015aRODKACH OCHRONY RO\u015aLIN","datePublished":"2026-01-08T11:17:16+00:00","dateModified":"2026-01-09T17:55:21+00:00","mainEntityOfPage":{"@id":"https:\/\/grabowiec.pl\/ug\/index.php\/2026\/01\/08\/zmiana-ustawy-o-srodkach-ochrony-roslin\/"},"wordCount":275,"publisher":{"@id":"https:\/\/grabowiec.pl\/ug\/#organization"},"image":{"@id":"https:\/\/grabowiec.pl\/ug\/index.php\/2026\/01\/08\/zmiana-ustawy-o-srodkach-ochrony-roslin\/#primaryimage"},"thumbnailUrl":"https:\/\/grabowiec.pl\/ug\/wp-content\/uploads\/2026\/01\/tyt-BL.jpg","articleSection":["OG\u0141OSZENIA"],"inLanguage":"pl-PL"},{"@type":"WebPage","@id":"https:\/\/grabowiec.pl\/ug\/index.php\/2026\/01\/08\/zmiana-ustawy-o-srodkach-ochrony-roslin\/","url":"https:\/\/grabowiec.pl\/ug\/index.php\/2026\/01\/08\/zmiana-ustawy-o-srodkach-ochrony-roslin\/","name":"ZMIANA USTAWY O \u015aRODKACH OCHRONY RO\u015aLIN - GMINA GRABOWIEC","isPartOf":{"@id":"https:\/\/grabowiec.pl\/ug\/#website"},"primaryImageOfPage":{"@id":"https:\/\/grabowiec.pl\/ug\/index.php\/2026\/01\/08\/zmiana-ustawy-o-srodkach-ochrony-roslin\/#primaryimage"},"image":{"@id":"https:\/\/grabowiec.pl\/ug\/index.php\/2026\/01\/08\/zmiana-ustawy-o-srodkach-ochrony-roslin\/#primaryimage"},"thumbnailUrl":"https:\/\/grabowiec.pl\/ug\/wp-content\/uploads\/2026\/01\/tyt-BL.jpg","datePublished":"2026-01-08T11:17:16+00:00","dateModified":"2026-01-09T17:55:21+00:00","breadcrumb":{"@id":"https:\/\/grabowiec.pl\/ug\/index.php\/2026\/01\/08\/zmiana-ustawy-o-srodkach-ochrony-roslin\/#breadcrumb"},"inLanguage":"pl-PL","potentialAction":[{"@type":"ReadAction","target":["https:\/\/grabowiec.pl\/ug\/index.php\/2026\/01\/08\/zmiana-ustawy-o-srodkach-ochrony-roslin\/"]}]},{"@type":"ImageObject","inLanguage":"pl-PL","@id":"https:\/\/grabowiec.pl\/ug\/index.php\/2026\/01\/08\/zmiana-ustawy-o-srodkach-ochrony-roslin\/#primaryimage","url":"https:\/\/grabowiec.pl\/ug\/wp-content\/uploads\/2026\/01\/tyt-BL.jpg","contentUrl":"https:\/\/grabowiec.pl\/ug\/wp-content\/uploads\/2026\/01\/tyt-BL.jpg","width":1414,"height":795},{"@type":"BreadcrumbList","@id":"https:\/\/grabowiec.pl\/ug\/index.php\/2026\/01\/08\/zmiana-ustawy-o-srodkach-ochrony-roslin\/#breadcrumb","itemListElement":[{"@type":"ListItem","position":1,"name":"Strona g\u0142\u00f3wna","item":"https:\/\/grabowiec.pl\/ug\/"},{"@type":"ListItem","position":2,"name":"ZMIANA USTAWY O \u015aRODKACH OCHRONY RO\u015aLIN"}]},{"@type":"WebSite","@id":"https:\/\/grabowiec.pl\/ug\/#website","url":"https:\/\/grabowiec.pl\/ug\/","name":"GMINA GRABOWIEC","description":"","publisher":{"@id":"https:\/\/grabowiec.pl\/ug\/#organization"},"potentialAction":[{"@type":"SearchAction","target":{"@type":"EntryPoint","urlTemplate":"https:\/\/grabowiec.pl\/ug\/?s={search_term_string}"},"query-input":{"@type":"PropertyValueSpecification","valueRequired":true,"valueName":"search_term_string"}}],"inLanguage":"pl-PL"},{"@type":"Organization","@id":"https:\/\/grabowiec.pl\/ug\/#organization","name":"GMINA GRABOWIEC","url":"https:\/\/grabowiec.pl\/ug\/","logo":{"@type":"ImageObject","inLanguage":"pl-PL","@id":"https:\/\/grabowiec.pl\/ug\/#\/schema\/logo\/image\/","url":"https:\/\/grabowiec.pl\/ug\/wp-content\/uploads\/2023\/02\/grab-herb.png","contentUrl":"https:\/\/grabowiec.pl\/ug\/wp-content\/uploads\/2023\/02\/grab-herb.png","width":500,"height":600,"caption":"GMINA GRABOWIEC"},"image":{"@id":"https:\/\/grabowiec.pl\/ug\/#\/schema\/logo\/image\/"}},{"@type":"Person","@id":"https:\/\/grabowiec.pl\/ug\/#\/schema\/person\/5985d73d5ee31f074e8352f4782bdf99","name":"GrabAdmin","image":{"@type":"ImageObject","inLanguage":"pl-PL","@id":"https:\/\/secure.gravatar.com\/avatar\/d282d70901c093d417c40ef93cb537ed734f8c89a218e980f2eb8806fb2268e4?s=96&d=mm&r=g","url":"https:\/\/secure.gravatar.com\/avatar\/d282d70901c093d417c40ef93cb537ed734f8c89a218e980f2eb8806fb2268e4?s=96&d=mm&r=g","contentUrl":"https:\/\/secure.gravatar.com\/avatar\/d282d70901c093d417c40ef93cb537ed734f8c89a218e980f2eb8806fb2268e4?s=96&d=mm&r=g","caption":"GrabAdmin"},"sameAs":["http:\/\/grabowiec.pl\/ug"],"url":"https:\/\/grabowiec.pl\/ug\/index.php\/author\/grabadmin\/"}]}},"_links":{"self":[{"href":"https:\/\/grabowiec.pl\/ug\/index.php\/wp-json\/wp\/v2\/posts\/5768","targetHints":{"allow":["GET"]}}],"collection":[{"href":"https:\/\/grabowiec.pl\/ug\/index.php\/wp-json\/wp\/v2\/posts"}],"about":[{"href":"https:\/\/grabowiec.pl\/ug\/index.php\/wp-json\/wp\/v2\/types\/post"}],"author":[{"embeddable":true,"href":"https:\/\/grabowiec.pl\/ug\/index.php\/wp-json\/wp\/v2\/users\/1"}],"replies":[{"embeddable":true,"href":"https:\/\/grabowiec.pl\/ug\/index.php\/wp-json\/wp\/v2\/comments?post=5768"}],"version-history":[{"count":2,"href":"https:\/\/grabowiec.pl\/ug\/index.php\/wp-json\/wp\/v2\/posts\/5768\/revisions"}],"predecessor-version":[{"id":5786,"href":"https:\/\/grabowiec.pl\/ug\/index.php\/wp-json\/wp\/v2\/posts\/5768\/revisions\/5786"}],"wp:featuredmedia":[{"embeddable":true,"href":"https:\/\/grabowiec.pl\/ug\/index.php\/wp-json\/wp\/v2\/media\/5785"}],"wp:attachment":[{"href":"https:\/\/grabowiec.pl\/ug\/index.php\/wp-json\/wp\/v2\/media?parent=5768"}],"wp:term":[{"taxonomy":"category","embeddable":true,"href":"https:\/\/grabowiec.pl\/ug\/index.php\/wp-json\/wp\/v2\/categories?post=5768"},{"taxonomy":"post_tag","embeddable":true,"href":"https:\/\/grabowiec.pl\/ug\/index.php\/wp-json\/wp\/v2\/tags?post=5768"}],"curies":[{"name":"wp","href":"https:\/\/api.w.org\/{rel}","templated":true}]}}