{"id":5899,"date":"2026-02-11T14:36:24","date_gmt":"2026-02-11T13:36:24","guid":{"rendered":"https:\/\/grabowiec.pl\/ug\/?p=5899"},"modified":"2026-02-11T14:36:26","modified_gmt":"2026-02-11T13:36:26","slug":"ii-powiatowe-halowe-zawody-sportowo-pozarnicze-mlodziezowych-druzyn-pozarniczych","status":"publish","type":"post","link":"https:\/\/grabowiec.pl\/ug\/index.php\/2026\/02\/11\/ii-powiatowe-halowe-zawody-sportowo-pozarnicze-mlodziezowych-druzyn-pozarniczych\/","title":{"rendered":"II POWIATOWE HALOWE ZAWODY SPORTOWO &#8211; PO\u017bARNICZE M\u0141ODZIE\u017bOWYCH DRU\u017bYN PO\u017bARNICZYCH"},"content":{"rendered":"\n<p>22 lutego 2026 r. w w Zespole Szk\u00f3\u0142 im. Henryka Sienkiewicza w Grabowcu o godzinie 9:30 b\u0119d\u0105 organizowane II powiatowe halowe zawody sportowo-po\u017carnicze M\u0142odzie\u017cowych Dru\u017cyn Po\u017carniczych z terenu powiatu zamojskiego wed\u0142ug regulaminu z 2023 r. Dru\u017cyny deklaruj\u0105ce start w zawodach proszone s\u0105 o zapoznanie si\u0119 z ustaleniami zasad zawod\u00f3w:<\/p>\n\n\n\n<ol class=\"wp-block-list\">\n<li>Zbi\u00f3rka zg\u0142oszonych dru\u017cyn odb\u0119dzie si\u0119 o godzinie 9:30 w Zespole Szk\u00f3\u0142 im. Henryka Sienkiewicza, 22-425 Grabowiec, ul. Wojs\u0142awska 1.<\/li>\n\n\n\n<li>Do zawod\u00f3w zostan\u0105 dopuszczone dru\u017cyny, kt\u00f3re dostarcz\u0105 zg\u0142oszenie dru\u017cyny (za\u0142\u0105cznik nr 2) oraz oka\u017c\u0105 w dniu zawod\u00f3w zgody na przetwarzanie danych osobowych dla ka\u017cdego zawodnika (za\u0142\u0105cznik nr 3).<\/li>\n\n\n\n<li>Do zawod\u00f3w zg\u0142oszeni mog\u0105 by\u0107 zawodnicy w wieku od 10 do 16 lat.<\/li>\n\n\n\n<li>Organizator zastrzega sobie mo\u017cliwo\u015b\u0107 weryfikacji to\u017csamo\u015bci i wieku zawodnik\u00f3w \u2013 startuj\u0105cy zawodnicy powinni mie\u0107 dokument potwierdzaj\u0105cy to\u017csamo\u015b\u0107 (legitymacja szkolna lub inny dokument).<\/li>\n\n\n\n<li>Zawodnik\u00f3w w ramach jednej dru\u017cyny obowi\u0105zuje jednolite umundurowanie koszarowe lub dresowe ( zalecane os\u0142oni\u0119te r\u0119ce i nogi). Zawodnicy startuj\u0105 w obuwiu halowym (p\u0142askim), he\u0142mie i pasie bez toporka.<\/li>\n\n\n\n<li>Zawodnicy z jednej dru\u017cyny b\u0119d\u0105 startowa\u0107 po sobie, dru\u017cyna pod nadzorem jej opiekuna przygotowuje tor do startu kolejnego zawodnika.<\/li>\n\n\n\n<li>Dru\u017cyna powinna zapewni\u0107 w\u0142asne elementy armatury do konkurencji:<\/li>\n<\/ol>\n\n\n\n<ol class=\"wp-block-list\">\n<li>a) W\u0119\u017ce W-52 sztuk 6 (dopuszcza si\u0119 w\u0119\u017ce o d\u0142ugo\u015bci 20 metr\u00f3w),<\/li>\n\n\n\n<li>b) noszak do w\u0119\u017cy,<\/li>\n\n\n\n<li>c) rozdzielacz,<\/li>\n\n\n\n<li>d) pr\u0105downic\u0119 prost\u0105 52 bez zaworu.<\/li>\n<\/ol>\n\n\n\n<ol class=\"wp-block-list\">\n<li>Organizator przewidzia\u0142 szatnie do przebierania zawodnik\u00f3w na terenie Zespole Szk\u00f3\u0142 w Grabowcu. Za pozostawione rzeczy osobiste w szatni odpowiadaj\u0105 opiekunowie dru\u017cyn.<\/li>\n\n\n\n<li>Organizator przewidzia\u0142 ciep\u0142y posi\u0142ek dla startuj\u0105cych zawodnik\u00f3w. Opiekunowie dru\u017cyn zapewniaj\u0105 zawodnikom napoje i po\u017cywienie wed\u0142ug potrzeb.<\/li>\n<\/ol>\n\n\n\n<p><strong>W celu sporz\u0105dzenia arkusza ocen, skan lub zdj\u0119cie zg\u0142oszenia dru\u017cyn (za\u0142\u0105cznik nr 2) opiekunowie dru\u017cyn musz\u0105 dodatkowo wys\u0142a\u0107 najp\u00f3\u017aniej do 20 lutego 2025r. adres <\/strong><a href=\"mailto:kkalita@straz.zamosc.pl\"><strong>kkalita@straz.zamosc.pl<\/strong><\/a><\/p>\n\n\n\n<p>Dodatkowych informacji udziela Zast\u0119pca Naczelnika Wydzia\u0142u Operacyjno-Szkoleniowego tel. 84 680 74 29<\/p>\n\n\n\n<p class=\"has-large-font-size\"><a href=\"http:\/\/straz.zamosc.pl\/wp-content\/uploads\/2026\/02\/Zal-nr-1-Regulamin-zawody-halowe-mdp2023.pdf\">za\u0142. 1 regulamin zawod\u00f3w<\/a><\/p>\n\n\n\n<p class=\"has-large-font-size\"><a href=\"http:\/\/straz.zamosc.pl\/wp-content\/uploads\/2026\/02\/Zal-nr-2-\u2013-Formularz-zgloszenia-druzyny.docx\">za\u0142. 2 formularz zg\u0142oszenia dru\u017cyny<\/a><\/p>\n\n\n\n<p class=\"has-large-font-size\"><a href=\"http:\/\/straz.zamosc.pl\/wp-content\/uploads\/2026\/02\/Zal-nr-3-Zgoda-rodzicow-na-przetwarzanie-danych-osobowych.docx\">za\u0142. 3 zgoda rodzic\u00f3w na przetwarzanie danych<\/a><\/p>\n\n\n\n<figure class=\"wp-block-image size-full\"><img loading=\"lazy\" decoding=\"async\" width=\"1587\" height=\"2245\" src=\"https:\/\/grabowiec.pl\/ug\/wp-content\/uploads\/2026\/02\/Plakat-zawodow-MDP-1-kopia.jpg\" alt=\"\" class=\"wp-image-5900\" srcset=\"https:\/\/grabowiec.pl\/ug\/wp-content\/uploads\/2026\/02\/Plakat-zawodow-MDP-1-kopia.jpg 1587w, https:\/\/grabowiec.pl\/ug\/wp-content\/uploads\/2026\/02\/Plakat-zawodow-MDP-1-kopia-212x300.jpg 212w, https:\/\/grabowiec.pl\/ug\/wp-content\/uploads\/2026\/02\/Plakat-zawodow-MDP-1-kopia-724x1024.jpg 724w, https:\/\/grabowiec.pl\/ug\/wp-content\/uploads\/2026\/02\/Plakat-zawodow-MDP-1-kopia-768x1086.jpg 768w, https:\/\/grabowiec.pl\/ug\/wp-content\/uploads\/2026\/02\/Plakat-zawodow-MDP-1-kopia-1086x1536.jpg 1086w, https:\/\/grabowiec.pl\/ug\/wp-content\/uploads\/2026\/02\/Plakat-zawodow-MDP-1-kopia-1448x2048.jpg 1448w\" sizes=\"auto, (max-width: 1587px) 100vw, 1587px\" \/><\/figure>\n","protected":false},"excerpt":{"rendered":"<p>22 lutego 2026 r. w w Zespole Szk\u00f3\u0142 im. Henryka Sienkiewicza w Grabowcu o godzinie &hellip;<\/p>\n","protected":false},"author":1,"featured_media":5901,"comment_status":"closed","ping_status":"closed","sticky":false,"template":"","format":"standard","meta":{"footnotes":""},"categories":[9],"tags":[],"class_list":["post-5899","post","type-post","status-publish","format-standard","has-post-thumbnail","hentry","category-ogloszenia"],"author_data":{"name":"GrabAdmin","url":"https:\/\/grabowiec.pl\/ug\/index.php\/author\/grabadmin\/"},"excerpt_data":"22 lutego 2026 r. w w Zespole Szk\u00f3\u0142 im. Henryka Sienkiewicza w Grabowcu o godzinie...","categories_data":{"9":{"term_id":9,"name":"OG\u0141OSZENIA","slug":"ogloszenia","term_group":0,"term_taxonomy_id":9,"taxonomy":"category","description":"","parent":0,"count":160,"filter":"raw","cat_ID":9,"category_count":160,"category_description":"","cat_name":"OG\u0141OSZENIA","category_nicename":"ogloszenia","category_parent":0}},"featured_image_src":"https:\/\/grabowiec.pl\/ug\/wp-content\/uploads\/2026\/02\/Gemini_Generated_Image_jysb1rjysb1rjysb.png","date_formated":"2026-02-11","yoast_head":"<!-- This site is optimized with the Yoast SEO plugin v27.5 - https:\/\/yoast.com\/product\/yoast-seo-wordpress\/ -->\n<title>II POWIATOWE HALOWE ZAWODY SPORTOWO - PO\u017bARNICZE M\u0141ODZIE\u017bOWYCH DRU\u017bYN PO\u017bARNICZYCH - GMINA GRABOWIEC<\/title>\n<meta name=\"robots\" content=\"index, follow, max-snippet:-1, max-image-preview:large, max-video-preview:-1\" \/>\n<link rel=\"canonical\" href=\"https:\/\/grabowiec.pl\/ug\/index.php\/2026\/02\/11\/ii-powiatowe-halowe-zawody-sportowo-pozarnicze-mlodziezowych-druzyn-pozarniczych\/\" \/>\n<meta property=\"og:locale\" content=\"pl_PL\" \/>\n<meta property=\"og:type\" content=\"article\" \/>\n<meta property=\"og:title\" content=\"II POWIATOWE HALOWE ZAWODY SPORTOWO - PO\u017bARNICZE M\u0141ODZIE\u017bOWYCH DRU\u017bYN PO\u017bARNICZYCH - GMINA GRABOWIEC\" \/>\n<meta property=\"og:description\" content=\"22 lutego 2026 r. w w Zespole Szk\u00f3\u0142 im. Henryka Sienkiewicza w Grabowcu o godzinie &hellip;\" \/>\n<meta property=\"og:url\" content=\"https:\/\/grabowiec.pl\/ug\/index.php\/2026\/02\/11\/ii-powiatowe-halowe-zawody-sportowo-pozarnicze-mlodziezowych-druzyn-pozarniczych\/\" \/>\n<meta property=\"og:site_name\" content=\"GMINA GRABOWIEC\" \/>\n<meta property=\"article:published_time\" content=\"2026-02-11T13:36:24+00:00\" \/>\n<meta property=\"article:modified_time\" content=\"2026-02-11T13:36:26+00:00\" \/>\n<meta property=\"og:image\" content=\"https:\/\/grabowiec.pl\/ug\/wp-content\/uploads\/2026\/02\/Gemini_Generated_Image_jysb1rjysb1rjysb.png\" \/>\n\t<meta property=\"og:image:width\" content=\"1200\" \/>\n\t<meta property=\"og:image:height\" content=\"896\" \/>\n\t<meta property=\"og:image:type\" content=\"image\/png\" \/>\n<meta name=\"author\" content=\"GrabAdmin\" \/>\n<meta name=\"twitter:card\" content=\"summary_large_image\" \/>\n<meta name=\"twitter:label1\" content=\"Napisane przez\" \/>\n\t<meta name=\"twitter:data1\" content=\"GrabAdmin\" \/>\n\t<meta name=\"twitter:label2\" content=\"Szacowany czas czytania\" \/>\n\t<meta name=\"twitter:data2\" content=\"3 minuty\" \/>\n<script type=\"application\/ld+json\" class=\"yoast-schema-graph\">{\"@context\":\"https:\\\/\\\/schema.org\",\"@graph\":[{\"@type\":\"Article\",\"@id\":\"https:\\\/\\\/grabowiec.pl\\\/ug\\\/index.php\\\/2026\\\/02\\\/11\\\/ii-powiatowe-halowe-zawody-sportowo-pozarnicze-mlodziezowych-druzyn-pozarniczych\\\/#article\",\"isPartOf\":{\"@id\":\"https:\\\/\\\/grabowiec.pl\\\/ug\\\/index.php\\\/2026\\\/02\\\/11\\\/ii-powiatowe-halowe-zawody-sportowo-pozarnicze-mlodziezowych-druzyn-pozarniczych\\\/\"},\"author\":{\"name\":\"GrabAdmin\",\"@id\":\"https:\\\/\\\/grabowiec.pl\\\/ug\\\/#\\\/schema\\\/person\\\/5985d73d5ee31f074e8352f4782bdf99\"},\"headline\":\"II POWIATOWE HALOWE ZAWODY SPORTOWO &#8211; PO\u017bARNICZE M\u0141ODZIE\u017bOWYCH DRU\u017bYN PO\u017bARNICZYCH\",\"datePublished\":\"2026-02-11T13:36:24+00:00\",\"dateModified\":\"2026-02-11T13:36:26+00:00\",\"mainEntityOfPage\":{\"@id\":\"https:\\\/\\\/grabowiec.pl\\\/ug\\\/index.php\\\/2026\\\/02\\\/11\\\/ii-powiatowe-halowe-zawody-sportowo-pozarnicze-mlodziezowych-druzyn-pozarniczych\\\/\"},\"wordCount\":370,\"publisher\":{\"@id\":\"https:\\\/\\\/grabowiec.pl\\\/ug\\\/#organization\"},\"image\":{\"@id\":\"https:\\\/\\\/grabowiec.pl\\\/ug\\\/index.php\\\/2026\\\/02\\\/11\\\/ii-powiatowe-halowe-zawody-sportowo-pozarnicze-mlodziezowych-druzyn-pozarniczych\\\/#primaryimage\"},\"thumbnailUrl\":\"https:\\\/\\\/grabowiec.pl\\\/ug\\\/wp-content\\\/uploads\\\/2026\\\/02\\\/Gemini_Generated_Image_jysb1rjysb1rjysb.png\",\"articleSection\":[\"OG\u0141OSZENIA\"],\"inLanguage\":\"pl-PL\"},{\"@type\":\"WebPage\",\"@id\":\"https:\\\/\\\/grabowiec.pl\\\/ug\\\/index.php\\\/2026\\\/02\\\/11\\\/ii-powiatowe-halowe-zawody-sportowo-pozarnicze-mlodziezowych-druzyn-pozarniczych\\\/\",\"url\":\"https:\\\/\\\/grabowiec.pl\\\/ug\\\/index.php\\\/2026\\\/02\\\/11\\\/ii-powiatowe-halowe-zawody-sportowo-pozarnicze-mlodziezowych-druzyn-pozarniczych\\\/\",\"name\":\"II POWIATOWE HALOWE ZAWODY SPORTOWO - PO\u017bARNICZE M\u0141ODZIE\u017bOWYCH DRU\u017bYN PO\u017bARNICZYCH - GMINA GRABOWIEC\",\"isPartOf\":{\"@id\":\"https:\\\/\\\/grabowiec.pl\\\/ug\\\/#website\"},\"primaryImageOfPage\":{\"@id\":\"https:\\\/\\\/grabowiec.pl\\\/ug\\\/index.php\\\/2026\\\/02\\\/11\\\/ii-powiatowe-halowe-zawody-sportowo-pozarnicze-mlodziezowych-druzyn-pozarniczych\\\/#primaryimage\"},\"image\":{\"@id\":\"https:\\\/\\\/grabowiec.pl\\\/ug\\\/index.php\\\/2026\\\/02\\\/11\\\/ii-powiatowe-halowe-zawody-sportowo-pozarnicze-mlodziezowych-druzyn-pozarniczych\\\/#primaryimage\"},\"thumbnailUrl\":\"https:\\\/\\\/grabowiec.pl\\\/ug\\\/wp-content\\\/uploads\\\/2026\\\/02\\\/Gemini_Generated_Image_jysb1rjysb1rjysb.png\",\"datePublished\":\"2026-02-11T13:36:24+00:00\",\"dateModified\":\"2026-02-11T13:36:26+00:00\",\"breadcrumb\":{\"@id\":\"https:\\\/\\\/grabowiec.pl\\\/ug\\\/index.php\\\/2026\\\/02\\\/11\\\/ii-powiatowe-halowe-zawody-sportowo-pozarnicze-mlodziezowych-druzyn-pozarniczych\\\/#breadcrumb\"},\"inLanguage\":\"pl-PL\",\"potentialAction\":[{\"@type\":\"ReadAction\",\"target\":[\"https:\\\/\\\/grabowiec.pl\\\/ug\\\/index.php\\\/2026\\\/02\\\/11\\\/ii-powiatowe-halowe-zawody-sportowo-pozarnicze-mlodziezowych-druzyn-pozarniczych\\\/\"]}]},{\"@type\":\"ImageObject\",\"inLanguage\":\"pl-PL\",\"@id\":\"https:\\\/\\\/grabowiec.pl\\\/ug\\\/index.php\\\/2026\\\/02\\\/11\\\/ii-powiatowe-halowe-zawody-sportowo-pozarnicze-mlodziezowych-druzyn-pozarniczych\\\/#primaryimage\",\"url\":\"https:\\\/\\\/grabowiec.pl\\\/ug\\\/wp-content\\\/uploads\\\/2026\\\/02\\\/Gemini_Generated_Image_jysb1rjysb1rjysb.png\",\"contentUrl\":\"https:\\\/\\\/grabowiec.pl\\\/ug\\\/wp-content\\\/uploads\\\/2026\\\/02\\\/Gemini_Generated_Image_jysb1rjysb1rjysb.png\",\"width\":1200,\"height\":896},{\"@type\":\"BreadcrumbList\",\"@id\":\"https:\\\/\\\/grabowiec.pl\\\/ug\\\/index.php\\\/2026\\\/02\\\/11\\\/ii-powiatowe-halowe-zawody-sportowo-pozarnicze-mlodziezowych-druzyn-pozarniczych\\\/#breadcrumb\",\"itemListElement\":[{\"@type\":\"ListItem\",\"position\":1,\"name\":\"Strona g\u0142\u00f3wna\",\"item\":\"https:\\\/\\\/grabowiec.pl\\\/ug\\\/\"},{\"@type\":\"ListItem\",\"position\":2,\"name\":\"II POWIATOWE HALOWE ZAWODY SPORTOWO &#8211; PO\u017bARNICZE M\u0141ODZIE\u017bOWYCH DRU\u017bYN PO\u017bARNICZYCH\"}]},{\"@type\":\"WebSite\",\"@id\":\"https:\\\/\\\/grabowiec.pl\\\/ug\\\/#website\",\"url\":\"https:\\\/\\\/grabowiec.pl\\\/ug\\\/\",\"name\":\"GMINA GRABOWIEC\",\"description\":\"\",\"publisher\":{\"@id\":\"https:\\\/\\\/grabowiec.pl\\\/ug\\\/#organization\"},\"potentialAction\":[{\"@type\":\"SearchAction\",\"target\":{\"@type\":\"EntryPoint\",\"urlTemplate\":\"https:\\\/\\\/grabowiec.pl\\\/ug\\\/?s={search_term_string}\"},\"query-input\":{\"@type\":\"PropertyValueSpecification\",\"valueRequired\":true,\"valueName\":\"search_term_string\"}}],\"inLanguage\":\"pl-PL\"},{\"@type\":\"Organization\",\"@id\":\"https:\\\/\\\/grabowiec.pl\\\/ug\\\/#organization\",\"name\":\"GMINA GRABOWIEC\",\"url\":\"https:\\\/\\\/grabowiec.pl\\\/ug\\\/\",\"logo\":{\"@type\":\"ImageObject\",\"inLanguage\":\"pl-PL\",\"@id\":\"https:\\\/\\\/grabowiec.pl\\\/ug\\\/#\\\/schema\\\/logo\\\/image\\\/\",\"url\":\"https:\\\/\\\/grabowiec.pl\\\/ug\\\/wp-content\\\/uploads\\\/2023\\\/02\\\/grab-herb.png\",\"contentUrl\":\"https:\\\/\\\/grabowiec.pl\\\/ug\\\/wp-content\\\/uploads\\\/2023\\\/02\\\/grab-herb.png\",\"width\":500,\"height\":600,\"caption\":\"GMINA GRABOWIEC\"},\"image\":{\"@id\":\"https:\\\/\\\/grabowiec.pl\\\/ug\\\/#\\\/schema\\\/logo\\\/image\\\/\"}},{\"@type\":\"Person\",\"@id\":\"https:\\\/\\\/grabowiec.pl\\\/ug\\\/#\\\/schema\\\/person\\\/5985d73d5ee31f074e8352f4782bdf99\",\"name\":\"GrabAdmin\",\"image\":{\"@type\":\"ImageObject\",\"inLanguage\":\"pl-PL\",\"@id\":\"https:\\\/\\\/secure.gravatar.com\\\/avatar\\\/d282d70901c093d417c40ef93cb537ed734f8c89a218e980f2eb8806fb2268e4?s=96&d=mm&r=g\",\"url\":\"https:\\\/\\\/secure.gravatar.com\\\/avatar\\\/d282d70901c093d417c40ef93cb537ed734f8c89a218e980f2eb8806fb2268e4?s=96&d=mm&r=g\",\"contentUrl\":\"https:\\\/\\\/secure.gravatar.com\\\/avatar\\\/d282d70901c093d417c40ef93cb537ed734f8c89a218e980f2eb8806fb2268e4?s=96&d=mm&r=g\",\"caption\":\"GrabAdmin\"},\"sameAs\":[\"http:\\\/\\\/grabowiec.pl\\\/ug\"],\"url\":\"https:\\\/\\\/grabowiec.pl\\\/ug\\\/index.php\\\/author\\\/grabadmin\\\/\"}]}<\/script>\n<!-- \/ Yoast SEO plugin. -->","yoast_head_json":{"title":"II POWIATOWE HALOWE ZAWODY SPORTOWO - PO\u017bARNICZE M\u0141ODZIE\u017bOWYCH DRU\u017bYN PO\u017bARNICZYCH - GMINA GRABOWIEC","robots":{"index":"index","follow":"follow","max-snippet":"max-snippet:-1","max-image-preview":"max-image-preview:large","max-video-preview":"max-video-preview:-1"},"canonical":"https:\/\/grabowiec.pl\/ug\/index.php\/2026\/02\/11\/ii-powiatowe-halowe-zawody-sportowo-pozarnicze-mlodziezowych-druzyn-pozarniczych\/","og_locale":"pl_PL","og_type":"article","og_title":"II POWIATOWE HALOWE ZAWODY SPORTOWO - PO\u017bARNICZE M\u0141ODZIE\u017bOWYCH DRU\u017bYN PO\u017bARNICZYCH - GMINA GRABOWIEC","og_description":"22 lutego 2026 r. w w Zespole Szk\u00f3\u0142 im. Henryka Sienkiewicza w Grabowcu o godzinie &hellip;","og_url":"https:\/\/grabowiec.pl\/ug\/index.php\/2026\/02\/11\/ii-powiatowe-halowe-zawody-sportowo-pozarnicze-mlodziezowych-druzyn-pozarniczych\/","og_site_name":"GMINA GRABOWIEC","article_published_time":"2026-02-11T13:36:24+00:00","article_modified_time":"2026-02-11T13:36:26+00:00","og_image":[{"width":1200,"height":896,"url":"https:\/\/grabowiec.pl\/ug\/wp-content\/uploads\/2026\/02\/Gemini_Generated_Image_jysb1rjysb1rjysb.png","type":"image\/png"}],"author":"GrabAdmin","twitter_card":"summary_large_image","twitter_misc":{"Napisane przez":"GrabAdmin","Szacowany czas czytania":"3 minuty"},"schema":{"@context":"https:\/\/schema.org","@graph":[{"@type":"Article","@id":"https:\/\/grabowiec.pl\/ug\/index.php\/2026\/02\/11\/ii-powiatowe-halowe-zawody-sportowo-pozarnicze-mlodziezowych-druzyn-pozarniczych\/#article","isPartOf":{"@id":"https:\/\/grabowiec.pl\/ug\/index.php\/2026\/02\/11\/ii-powiatowe-halowe-zawody-sportowo-pozarnicze-mlodziezowych-druzyn-pozarniczych\/"},"author":{"name":"GrabAdmin","@id":"https:\/\/grabowiec.pl\/ug\/#\/schema\/person\/5985d73d5ee31f074e8352f4782bdf99"},"headline":"II POWIATOWE HALOWE ZAWODY SPORTOWO &#8211; PO\u017bARNICZE M\u0141ODZIE\u017bOWYCH DRU\u017bYN PO\u017bARNICZYCH","datePublished":"2026-02-11T13:36:24+00:00","dateModified":"2026-02-11T13:36:26+00:00","mainEntityOfPage":{"@id":"https:\/\/grabowiec.pl\/ug\/index.php\/2026\/02\/11\/ii-powiatowe-halowe-zawody-sportowo-pozarnicze-mlodziezowych-druzyn-pozarniczych\/"},"wordCount":370,"publisher":{"@id":"https:\/\/grabowiec.pl\/ug\/#organization"},"image":{"@id":"https:\/\/grabowiec.pl\/ug\/index.php\/2026\/02\/11\/ii-powiatowe-halowe-zawody-sportowo-pozarnicze-mlodziezowych-druzyn-pozarniczych\/#primaryimage"},"thumbnailUrl":"https:\/\/grabowiec.pl\/ug\/wp-content\/uploads\/2026\/02\/Gemini_Generated_Image_jysb1rjysb1rjysb.png","articleSection":["OG\u0141OSZENIA"],"inLanguage":"pl-PL"},{"@type":"WebPage","@id":"https:\/\/grabowiec.pl\/ug\/index.php\/2026\/02\/11\/ii-powiatowe-halowe-zawody-sportowo-pozarnicze-mlodziezowych-druzyn-pozarniczych\/","url":"https:\/\/grabowiec.pl\/ug\/index.php\/2026\/02\/11\/ii-powiatowe-halowe-zawody-sportowo-pozarnicze-mlodziezowych-druzyn-pozarniczych\/","name":"II POWIATOWE HALOWE ZAWODY SPORTOWO - PO\u017bARNICZE M\u0141ODZIE\u017bOWYCH DRU\u017bYN PO\u017bARNICZYCH - GMINA GRABOWIEC","isPartOf":{"@id":"https:\/\/grabowiec.pl\/ug\/#website"},"primaryImageOfPage":{"@id":"https:\/\/grabowiec.pl\/ug\/index.php\/2026\/02\/11\/ii-powiatowe-halowe-zawody-sportowo-pozarnicze-mlodziezowych-druzyn-pozarniczych\/#primaryimage"},"image":{"@id":"https:\/\/grabowiec.pl\/ug\/index.php\/2026\/02\/11\/ii-powiatowe-halowe-zawody-sportowo-pozarnicze-mlodziezowych-druzyn-pozarniczych\/#primaryimage"},"thumbnailUrl":"https:\/\/grabowiec.pl\/ug\/wp-content\/uploads\/2026\/02\/Gemini_Generated_Image_jysb1rjysb1rjysb.png","datePublished":"2026-02-11T13:36:24+00:00","dateModified":"2026-02-11T13:36:26+00:00","breadcrumb":{"@id":"https:\/\/grabowiec.pl\/ug\/index.php\/2026\/02\/11\/ii-powiatowe-halowe-zawody-sportowo-pozarnicze-mlodziezowych-druzyn-pozarniczych\/#breadcrumb"},"inLanguage":"pl-PL","potentialAction":[{"@type":"ReadAction","target":["https:\/\/grabowiec.pl\/ug\/index.php\/2026\/02\/11\/ii-powiatowe-halowe-zawody-sportowo-pozarnicze-mlodziezowych-druzyn-pozarniczych\/"]}]},{"@type":"ImageObject","inLanguage":"pl-PL","@id":"https:\/\/grabowiec.pl\/ug\/index.php\/2026\/02\/11\/ii-powiatowe-halowe-zawody-sportowo-pozarnicze-mlodziezowych-druzyn-pozarniczych\/#primaryimage","url":"https:\/\/grabowiec.pl\/ug\/wp-content\/uploads\/2026\/02\/Gemini_Generated_Image_jysb1rjysb1rjysb.png","contentUrl":"https:\/\/grabowiec.pl\/ug\/wp-content\/uploads\/2026\/02\/Gemini_Generated_Image_jysb1rjysb1rjysb.png","width":1200,"height":896},{"@type":"BreadcrumbList","@id":"https:\/\/grabowiec.pl\/ug\/index.php\/2026\/02\/11\/ii-powiatowe-halowe-zawody-sportowo-pozarnicze-mlodziezowych-druzyn-pozarniczych\/#breadcrumb","itemListElement":[{"@type":"ListItem","position":1,"name":"Strona g\u0142\u00f3wna","item":"https:\/\/grabowiec.pl\/ug\/"},{"@type":"ListItem","position":2,"name":"II POWIATOWE HALOWE ZAWODY SPORTOWO &#8211; PO\u017bARNICZE M\u0141ODZIE\u017bOWYCH DRU\u017bYN PO\u017bARNICZYCH"}]},{"@type":"WebSite","@id":"https:\/\/grabowiec.pl\/ug\/#website","url":"https:\/\/grabowiec.pl\/ug\/","name":"GMINA GRABOWIEC","description":"","publisher":{"@id":"https:\/\/grabowiec.pl\/ug\/#organization"},"potentialAction":[{"@type":"SearchAction","target":{"@type":"EntryPoint","urlTemplate":"https:\/\/grabowiec.pl\/ug\/?s={search_term_string}"},"query-input":{"@type":"PropertyValueSpecification","valueRequired":true,"valueName":"search_term_string"}}],"inLanguage":"pl-PL"},{"@type":"Organization","@id":"https:\/\/grabowiec.pl\/ug\/#organization","name":"GMINA GRABOWIEC","url":"https:\/\/grabowiec.pl\/ug\/","logo":{"@type":"ImageObject","inLanguage":"pl-PL","@id":"https:\/\/grabowiec.pl\/ug\/#\/schema\/logo\/image\/","url":"https:\/\/grabowiec.pl\/ug\/wp-content\/uploads\/2023\/02\/grab-herb.png","contentUrl":"https:\/\/grabowiec.pl\/ug\/wp-content\/uploads\/2023\/02\/grab-herb.png","width":500,"height":600,"caption":"GMINA GRABOWIEC"},"image":{"@id":"https:\/\/grabowiec.pl\/ug\/#\/schema\/logo\/image\/"}},{"@type":"Person","@id":"https:\/\/grabowiec.pl\/ug\/#\/schema\/person\/5985d73d5ee31f074e8352f4782bdf99","name":"GrabAdmin","image":{"@type":"ImageObject","inLanguage":"pl-PL","@id":"https:\/\/secure.gravatar.com\/avatar\/d282d70901c093d417c40ef93cb537ed734f8c89a218e980f2eb8806fb2268e4?s=96&d=mm&r=g","url":"https:\/\/secure.gravatar.com\/avatar\/d282d70901c093d417c40ef93cb537ed734f8c89a218e980f2eb8806fb2268e4?s=96&d=mm&r=g","contentUrl":"https:\/\/secure.gravatar.com\/avatar\/d282d70901c093d417c40ef93cb537ed734f8c89a218e980f2eb8806fb2268e4?s=96&d=mm&r=g","caption":"GrabAdmin"},"sameAs":["http:\/\/grabowiec.pl\/ug"],"url":"https:\/\/grabowiec.pl\/ug\/index.php\/author\/grabadmin\/"}]}},"_links":{"self":[{"href":"https:\/\/grabowiec.pl\/ug\/index.php\/wp-json\/wp\/v2\/posts\/5899","targetHints":{"allow":["GET"]}}],"collection":[{"href":"https:\/\/grabowiec.pl\/ug\/index.php\/wp-json\/wp\/v2\/posts"}],"about":[{"href":"https:\/\/grabowiec.pl\/ug\/index.php\/wp-json\/wp\/v2\/types\/post"}],"author":[{"embeddable":true,"href":"https:\/\/grabowiec.pl\/ug\/index.php\/wp-json\/wp\/v2\/users\/1"}],"replies":[{"embeddable":true,"href":"https:\/\/grabowiec.pl\/ug\/index.php\/wp-json\/wp\/v2\/comments?post=5899"}],"version-history":[{"count":1,"href":"https:\/\/grabowiec.pl\/ug\/index.php\/wp-json\/wp\/v2\/posts\/5899\/revisions"}],"predecessor-version":[{"id":5902,"href":"https:\/\/grabowiec.pl\/ug\/index.php\/wp-json\/wp\/v2\/posts\/5899\/revisions\/5902"}],"wp:featuredmedia":[{"embeddable":true,"href":"https:\/\/grabowiec.pl\/ug\/index.php\/wp-json\/wp\/v2\/media\/5901"}],"wp:attachment":[{"href":"https:\/\/grabowiec.pl\/ug\/index.php\/wp-json\/wp\/v2\/media?parent=5899"}],"wp:term":[{"taxonomy":"category","embeddable":true,"href":"https:\/\/grabowiec.pl\/ug\/index.php\/wp-json\/wp\/v2\/categories?post=5899"},{"taxonomy":"post_tag","embeddable":true,"href":"https:\/\/grabowiec.pl\/ug\/index.php\/wp-json\/wp\/v2\/tags?post=5899"}],"curies":[{"name":"wp","href":"https:\/\/api.w.org\/{rel}","templated":true}]}}