{"id":5903,"date":"2026-02-12T13:58:35","date_gmt":"2026-02-12T12:58:35","guid":{"rendered":"https:\/\/grabowiec.pl\/ug\/?p=5903"},"modified":"2026-02-18T14:09:11","modified_gmt":"2026-02-18T13:09:11","slug":"rusza-nabor-do-projektu-lubelskie-bez-azbestu","status":"publish","type":"post","link":"https:\/\/grabowiec.pl\/ug\/index.php\/2026\/02\/12\/rusza-nabor-do-projektu-lubelskie-bez-azbestu\/","title":{"rendered":"RUSZA NAB\u00d3R DO PROJEKTU \u201eLUBELSKIE BEZ AZBESTU\u201d"},"content":{"rendered":"\n<figure class=\"wp-block-image size-full is-resized\"><img loading=\"lazy\" decoding=\"async\" width=\"801\" height=\"531\" src=\"https:\/\/grabowiec.pl\/ug\/wp-content\/uploads\/2026\/02\/AZBEST.jpg\" alt=\"\" class=\"wp-image-5904\" style=\"width:1294px;height:auto\" srcset=\"https:\/\/grabowiec.pl\/ug\/wp-content\/uploads\/2026\/02\/AZBEST.jpg 801w, https:\/\/grabowiec.pl\/ug\/wp-content\/uploads\/2026\/02\/AZBEST-300x199.jpg 300w, https:\/\/grabowiec.pl\/ug\/wp-content\/uploads\/2026\/02\/AZBEST-768x509.jpg 768w, https:\/\/grabowiec.pl\/ug\/wp-content\/uploads\/2026\/02\/AZBEST-388x257.jpg 388w\" sizes=\"auto, (max-width: 801px) 100vw, 801px\" \/><\/figure>\n\n\n\n<p><strong>Rozpoczynamy przyjmowanie zg\u0142osze\u0144 na usuwanie azbestu!<\/strong><\/p>\n\n\n\n<p>Informujemy o rozpocz\u0119ciu naboru zg\u0142osze\u0144 lokalizacji na usuwanie wyrob\u00f3w zawieraj\u0105cych azbest od os\u00f3b fizycznych w ramach projektu pn.&nbsp;<strong>\u201eLubelskie bez azbestu\u201d,<\/strong>&nbsp;realizowanego w ramach&nbsp;<strong>Dzia\u0142ania 3.12 Usuwanie ze \u015brodowiska wyrob\u00f3w zawieraj\u0105cych azbest jest wsp\u00f3\u0142finansowanego z programu Fundusze Europejskie dla Lubelskiego 2021-2027.<\/strong><\/p>\n\n\n\n<p class=\"has-text-color has-link-color has-large-font-size wp-elements-a421f3504d132cb3a289262677573f71\" style=\"color:#961515\"><strong>Nab\u00f3r zg\u0142osze\u0144 lokalizacji b\u0119dzie trwa\u0142 do dnia 9 marca 2026 r.\u00a0<\/strong><\/p>\n\n\n\n<p>W ramach projektu planowana jest realizacja prac zwi\u0105zanych z unieszkodliwieniem wyrob\u00f3w oraz odpad\u00f3w zawieraj\u0105cych azbest poprzez odbi\u00f3r transport i sk\u0142adowanie na sk\u0142adowisku odpad\u00f3w niebezpiecznych. Projekt skierowany jest do os\u00f3b fizycznych, instytucji oraz przedsi\u0119biorstw.<\/p>\n\n\n\n<p>Wszystkie informacje dotycz\u0105ce naboru wniosk\u00f3w ww. projektu mo\u017cna uzyska\u0107 w Urz\u0119dzie Gminy Grabowiec pok. Nr 15 i 2 , pod nr tel.&nbsp;&nbsp;+48 65 12&nbsp;474 oraz w Oddziale Biura Projektu \u201eLubelskie bez azbestu\u201d w Departamencie \u015arodowiska i Zasob\u00f3w Naturalnych UMWL, ul. Stefczyka 3, tel. 81 4781 452 lub 81 4781 420.<\/p>\n\n\n\n<h3 class=\"wp-block-heading\"><img loading=\"lazy\" decoding=\"async\" src=\"https:\/\/www.lubelskie.pl\/wp-content\/uploads\/2016\/11\/DO-POPBRANIA-3.png\" alt=\"do-pobrania\" width=\"26\" height=\"23\">DO POBRANIA<\/h3>\n\n\n\n<ul class=\"wp-block-list\">\n<li><a href=\"https:\/\/www.lubelskie.pl\/wp-content\/uploads\/2026\/02\/Uchwala-Zarzadu.pdf\" target=\"_blank\" rel=\"noreferrer noopener\">Uchwa\u0142a Zarz\u0105du Wojew\u00f3dztwa Lubelskiego z dnia 11 lutego 2026 r. w sprawie og\u0142oszenia naboru wniosk\u00f3w na usuwanie wyrob\u00f3w oraz odpad\u00f3w zawieraj\u0105cych azbest wsp\u00f3\u0142finansowanego ze \u015brodk\u00f3w EFRR w ramach Programu Fundusze Europejskie dla Lubelskiego 2021-2027 oraz przyj\u0119cia Regulaminu przyst\u0105pienia i uczestnictwa w projekcie pn. \u201eLubelskie bez azbestu\u201d realizowanego w ramach Priorytetu 3 Ochrona zasob\u00f3w \u015brodowiska i klimatu, Dzia\u0142ania 3.12 Usuwanie ze \u015brodowiska wyrob\u00f3w zawieraj\u0105cych azbest programu Fundusze Europejskie dla Lubelskiego 2021-2027<\/a> (link otwiera si\u0119 w nowym oknie)<\/li>\n\n\n\n<li><a href=\"https:\/\/www.lubelskie.pl\/wp-content\/uploads\/2026\/02\/uchwala-pdf.pdf\" target=\"_blank\" rel=\"noreferrer noopener\">Uchwa\u0142a Zarz\u0105du Wojew\u00f3dztwa Lubelskiego z dnia 16 lutego 2026 r. zmieniaj\u0105ca uchwa\u0142\u0119 w sprawie og\u0142oszenia naboru wniosk\u00f3w na usuwanie wyrob\u00f3w oraz odpad\u00f3w zawieraj\u0105cych azbest wsp\u00f3\u0142finansowanego ze \u015brodk\u00f3w Europejskiego Funduszu Rozwoju Regionalnego w ramach Programu Fundusze Europejskie dla Lubelskiego 2021-2027 oraz przyj\u0119cia Regulaminu przyst\u0105pienia i uczestnictwa w projekcie pn. \u201eLubelskie bez azbestu\u201d realizowanego w ramach Priorytetu III Ochrona zasob\u00f3w \u015brodowiska i klimatu, Dzia\u0142ania 3.12 Usuwanie ze \u015brodowiska wyrob\u00f3w zawieraj\u0105cych azbest programu Fundusze Europejskie dla Lubelskiego<\/a> (link otwiera si\u0119 w nowym oknie)<\/li>\n\n\n\n<li><a href=\"https:\/\/www.lubelskie.pl\/wp-content\/uploads\/2026\/02\/Regulamin-przystapienia-i-uczestnictwa-w-projekcie-poprawki-dostosowane-do-zal.pdf\" target=\"_blank\" rel=\"noreferrer noopener\">Regulamin przyst\u0105pienia i uczestnictwa w projekcie pn. \u201eLubelskie bez azbestu\u201d<\/a> (link otwiera si\u0119 w nowym oknie)<\/li>\n\n\n\n<li><a href=\"https:\/\/www.lubelskie.pl\/wp-content\/uploads\/2026\/02\/Zalacznik-nr-1-do-Regulaminu-Zgloszenie-Lokalizacji-kolor.pdf\" target=\"_blank\" rel=\"noreferrer noopener\">Zg\u0142oszenie lokalizacji \u2013 za\u0142\u0105cznik nr 1 do Regulaminu przyst\u0105pienia i uczestnictwa w projekcie pn. \u201eLubelskie bez azbestu\u201d<\/a> (link otwiera si\u0119 w nowym oknie)<\/li>\n\n\n\n<li><a href=\"https:\/\/www.lubelskie.pl\/wp-content\/uploads\/2026\/02\/Zalacznik-nr-1-do-Regulaminu-Zgloszenie-Lokalizacji-mono.pdf\" target=\"_blank\" rel=\"noreferrer noopener\">Zg\u0142oszenie lokalizacji \u2013 za\u0142\u0105cznik nr 1 do Regulaminu przyst\u0105pienia i uczestnictwa w projekcie pn. \u201eLubelskie bez azbestu\u201d wersja monochromatyczna<\/a> (link otwiera si\u0119 w nowym oknie)<\/li>\n\n\n\n<li><a href=\"https:\/\/www.lubelskie.pl\/wp-content\/uploads\/2026\/02\/Zalacznik-nr-2-do-Regulaminu-Karta-oceny-stanu-i-mozliwosci-bezpiecznego-uzytkowania-wyrobow-zawierajacych-azbest.pdf\" target=\"_blank\" rel=\"noreferrer noopener\">Ocena stanu i mo\u017cliwo\u015bci bezpiecznego u\u017cytkowania wyrob\u00f3w zawieraj\u0105cych azbest \u2013 Za\u0142\u0105cznik nr 2 do Regulaminu przyst\u0105pienia i uczestnictwa w projekcie pn. \u201eLubelskie bez azbestu\u201d<\/a> (link otwiera si\u0119 w nowym oknie)<\/li>\n\n\n\n<li><a href=\"https:\/\/www.lubelskie.pl\/wp-content\/uploads\/2026\/02\/Zalacznik-nr-3-do-Regulaminu-Oswiadczenie-wnioskodawcy.pdf\" target=\"_blank\" rel=\"noreferrer noopener\">O\u015bwiadczenie o prawid\u0142owo\u015bci wykonania prac zwi\u0105zanych z usuwaniem materia\u0142\u00f3w zawieraj\u0105cych azbest \u2013 Za\u0142\u0105cznik nr 3 do Regulaminu przyst\u0105pienia i uczestnictwa w projekcie pn. \u201eLubelskie bez azbestu\u201d <\/a>(link otwiera si\u0119 w nowym oknie)<\/li>\n\n\n\n<li><a href=\"https:\/\/www.lubelskie.pl\/wp-content\/uploads\/2026\/02\/Zalacznik-nr-3-do-Regulaminu-Oswiadczenie-wnioskodawcy-mono.pdf\" target=\"_blank\" rel=\"noreferrer noopener\">O\u015bwiadczenie o prawid\u0142owo\u015bci wykonania prac zwi\u0105zanych z usuwaniem materia\u0142\u00f3w zawieraj\u0105cych azbest \u2013 Za\u0142\u0105cznik nr 3 do Regulaminu przyst\u0105pienia i uczestnictwa w projekcie pn. \u201eLubelskie bez azbestu\u201d wersja monochromatyczna<\/a> (link otwiera si\u0119 w nowym oknie)<\/li>\n\n\n\n<li><a href=\"https:\/\/www.lubelskie.pl\/wp-content\/uploads\/2026\/02\/Zalacznik-nr-4-do-Regulaminu-Oswiadczenie-o-przekwalifikowaniu.pdf\" target=\"_blank\" rel=\"noreferrer noopener\">O\u015bwiadczenie dotycz\u0105ce przekwalifikowania us\u0142ugi demonta\u017cu na odbi\u00f3r wyrob\u00f3w\/odpad\u00f3w azbestowych \u2013 Za\u0142\u0105cznik nr 4 do Regulaminu przyst\u0105pienia i uczestnictwa w projekcie pn. \u201eLubelskie bez azbestu\u201d<\/a> (link otwiera si\u0119 w nowym oknie)<\/li>\n\n\n\n<li><a href=\"https:\/\/www.lubelskie.pl\/wp-content\/uploads\/2026\/02\/Zalacznik-nr-4-do-Regulaminu-Oswiadczenie-o-przekwalifikowaniu-mono.pdf\" target=\"_blank\" rel=\"noreferrer noopener\">O\u015bwiadczenie dotycz\u0105ce przekwalifikowania us\u0142ugi demonta\u017cu na odbi\u00f3r wyrob\u00f3w\/odpad\u00f3w azbestowych \u2013 Za\u0142\u0105cznik nr 4 do Regulaminu przyst\u0105pienia i uczestnictwa w projekcie pn. \u201eLubelskie bez azbestu\u201d wersja monochromatyczna<\/a> (link otwiera si\u0119 w nowym oknie)<\/li>\n\n\n\n<li><a href=\"https:\/\/www.lubelskie.pl\/wp-content\/uploads\/2026\/02\/Zalacznik-nr-5-do-Regulaminu-Oswiadczenie-o-pomocy-de-minimis-1.pdf\" target=\"_blank\" rel=\"noreferrer noopener\">O\u015bwiadczenie o otrzymanej pomocy <em>de minimis \u2013 <\/em>Za\u0142\u0105cznik nr 5 do Regulaminu przyst\u0105pienia i uczestnictwa w projekcie pn. \u201eLubelskie bez azbestu\u201d<\/a> (link otwiera si\u0119 w nowym oknie)<\/li>\n\n\n\n<li><a href=\"https:\/\/www.lubelskie.pl\/wp-content\/uploads\/2026\/02\/Zalacznik-nr-5-do-Regulaminu-Oswiadczenie-o-pomocy-de-minimis-mono.pdf\" target=\"_blank\" rel=\"noreferrer noopener\">O\u015bwiadczenie o otrzymanej pomocy <em>de minimis \u2013 <\/em>Za\u0142\u0105cznik nr 5 do Regulaminu przyst\u0105pienia i uczestnictwa w projekcie pn. \u201eLubelskie bez azbestu\u201d wersja monochromatyczna<\/a> (link otwiera si\u0119 w nowym oknie)<\/li>\n\n\n\n<li><a href=\"https:\/\/www.lubelskie.pl\/wp-content\/uploads\/2026\/02\/Zalacznik-nr-6-do-Regulaminu-Formularz-pomocy-de-minimis.pdf\" target=\"_blank\" rel=\"noreferrer noopener\">Formularz informacji przedstawianych przy ubieganiu si\u0119 o pomoc <em>de minimis \u2013 <\/em>Za\u0142\u0105cznik nr 6 do Regulaminu przyst\u0105pienia i uczestnictwa w projekcie pn. \u201eLubelskie bez azbestu\u201d<\/a>&nbsp; (link otwiera si\u0119 w nowym oknie)<\/li>\n\n\n\n<li><a href=\"https:\/\/www.lubelskie.pl\/wp-content\/uploads\/2026\/02\/Zalacznik-nr-7-do-Regulaminu-Zbiorcze-zestawienie-Zgloszen-lokalizacji.pdf\" target=\"_blank\" rel=\"noreferrer noopener\">Zbiorcze zestawienie zg\u0142osze\u0144 lokalizacji \u2013 Za\u0142\u0105cznik nr 7 do Regulaminu przyst\u0105pienia i uczestnictwa w projekcie pn. \u201eLubelskie bez azbestu\u201d<\/a> (link otwiera si\u0119 w nowym oknie)<\/li>\n<\/ul>\n","protected":false},"excerpt":{"rendered":"<p>Rozpoczynamy przyjmowanie zg\u0142osze\u0144 na usuwanie azbestu! Informujemy o rozpocz\u0119ciu naboru zg\u0142osze\u0144 lokalizacji na usuwanie wyrob\u00f3w &hellip;<\/p>\n","protected":false},"author":1,"featured_media":5904,"comment_status":"closed","ping_status":"closed","sticky":false,"template":"","format":"standard","meta":{"footnotes":""},"categories":[9],"tags":[],"class_list":["post-5903","post","type-post","status-publish","format-standard","has-post-thumbnail","hentry","category-ogloszenia"],"author_data":{"name":"GrabAdmin","url":"https:\/\/grabowiec.pl\/ug\/index.php\/author\/grabadmin\/"},"excerpt_data":"Rozpoczynamy przyjmowanie zg\u0142osze\u0144 na usuwanie azbestu! Informujemy o rozpocz\u0119ciu naboru zg\u0142osze\u0144 lokalizacji na usuwanie wyrob\u00f3w...","categories_data":{"9":{"term_id":9,"name":"OG\u0141OSZENIA","slug":"ogloszenia","term_group":0,"term_taxonomy_id":9,"taxonomy":"category","description":"","parent":0,"count":160,"filter":"raw","cat_ID":9,"category_count":160,"category_description":"","cat_name":"OG\u0141OSZENIA","category_nicename":"ogloszenia","category_parent":0}},"featured_image_src":"https:\/\/grabowiec.pl\/ug\/wp-content\/uploads\/2026\/02\/AZBEST.jpg","date_formated":"2026-02-12","yoast_head":"<!-- This site is optimized with the Yoast SEO plugin v27.5 - https:\/\/yoast.com\/product\/yoast-seo-wordpress\/ -->\n<title>RUSZA NAB\u00d3R DO PROJEKTU \u201eLUBELSKIE BEZ AZBESTU\u201d - GMINA GRABOWIEC<\/title>\n<meta name=\"robots\" content=\"index, follow, max-snippet:-1, max-image-preview:large, max-video-preview:-1\" \/>\n<link rel=\"canonical\" href=\"https:\/\/grabowiec.pl\/ug\/index.php\/2026\/02\/12\/rusza-nabor-do-projektu-lubelskie-bez-azbestu\/\" \/>\n<meta property=\"og:locale\" content=\"pl_PL\" \/>\n<meta property=\"og:type\" content=\"article\" \/>\n<meta property=\"og:title\" content=\"RUSZA NAB\u00d3R DO PROJEKTU \u201eLUBELSKIE BEZ AZBESTU\u201d - GMINA GRABOWIEC\" \/>\n<meta property=\"og:description\" content=\"Rozpoczynamy przyjmowanie zg\u0142osze\u0144 na usuwanie azbestu! Informujemy o rozpocz\u0119ciu naboru zg\u0142osze\u0144 lokalizacji na usuwanie wyrob\u00f3w &hellip;\" \/>\n<meta property=\"og:url\" content=\"https:\/\/grabowiec.pl\/ug\/index.php\/2026\/02\/12\/rusza-nabor-do-projektu-lubelskie-bez-azbestu\/\" \/>\n<meta property=\"og:site_name\" content=\"GMINA GRABOWIEC\" \/>\n<meta property=\"article:published_time\" content=\"2026-02-12T12:58:35+00:00\" \/>\n<meta property=\"article:modified_time\" content=\"2026-02-18T13:09:11+00:00\" \/>\n<meta property=\"og:image\" content=\"https:\/\/grabowiec.pl\/ug\/wp-content\/uploads\/2026\/02\/AZBEST.jpg\" \/>\n\t<meta property=\"og:image:width\" content=\"801\" \/>\n\t<meta property=\"og:image:height\" content=\"531\" \/>\n\t<meta property=\"og:image:type\" content=\"image\/jpeg\" \/>\n<meta name=\"author\" content=\"GrabAdmin\" \/>\n<meta name=\"twitter:card\" content=\"summary_large_image\" \/>\n<meta name=\"twitter:label1\" content=\"Napisane przez\" \/>\n\t<meta name=\"twitter:data1\" content=\"GrabAdmin\" \/>\n\t<meta name=\"twitter:label2\" content=\"Szacowany czas czytania\" \/>\n\t<meta name=\"twitter:data2\" content=\"5 minut\" \/>\n<script type=\"application\/ld+json\" class=\"yoast-schema-graph\">{\"@context\":\"https:\\\/\\\/schema.org\",\"@graph\":[{\"@type\":\"Article\",\"@id\":\"https:\\\/\\\/grabowiec.pl\\\/ug\\\/index.php\\\/2026\\\/02\\\/12\\\/rusza-nabor-do-projektu-lubelskie-bez-azbestu\\\/#article\",\"isPartOf\":{\"@id\":\"https:\\\/\\\/grabowiec.pl\\\/ug\\\/index.php\\\/2026\\\/02\\\/12\\\/rusza-nabor-do-projektu-lubelskie-bez-azbestu\\\/\"},\"author\":{\"name\":\"GrabAdmin\",\"@id\":\"https:\\\/\\\/grabowiec.pl\\\/ug\\\/#\\\/schema\\\/person\\\/5985d73d5ee31f074e8352f4782bdf99\"},\"headline\":\"RUSZA NAB\u00d3R DO PROJEKTU \u201eLUBELSKIE BEZ AZBESTU\u201d\",\"datePublished\":\"2026-02-12T12:58:35+00:00\",\"dateModified\":\"2026-02-18T13:09:11+00:00\",\"mainEntityOfPage\":{\"@id\":\"https:\\\/\\\/grabowiec.pl\\\/ug\\\/index.php\\\/2026\\\/02\\\/12\\\/rusza-nabor-do-projektu-lubelskie-bez-azbestu\\\/\"},\"wordCount\":726,\"publisher\":{\"@id\":\"https:\\\/\\\/grabowiec.pl\\\/ug\\\/#organization\"},\"image\":{\"@id\":\"https:\\\/\\\/grabowiec.pl\\\/ug\\\/index.php\\\/2026\\\/02\\\/12\\\/rusza-nabor-do-projektu-lubelskie-bez-azbestu\\\/#primaryimage\"},\"thumbnailUrl\":\"https:\\\/\\\/grabowiec.pl\\\/ug\\\/wp-content\\\/uploads\\\/2026\\\/02\\\/AZBEST.jpg\",\"articleSection\":[\"OG\u0141OSZENIA\"],\"inLanguage\":\"pl-PL\"},{\"@type\":\"WebPage\",\"@id\":\"https:\\\/\\\/grabowiec.pl\\\/ug\\\/index.php\\\/2026\\\/02\\\/12\\\/rusza-nabor-do-projektu-lubelskie-bez-azbestu\\\/\",\"url\":\"https:\\\/\\\/grabowiec.pl\\\/ug\\\/index.php\\\/2026\\\/02\\\/12\\\/rusza-nabor-do-projektu-lubelskie-bez-azbestu\\\/\",\"name\":\"RUSZA NAB\u00d3R DO PROJEKTU \u201eLUBELSKIE BEZ AZBESTU\u201d - GMINA GRABOWIEC\",\"isPartOf\":{\"@id\":\"https:\\\/\\\/grabowiec.pl\\\/ug\\\/#website\"},\"primaryImageOfPage\":{\"@id\":\"https:\\\/\\\/grabowiec.pl\\\/ug\\\/index.php\\\/2026\\\/02\\\/12\\\/rusza-nabor-do-projektu-lubelskie-bez-azbestu\\\/#primaryimage\"},\"image\":{\"@id\":\"https:\\\/\\\/grabowiec.pl\\\/ug\\\/index.php\\\/2026\\\/02\\\/12\\\/rusza-nabor-do-projektu-lubelskie-bez-azbestu\\\/#primaryimage\"},\"thumbnailUrl\":\"https:\\\/\\\/grabowiec.pl\\\/ug\\\/wp-content\\\/uploads\\\/2026\\\/02\\\/AZBEST.jpg\",\"datePublished\":\"2026-02-12T12:58:35+00:00\",\"dateModified\":\"2026-02-18T13:09:11+00:00\",\"breadcrumb\":{\"@id\":\"https:\\\/\\\/grabowiec.pl\\\/ug\\\/index.php\\\/2026\\\/02\\\/12\\\/rusza-nabor-do-projektu-lubelskie-bez-azbestu\\\/#breadcrumb\"},\"inLanguage\":\"pl-PL\",\"potentialAction\":[{\"@type\":\"ReadAction\",\"target\":[\"https:\\\/\\\/grabowiec.pl\\\/ug\\\/index.php\\\/2026\\\/02\\\/12\\\/rusza-nabor-do-projektu-lubelskie-bez-azbestu\\\/\"]}]},{\"@type\":\"ImageObject\",\"inLanguage\":\"pl-PL\",\"@id\":\"https:\\\/\\\/grabowiec.pl\\\/ug\\\/index.php\\\/2026\\\/02\\\/12\\\/rusza-nabor-do-projektu-lubelskie-bez-azbestu\\\/#primaryimage\",\"url\":\"https:\\\/\\\/grabowiec.pl\\\/ug\\\/wp-content\\\/uploads\\\/2026\\\/02\\\/AZBEST.jpg\",\"contentUrl\":\"https:\\\/\\\/grabowiec.pl\\\/ug\\\/wp-content\\\/uploads\\\/2026\\\/02\\\/AZBEST.jpg\",\"width\":801,\"height\":531},{\"@type\":\"BreadcrumbList\",\"@id\":\"https:\\\/\\\/grabowiec.pl\\\/ug\\\/index.php\\\/2026\\\/02\\\/12\\\/rusza-nabor-do-projektu-lubelskie-bez-azbestu\\\/#breadcrumb\",\"itemListElement\":[{\"@type\":\"ListItem\",\"position\":1,\"name\":\"Strona g\u0142\u00f3wna\",\"item\":\"https:\\\/\\\/grabowiec.pl\\\/ug\\\/\"},{\"@type\":\"ListItem\",\"position\":2,\"name\":\"RUSZA NAB\u00d3R DO PROJEKTU \u201eLUBELSKIE BEZ AZBESTU\u201d\"}]},{\"@type\":\"WebSite\",\"@id\":\"https:\\\/\\\/grabowiec.pl\\\/ug\\\/#website\",\"url\":\"https:\\\/\\\/grabowiec.pl\\\/ug\\\/\",\"name\":\"GMINA GRABOWIEC\",\"description\":\"\",\"publisher\":{\"@id\":\"https:\\\/\\\/grabowiec.pl\\\/ug\\\/#organization\"},\"potentialAction\":[{\"@type\":\"SearchAction\",\"target\":{\"@type\":\"EntryPoint\",\"urlTemplate\":\"https:\\\/\\\/grabowiec.pl\\\/ug\\\/?s={search_term_string}\"},\"query-input\":{\"@type\":\"PropertyValueSpecification\",\"valueRequired\":true,\"valueName\":\"search_term_string\"}}],\"inLanguage\":\"pl-PL\"},{\"@type\":\"Organization\",\"@id\":\"https:\\\/\\\/grabowiec.pl\\\/ug\\\/#organization\",\"name\":\"GMINA GRABOWIEC\",\"url\":\"https:\\\/\\\/grabowiec.pl\\\/ug\\\/\",\"logo\":{\"@type\":\"ImageObject\",\"inLanguage\":\"pl-PL\",\"@id\":\"https:\\\/\\\/grabowiec.pl\\\/ug\\\/#\\\/schema\\\/logo\\\/image\\\/\",\"url\":\"https:\\\/\\\/grabowiec.pl\\\/ug\\\/wp-content\\\/uploads\\\/2023\\\/02\\\/grab-herb.png\",\"contentUrl\":\"https:\\\/\\\/grabowiec.pl\\\/ug\\\/wp-content\\\/uploads\\\/2023\\\/02\\\/grab-herb.png\",\"width\":500,\"height\":600,\"caption\":\"GMINA GRABOWIEC\"},\"image\":{\"@id\":\"https:\\\/\\\/grabowiec.pl\\\/ug\\\/#\\\/schema\\\/logo\\\/image\\\/\"}},{\"@type\":\"Person\",\"@id\":\"https:\\\/\\\/grabowiec.pl\\\/ug\\\/#\\\/schema\\\/person\\\/5985d73d5ee31f074e8352f4782bdf99\",\"name\":\"GrabAdmin\",\"image\":{\"@type\":\"ImageObject\",\"inLanguage\":\"pl-PL\",\"@id\":\"https:\\\/\\\/secure.gravatar.com\\\/avatar\\\/d282d70901c093d417c40ef93cb537ed734f8c89a218e980f2eb8806fb2268e4?s=96&d=mm&r=g\",\"url\":\"https:\\\/\\\/secure.gravatar.com\\\/avatar\\\/d282d70901c093d417c40ef93cb537ed734f8c89a218e980f2eb8806fb2268e4?s=96&d=mm&r=g\",\"contentUrl\":\"https:\\\/\\\/secure.gravatar.com\\\/avatar\\\/d282d70901c093d417c40ef93cb537ed734f8c89a218e980f2eb8806fb2268e4?s=96&d=mm&r=g\",\"caption\":\"GrabAdmin\"},\"sameAs\":[\"http:\\\/\\\/grabowiec.pl\\\/ug\"],\"url\":\"https:\\\/\\\/grabowiec.pl\\\/ug\\\/index.php\\\/author\\\/grabadmin\\\/\"}]}<\/script>\n<!-- \/ Yoast SEO plugin. -->","yoast_head_json":{"title":"RUSZA NAB\u00d3R DO PROJEKTU \u201eLUBELSKIE BEZ AZBESTU\u201d - GMINA GRABOWIEC","robots":{"index":"index","follow":"follow","max-snippet":"max-snippet:-1","max-image-preview":"max-image-preview:large","max-video-preview":"max-video-preview:-1"},"canonical":"https:\/\/grabowiec.pl\/ug\/index.php\/2026\/02\/12\/rusza-nabor-do-projektu-lubelskie-bez-azbestu\/","og_locale":"pl_PL","og_type":"article","og_title":"RUSZA NAB\u00d3R DO PROJEKTU \u201eLUBELSKIE BEZ AZBESTU\u201d - GMINA GRABOWIEC","og_description":"Rozpoczynamy przyjmowanie zg\u0142osze\u0144 na usuwanie azbestu! Informujemy o rozpocz\u0119ciu naboru zg\u0142osze\u0144 lokalizacji na usuwanie wyrob\u00f3w &hellip;","og_url":"https:\/\/grabowiec.pl\/ug\/index.php\/2026\/02\/12\/rusza-nabor-do-projektu-lubelskie-bez-azbestu\/","og_site_name":"GMINA GRABOWIEC","article_published_time":"2026-02-12T12:58:35+00:00","article_modified_time":"2026-02-18T13:09:11+00:00","og_image":[{"width":801,"height":531,"url":"https:\/\/grabowiec.pl\/ug\/wp-content\/uploads\/2026\/02\/AZBEST.jpg","type":"image\/jpeg"}],"author":"GrabAdmin","twitter_card":"summary_large_image","twitter_misc":{"Napisane przez":"GrabAdmin","Szacowany czas czytania":"5 minut"},"schema":{"@context":"https:\/\/schema.org","@graph":[{"@type":"Article","@id":"https:\/\/grabowiec.pl\/ug\/index.php\/2026\/02\/12\/rusza-nabor-do-projektu-lubelskie-bez-azbestu\/#article","isPartOf":{"@id":"https:\/\/grabowiec.pl\/ug\/index.php\/2026\/02\/12\/rusza-nabor-do-projektu-lubelskie-bez-azbestu\/"},"author":{"name":"GrabAdmin","@id":"https:\/\/grabowiec.pl\/ug\/#\/schema\/person\/5985d73d5ee31f074e8352f4782bdf99"},"headline":"RUSZA NAB\u00d3R DO PROJEKTU \u201eLUBELSKIE BEZ AZBESTU\u201d","datePublished":"2026-02-12T12:58:35+00:00","dateModified":"2026-02-18T13:09:11+00:00","mainEntityOfPage":{"@id":"https:\/\/grabowiec.pl\/ug\/index.php\/2026\/02\/12\/rusza-nabor-do-projektu-lubelskie-bez-azbestu\/"},"wordCount":726,"publisher":{"@id":"https:\/\/grabowiec.pl\/ug\/#organization"},"image":{"@id":"https:\/\/grabowiec.pl\/ug\/index.php\/2026\/02\/12\/rusza-nabor-do-projektu-lubelskie-bez-azbestu\/#primaryimage"},"thumbnailUrl":"https:\/\/grabowiec.pl\/ug\/wp-content\/uploads\/2026\/02\/AZBEST.jpg","articleSection":["OG\u0141OSZENIA"],"inLanguage":"pl-PL"},{"@type":"WebPage","@id":"https:\/\/grabowiec.pl\/ug\/index.php\/2026\/02\/12\/rusza-nabor-do-projektu-lubelskie-bez-azbestu\/","url":"https:\/\/grabowiec.pl\/ug\/index.php\/2026\/02\/12\/rusza-nabor-do-projektu-lubelskie-bez-azbestu\/","name":"RUSZA NAB\u00d3R DO PROJEKTU \u201eLUBELSKIE BEZ AZBESTU\u201d - GMINA GRABOWIEC","isPartOf":{"@id":"https:\/\/grabowiec.pl\/ug\/#website"},"primaryImageOfPage":{"@id":"https:\/\/grabowiec.pl\/ug\/index.php\/2026\/02\/12\/rusza-nabor-do-projektu-lubelskie-bez-azbestu\/#primaryimage"},"image":{"@id":"https:\/\/grabowiec.pl\/ug\/index.php\/2026\/02\/12\/rusza-nabor-do-projektu-lubelskie-bez-azbestu\/#primaryimage"},"thumbnailUrl":"https:\/\/grabowiec.pl\/ug\/wp-content\/uploads\/2026\/02\/AZBEST.jpg","datePublished":"2026-02-12T12:58:35+00:00","dateModified":"2026-02-18T13:09:11+00:00","breadcrumb":{"@id":"https:\/\/grabowiec.pl\/ug\/index.php\/2026\/02\/12\/rusza-nabor-do-projektu-lubelskie-bez-azbestu\/#breadcrumb"},"inLanguage":"pl-PL","potentialAction":[{"@type":"ReadAction","target":["https:\/\/grabowiec.pl\/ug\/index.php\/2026\/02\/12\/rusza-nabor-do-projektu-lubelskie-bez-azbestu\/"]}]},{"@type":"ImageObject","inLanguage":"pl-PL","@id":"https:\/\/grabowiec.pl\/ug\/index.php\/2026\/02\/12\/rusza-nabor-do-projektu-lubelskie-bez-azbestu\/#primaryimage","url":"https:\/\/grabowiec.pl\/ug\/wp-content\/uploads\/2026\/02\/AZBEST.jpg","contentUrl":"https:\/\/grabowiec.pl\/ug\/wp-content\/uploads\/2026\/02\/AZBEST.jpg","width":801,"height":531},{"@type":"BreadcrumbList","@id":"https:\/\/grabowiec.pl\/ug\/index.php\/2026\/02\/12\/rusza-nabor-do-projektu-lubelskie-bez-azbestu\/#breadcrumb","itemListElement":[{"@type":"ListItem","position":1,"name":"Strona g\u0142\u00f3wna","item":"https:\/\/grabowiec.pl\/ug\/"},{"@type":"ListItem","position":2,"name":"RUSZA NAB\u00d3R DO PROJEKTU \u201eLUBELSKIE BEZ AZBESTU\u201d"}]},{"@type":"WebSite","@id":"https:\/\/grabowiec.pl\/ug\/#website","url":"https:\/\/grabowiec.pl\/ug\/","name":"GMINA GRABOWIEC","description":"","publisher":{"@id":"https:\/\/grabowiec.pl\/ug\/#organization"},"potentialAction":[{"@type":"SearchAction","target":{"@type":"EntryPoint","urlTemplate":"https:\/\/grabowiec.pl\/ug\/?s={search_term_string}"},"query-input":{"@type":"PropertyValueSpecification","valueRequired":true,"valueName":"search_term_string"}}],"inLanguage":"pl-PL"},{"@type":"Organization","@id":"https:\/\/grabowiec.pl\/ug\/#organization","name":"GMINA GRABOWIEC","url":"https:\/\/grabowiec.pl\/ug\/","logo":{"@type":"ImageObject","inLanguage":"pl-PL","@id":"https:\/\/grabowiec.pl\/ug\/#\/schema\/logo\/image\/","url":"https:\/\/grabowiec.pl\/ug\/wp-content\/uploads\/2023\/02\/grab-herb.png","contentUrl":"https:\/\/grabowiec.pl\/ug\/wp-content\/uploads\/2023\/02\/grab-herb.png","width":500,"height":600,"caption":"GMINA GRABOWIEC"},"image":{"@id":"https:\/\/grabowiec.pl\/ug\/#\/schema\/logo\/image\/"}},{"@type":"Person","@id":"https:\/\/grabowiec.pl\/ug\/#\/schema\/person\/5985d73d5ee31f074e8352f4782bdf99","name":"GrabAdmin","image":{"@type":"ImageObject","inLanguage":"pl-PL","@id":"https:\/\/secure.gravatar.com\/avatar\/d282d70901c093d417c40ef93cb537ed734f8c89a218e980f2eb8806fb2268e4?s=96&d=mm&r=g","url":"https:\/\/secure.gravatar.com\/avatar\/d282d70901c093d417c40ef93cb537ed734f8c89a218e980f2eb8806fb2268e4?s=96&d=mm&r=g","contentUrl":"https:\/\/secure.gravatar.com\/avatar\/d282d70901c093d417c40ef93cb537ed734f8c89a218e980f2eb8806fb2268e4?s=96&d=mm&r=g","caption":"GrabAdmin"},"sameAs":["http:\/\/grabowiec.pl\/ug"],"url":"https:\/\/grabowiec.pl\/ug\/index.php\/author\/grabadmin\/"}]}},"_links":{"self":[{"href":"https:\/\/grabowiec.pl\/ug\/index.php\/wp-json\/wp\/v2\/posts\/5903","targetHints":{"allow":["GET"]}}],"collection":[{"href":"https:\/\/grabowiec.pl\/ug\/index.php\/wp-json\/wp\/v2\/posts"}],"about":[{"href":"https:\/\/grabowiec.pl\/ug\/index.php\/wp-json\/wp\/v2\/types\/post"}],"author":[{"embeddable":true,"href":"https:\/\/grabowiec.pl\/ug\/index.php\/wp-json\/wp\/v2\/users\/1"}],"replies":[{"embeddable":true,"href":"https:\/\/grabowiec.pl\/ug\/index.php\/wp-json\/wp\/v2\/comments?post=5903"}],"version-history":[{"count":4,"href":"https:\/\/grabowiec.pl\/ug\/index.php\/wp-json\/wp\/v2\/posts\/5903\/revisions"}],"predecessor-version":[{"id":5944,"href":"https:\/\/grabowiec.pl\/ug\/index.php\/wp-json\/wp\/v2\/posts\/5903\/revisions\/5944"}],"wp:featuredmedia":[{"embeddable":true,"href":"https:\/\/grabowiec.pl\/ug\/index.php\/wp-json\/wp\/v2\/media\/5904"}],"wp:attachment":[{"href":"https:\/\/grabowiec.pl\/ug\/index.php\/wp-json\/wp\/v2\/media?parent=5903"}],"wp:term":[{"taxonomy":"category","embeddable":true,"href":"https:\/\/grabowiec.pl\/ug\/index.php\/wp-json\/wp\/v2\/categories?post=5903"},{"taxonomy":"post_tag","embeddable":true,"href":"https:\/\/grabowiec.pl\/ug\/index.php\/wp-json\/wp\/v2\/tags?post=5903"}],"curies":[{"name":"wp","href":"https:\/\/api.w.org\/{rel}","templated":true}]}}