{"id":5993,"date":"2026-03-10T11:52:05","date_gmt":"2026-03-10T10:52:05","guid":{"rendered":"https:\/\/grabowiec.pl\/ug\/?p=5993"},"modified":"2026-03-10T11:52:07","modified_gmt":"2026-03-10T10:52:07","slug":"zmiana-terminu-przyjec","status":"publish","type":"post","link":"https:\/\/grabowiec.pl\/ug\/index.php\/2026\/03\/10\/zmiana-terminu-przyjec\/","title":{"rendered":"ZMIANA TERMINU PRZYJ\u0118\u0106"},"content":{"rendered":"\n<p class=\"has-text-align-center has-large-font-size\">ZMIANA TERMINU PRZYJ\u0118\u0106 PUNKT KONSULTACYJNO-INFORMACYJNY <br>(SIEDZIBA PUNKTU GOK W GRABOWCU) <br>DLA OS\u00d3B UZALE\u017bNIONYCH I ICH RODZIN &#8211; CZYNNY W DNIACH: \u015aRODA GODZ. 8:00 DO 10:00, BEZP\u0141ATNE PORADY I KONSULTACJE.<\/p>\n\n\n\n<p class=\"has-text-align-center\">Punkt Konsultacyjno-Informacyjny dla Os\u00f3b Uzale\u017cnionych oferuje<br>bezp\u0142atne wsparcie, diagnoz\u0119 problemu oraz motywowanie do leczenia dla<br>os\u00f3b uzale\u017cnionych i ich rodzin.<br>W Punkcie Konsultacyjno-Informacyjnym mieszka\u0144cy gminy Grabowiec mog\u0105<br>skorzysta\u0107 z porad specjalisty psychoterapii uzale\u017cnie\u0144.<\/p>\n","protected":false},"excerpt":{"rendered":"<p>ZMIANA TERMINU PRZYJ\u0118\u0106 PUNKT KONSULTACYJNO-INFORMACYJNY (SIEDZIBA PUNKTU GOK W GRABOWCU) DLA OS\u00d3B UZALE\u017bNIONYCH I ICH &hellip;<\/p>\n","protected":false},"author":1,"featured_media":0,"comment_status":"closed","ping_status":"closed","sticky":false,"template":"","format":"standard","meta":{"footnotes":""},"categories":[5],"tags":[],"class_list":["post-5993","post","type-post","status-publish","format-standard","hentry","category-informacje"],"author_data":{"name":"GrabAdmin","url":"https:\/\/grabowiec.pl\/ug\/index.php\/author\/grabadmin\/"},"excerpt_data":"ZMIANA TERMINU PRZYJ\u0118\u0106 PUNKT KONSULTACYJNO-INFORMACYJNY (SIEDZIBA PUNKTU GOK W GRABOWCU) DLA OS\u00d3B UZALE\u017bNIONYCH I ICH...","categories_data":{"5":{"term_id":5,"name":"INFORMACJE","slug":"informacje","term_group":0,"term_taxonomy_id":5,"taxonomy":"category","description":"","parent":0,"count":82,"filter":"raw","cat_ID":5,"category_count":82,"category_description":"","cat_name":"INFORMACJE","category_nicename":"informacje","category_parent":0}},"featured_image_src":"","date_formated":"2026-03-10","yoast_head":"<!-- This site is optimized with the Yoast SEO plugin v27.5 - https:\/\/yoast.com\/product\/yoast-seo-wordpress\/ -->\n<title>ZMIANA TERMINU PRZYJ\u0118\u0106 - GMINA GRABOWIEC<\/title>\n<meta name=\"robots\" content=\"index, follow, max-snippet:-1, max-image-preview:large, max-video-preview:-1\" \/>\n<link rel=\"canonical\" href=\"https:\/\/grabowiec.pl\/ug\/index.php\/2026\/03\/10\/zmiana-terminu-przyjec\/\" \/>\n<meta property=\"og:locale\" content=\"pl_PL\" \/>\n<meta property=\"og:type\" content=\"article\" \/>\n<meta property=\"og:title\" content=\"ZMIANA TERMINU PRZYJ\u0118\u0106 - GMINA GRABOWIEC\" \/>\n<meta property=\"og:description\" content=\"ZMIANA TERMINU PRZYJ\u0118\u0106 PUNKT KONSULTACYJNO-INFORMACYJNY (SIEDZIBA PUNKTU GOK W GRABOWCU) DLA OS\u00d3B UZALE\u017bNIONYCH I ICH &hellip;\" \/>\n<meta property=\"og:url\" content=\"https:\/\/grabowiec.pl\/ug\/index.php\/2026\/03\/10\/zmiana-terminu-przyjec\/\" \/>\n<meta property=\"og:site_name\" content=\"GMINA GRABOWIEC\" \/>\n<meta property=\"article:published_time\" content=\"2026-03-10T10:52:05+00:00\" \/>\n<meta property=\"article:modified_time\" content=\"2026-03-10T10:52:07+00:00\" \/>\n<meta name=\"author\" content=\"GrabAdmin\" \/>\n<meta name=\"twitter:card\" content=\"summary_large_image\" \/>\n<meta name=\"twitter:label1\" content=\"Napisane przez\" \/>\n\t<meta name=\"twitter:data1\" content=\"GrabAdmin\" \/>\n\t<meta name=\"twitter:label2\" content=\"Szacowany czas czytania\" \/>\n\t<meta name=\"twitter:data2\" content=\"1 minuta\" \/>\n<script type=\"application\/ld+json\" class=\"yoast-schema-graph\">{\"@context\":\"https:\\\/\\\/schema.org\",\"@graph\":[{\"@type\":\"Article\",\"@id\":\"https:\\\/\\\/grabowiec.pl\\\/ug\\\/index.php\\\/2026\\\/03\\\/10\\\/zmiana-terminu-przyjec\\\/#article\",\"isPartOf\":{\"@id\":\"https:\\\/\\\/grabowiec.pl\\\/ug\\\/index.php\\\/2026\\\/03\\\/10\\\/zmiana-terminu-przyjec\\\/\"},\"author\":{\"name\":\"GrabAdmin\",\"@id\":\"https:\\\/\\\/grabowiec.pl\\\/ug\\\/#\\\/schema\\\/person\\\/5985d73d5ee31f074e8352f4782bdf99\"},\"headline\":\"ZMIANA TERMINU PRZYJ\u0118\u0106\",\"datePublished\":\"2026-03-10T10:52:05+00:00\",\"dateModified\":\"2026-03-10T10:52:07+00:00\",\"mainEntityOfPage\":{\"@id\":\"https:\\\/\\\/grabowiec.pl\\\/ug\\\/index.php\\\/2026\\\/03\\\/10\\\/zmiana-terminu-przyjec\\\/\"},\"wordCount\":71,\"publisher\":{\"@id\":\"https:\\\/\\\/grabowiec.pl\\\/ug\\\/#organization\"},\"articleSection\":[\"INFORMACJE\"],\"inLanguage\":\"pl-PL\"},{\"@type\":\"WebPage\",\"@id\":\"https:\\\/\\\/grabowiec.pl\\\/ug\\\/index.php\\\/2026\\\/03\\\/10\\\/zmiana-terminu-przyjec\\\/\",\"url\":\"https:\\\/\\\/grabowiec.pl\\\/ug\\\/index.php\\\/2026\\\/03\\\/10\\\/zmiana-terminu-przyjec\\\/\",\"name\":\"ZMIANA TERMINU PRZYJ\u0118\u0106 - GMINA GRABOWIEC\",\"isPartOf\":{\"@id\":\"https:\\\/\\\/grabowiec.pl\\\/ug\\\/#website\"},\"datePublished\":\"2026-03-10T10:52:05+00:00\",\"dateModified\":\"2026-03-10T10:52:07+00:00\",\"breadcrumb\":{\"@id\":\"https:\\\/\\\/grabowiec.pl\\\/ug\\\/index.php\\\/2026\\\/03\\\/10\\\/zmiana-terminu-przyjec\\\/#breadcrumb\"},\"inLanguage\":\"pl-PL\",\"potentialAction\":[{\"@type\":\"ReadAction\",\"target\":[\"https:\\\/\\\/grabowiec.pl\\\/ug\\\/index.php\\\/2026\\\/03\\\/10\\\/zmiana-terminu-przyjec\\\/\"]}]},{\"@type\":\"BreadcrumbList\",\"@id\":\"https:\\\/\\\/grabowiec.pl\\\/ug\\\/index.php\\\/2026\\\/03\\\/10\\\/zmiana-terminu-przyjec\\\/#breadcrumb\",\"itemListElement\":[{\"@type\":\"ListItem\",\"position\":1,\"name\":\"Strona g\u0142\u00f3wna\",\"item\":\"https:\\\/\\\/grabowiec.pl\\\/ug\\\/\"},{\"@type\":\"ListItem\",\"position\":2,\"name\":\"ZMIANA TERMINU PRZYJ\u0118\u0106\"}]},{\"@type\":\"WebSite\",\"@id\":\"https:\\\/\\\/grabowiec.pl\\\/ug\\\/#website\",\"url\":\"https:\\\/\\\/grabowiec.pl\\\/ug\\\/\",\"name\":\"GMINA GRABOWIEC\",\"description\":\"\",\"publisher\":{\"@id\":\"https:\\\/\\\/grabowiec.pl\\\/ug\\\/#organization\"},\"potentialAction\":[{\"@type\":\"SearchAction\",\"target\":{\"@type\":\"EntryPoint\",\"urlTemplate\":\"https:\\\/\\\/grabowiec.pl\\\/ug\\\/?s={search_term_string}\"},\"query-input\":{\"@type\":\"PropertyValueSpecification\",\"valueRequired\":true,\"valueName\":\"search_term_string\"}}],\"inLanguage\":\"pl-PL\"},{\"@type\":\"Organization\",\"@id\":\"https:\\\/\\\/grabowiec.pl\\\/ug\\\/#organization\",\"name\":\"GMINA GRABOWIEC\",\"url\":\"https:\\\/\\\/grabowiec.pl\\\/ug\\\/\",\"logo\":{\"@type\":\"ImageObject\",\"inLanguage\":\"pl-PL\",\"@id\":\"https:\\\/\\\/grabowiec.pl\\\/ug\\\/#\\\/schema\\\/logo\\\/image\\\/\",\"url\":\"https:\\\/\\\/grabowiec.pl\\\/ug\\\/wp-content\\\/uploads\\\/2023\\\/02\\\/grab-herb.png\",\"contentUrl\":\"https:\\\/\\\/grabowiec.pl\\\/ug\\\/wp-content\\\/uploads\\\/2023\\\/02\\\/grab-herb.png\",\"width\":500,\"height\":600,\"caption\":\"GMINA GRABOWIEC\"},\"image\":{\"@id\":\"https:\\\/\\\/grabowiec.pl\\\/ug\\\/#\\\/schema\\\/logo\\\/image\\\/\"}},{\"@type\":\"Person\",\"@id\":\"https:\\\/\\\/grabowiec.pl\\\/ug\\\/#\\\/schema\\\/person\\\/5985d73d5ee31f074e8352f4782bdf99\",\"name\":\"GrabAdmin\",\"image\":{\"@type\":\"ImageObject\",\"inLanguage\":\"pl-PL\",\"@id\":\"https:\\\/\\\/secure.gravatar.com\\\/avatar\\\/d282d70901c093d417c40ef93cb537ed734f8c89a218e980f2eb8806fb2268e4?s=96&d=mm&r=g\",\"url\":\"https:\\\/\\\/secure.gravatar.com\\\/avatar\\\/d282d70901c093d417c40ef93cb537ed734f8c89a218e980f2eb8806fb2268e4?s=96&d=mm&r=g\",\"contentUrl\":\"https:\\\/\\\/secure.gravatar.com\\\/avatar\\\/d282d70901c093d417c40ef93cb537ed734f8c89a218e980f2eb8806fb2268e4?s=96&d=mm&r=g\",\"caption\":\"GrabAdmin\"},\"sameAs\":[\"http:\\\/\\\/grabowiec.pl\\\/ug\"],\"url\":\"https:\\\/\\\/grabowiec.pl\\\/ug\\\/index.php\\\/author\\\/grabadmin\\\/\"}]}<\/script>\n<!-- \/ Yoast SEO plugin. -->","yoast_head_json":{"title":"ZMIANA TERMINU PRZYJ\u0118\u0106 - GMINA GRABOWIEC","robots":{"index":"index","follow":"follow","max-snippet":"max-snippet:-1","max-image-preview":"max-image-preview:large","max-video-preview":"max-video-preview:-1"},"canonical":"https:\/\/grabowiec.pl\/ug\/index.php\/2026\/03\/10\/zmiana-terminu-przyjec\/","og_locale":"pl_PL","og_type":"article","og_title":"ZMIANA TERMINU PRZYJ\u0118\u0106 - GMINA GRABOWIEC","og_description":"ZMIANA TERMINU PRZYJ\u0118\u0106 PUNKT KONSULTACYJNO-INFORMACYJNY (SIEDZIBA PUNKTU GOK W GRABOWCU) DLA OS\u00d3B UZALE\u017bNIONYCH I ICH &hellip;","og_url":"https:\/\/grabowiec.pl\/ug\/index.php\/2026\/03\/10\/zmiana-terminu-przyjec\/","og_site_name":"GMINA GRABOWIEC","article_published_time":"2026-03-10T10:52:05+00:00","article_modified_time":"2026-03-10T10:52:07+00:00","author":"GrabAdmin","twitter_card":"summary_large_image","twitter_misc":{"Napisane przez":"GrabAdmin","Szacowany czas czytania":"1 minuta"},"schema":{"@context":"https:\/\/schema.org","@graph":[{"@type":"Article","@id":"https:\/\/grabowiec.pl\/ug\/index.php\/2026\/03\/10\/zmiana-terminu-przyjec\/#article","isPartOf":{"@id":"https:\/\/grabowiec.pl\/ug\/index.php\/2026\/03\/10\/zmiana-terminu-przyjec\/"},"author":{"name":"GrabAdmin","@id":"https:\/\/grabowiec.pl\/ug\/#\/schema\/person\/5985d73d5ee31f074e8352f4782bdf99"},"headline":"ZMIANA TERMINU PRZYJ\u0118\u0106","datePublished":"2026-03-10T10:52:05+00:00","dateModified":"2026-03-10T10:52:07+00:00","mainEntityOfPage":{"@id":"https:\/\/grabowiec.pl\/ug\/index.php\/2026\/03\/10\/zmiana-terminu-przyjec\/"},"wordCount":71,"publisher":{"@id":"https:\/\/grabowiec.pl\/ug\/#organization"},"articleSection":["INFORMACJE"],"inLanguage":"pl-PL"},{"@type":"WebPage","@id":"https:\/\/grabowiec.pl\/ug\/index.php\/2026\/03\/10\/zmiana-terminu-przyjec\/","url":"https:\/\/grabowiec.pl\/ug\/index.php\/2026\/03\/10\/zmiana-terminu-przyjec\/","name":"ZMIANA TERMINU PRZYJ\u0118\u0106 - GMINA GRABOWIEC","isPartOf":{"@id":"https:\/\/grabowiec.pl\/ug\/#website"},"datePublished":"2026-03-10T10:52:05+00:00","dateModified":"2026-03-10T10:52:07+00:00","breadcrumb":{"@id":"https:\/\/grabowiec.pl\/ug\/index.php\/2026\/03\/10\/zmiana-terminu-przyjec\/#breadcrumb"},"inLanguage":"pl-PL","potentialAction":[{"@type":"ReadAction","target":["https:\/\/grabowiec.pl\/ug\/index.php\/2026\/03\/10\/zmiana-terminu-przyjec\/"]}]},{"@type":"BreadcrumbList","@id":"https:\/\/grabowiec.pl\/ug\/index.php\/2026\/03\/10\/zmiana-terminu-przyjec\/#breadcrumb","itemListElement":[{"@type":"ListItem","position":1,"name":"Strona g\u0142\u00f3wna","item":"https:\/\/grabowiec.pl\/ug\/"},{"@type":"ListItem","position":2,"name":"ZMIANA TERMINU PRZYJ\u0118\u0106"}]},{"@type":"WebSite","@id":"https:\/\/grabowiec.pl\/ug\/#website","url":"https:\/\/grabowiec.pl\/ug\/","name":"GMINA GRABOWIEC","description":"","publisher":{"@id":"https:\/\/grabowiec.pl\/ug\/#organization"},"potentialAction":[{"@type":"SearchAction","target":{"@type":"EntryPoint","urlTemplate":"https:\/\/grabowiec.pl\/ug\/?s={search_term_string}"},"query-input":{"@type":"PropertyValueSpecification","valueRequired":true,"valueName":"search_term_string"}}],"inLanguage":"pl-PL"},{"@type":"Organization","@id":"https:\/\/grabowiec.pl\/ug\/#organization","name":"GMINA GRABOWIEC","url":"https:\/\/grabowiec.pl\/ug\/","logo":{"@type":"ImageObject","inLanguage":"pl-PL","@id":"https:\/\/grabowiec.pl\/ug\/#\/schema\/logo\/image\/","url":"https:\/\/grabowiec.pl\/ug\/wp-content\/uploads\/2023\/02\/grab-herb.png","contentUrl":"https:\/\/grabowiec.pl\/ug\/wp-content\/uploads\/2023\/02\/grab-herb.png","width":500,"height":600,"caption":"GMINA GRABOWIEC"},"image":{"@id":"https:\/\/grabowiec.pl\/ug\/#\/schema\/logo\/image\/"}},{"@type":"Person","@id":"https:\/\/grabowiec.pl\/ug\/#\/schema\/person\/5985d73d5ee31f074e8352f4782bdf99","name":"GrabAdmin","image":{"@type":"ImageObject","inLanguage":"pl-PL","@id":"https:\/\/secure.gravatar.com\/avatar\/d282d70901c093d417c40ef93cb537ed734f8c89a218e980f2eb8806fb2268e4?s=96&d=mm&r=g","url":"https:\/\/secure.gravatar.com\/avatar\/d282d70901c093d417c40ef93cb537ed734f8c89a218e980f2eb8806fb2268e4?s=96&d=mm&r=g","contentUrl":"https:\/\/secure.gravatar.com\/avatar\/d282d70901c093d417c40ef93cb537ed734f8c89a218e980f2eb8806fb2268e4?s=96&d=mm&r=g","caption":"GrabAdmin"},"sameAs":["http:\/\/grabowiec.pl\/ug"],"url":"https:\/\/grabowiec.pl\/ug\/index.php\/author\/grabadmin\/"}]}},"_links":{"self":[{"href":"https:\/\/grabowiec.pl\/ug\/index.php\/wp-json\/wp\/v2\/posts\/5993","targetHints":{"allow":["GET"]}}],"collection":[{"href":"https:\/\/grabowiec.pl\/ug\/index.php\/wp-json\/wp\/v2\/posts"}],"about":[{"href":"https:\/\/grabowiec.pl\/ug\/index.php\/wp-json\/wp\/v2\/types\/post"}],"author":[{"embeddable":true,"href":"https:\/\/grabowiec.pl\/ug\/index.php\/wp-json\/wp\/v2\/users\/1"}],"replies":[{"embeddable":true,"href":"https:\/\/grabowiec.pl\/ug\/index.php\/wp-json\/wp\/v2\/comments?post=5993"}],"version-history":[{"count":1,"href":"https:\/\/grabowiec.pl\/ug\/index.php\/wp-json\/wp\/v2\/posts\/5993\/revisions"}],"predecessor-version":[{"id":5994,"href":"https:\/\/grabowiec.pl\/ug\/index.php\/wp-json\/wp\/v2\/posts\/5993\/revisions\/5994"}],"wp:attachment":[{"href":"https:\/\/grabowiec.pl\/ug\/index.php\/wp-json\/wp\/v2\/media?parent=5993"}],"wp:term":[{"taxonomy":"category","embeddable":true,"href":"https:\/\/grabowiec.pl\/ug\/index.php\/wp-json\/wp\/v2\/categories?post=5993"},{"taxonomy":"post_tag","embeddable":true,"href":"https:\/\/grabowiec.pl\/ug\/index.php\/wp-json\/wp\/v2\/tags?post=5993"}],"curies":[{"name":"wp","href":"https:\/\/api.w.org\/{rel}","templated":true}]}}