{"id":6044,"date":"2026-04-01T13:11:01","date_gmt":"2026-04-01T11:11:01","guid":{"rendered":"https:\/\/grabowiec.pl\/ug\/?p=6044"},"modified":"2026-04-01T13:11:02","modified_gmt":"2026-04-01T11:11:02","slug":"komunikat-dla-hodowcow-zwierzat-kopytnych-oraz-pszczelarzy","status":"publish","type":"post","link":"https:\/\/grabowiec.pl\/ug\/index.php\/2026\/04\/01\/komunikat-dla-hodowcow-zwierzat-kopytnych-oraz-pszczelarzy\/","title":{"rendered":"KOMUNIKAT DLA HODOWC\u00d3W ZWIERZ\u0104T KOPYTNYCH ORAZ PSZCZELARZY"},"content":{"rendered":"<p>Powiatowy Lekarz Weterynarii w Zamo\u015bciu informuje o wej\u015bciu w \u017cycie nowych przepis\u00f3w prawa. Od dnia <strong>18 marca 2026 roku<\/strong> obowi\u0105zuje ustawa o zdrowiu zwierz\u0105t, kt\u00f3ra nak\u0142ada nowe obowi\u0105zki na osoby zajmuj\u0105ce si\u0119 hodowl\u0105.<\/p>\n<article>\n<section>\n<h4>Kogo dotycz\u0105 nowe przepisy?<\/h4>\n<p>Obowi\u0105zek rejestracji dzia\u0142alno\u015bci dotyczy hodowc\u00f3w zwierz\u0105t kopytnych, takich jak<\/p>\n<ul>\n<li>byd\u0142o, \u015bwinie, owce i kozy<\/li>\n<li>koniowate<\/li>\n<li>wielb\u0142\u0105dowate i jeleniowate utrzymywane przez cz\u0142owieka<\/li>\n<\/ul>\n<p>Przepisy te obejmuj\u0105 r\u00f3wnie\u017c <strong>w\u0142a\u015bcicieli pasiek<\/strong> (hodowc\u00f3w owad\u00f3w u\u017cytkowych).<\/p>\n<p><strong>Wa\u017cne:<\/strong> Rejestracja jest obowi\u0105zkowa bez wzgl\u0119du na to, czy produkty pochodzenia zwierz\u0119cego s\u0105 wprowadzane do obrotu, czy przeznaczane wy\u0142\u0105cznie na u\u017cytek w\u0142asny.<\/p>\n<\/section>\n<section>\n<h4>Terminy i spos\u00f3b zg\u0142oszenia<\/h4>\n<p>Wszyscy hodowcy oraz pszczelarze maj\u0105 obowi\u0105zek dope\u0142nienia formalno\u015bci w terminie 3 miesi\u0119cy od wej\u015bcia w \u017cycie ustawy, czyli <strong>do dnia 18 czerwca 2026 roku<\/strong>.<\/p>\n<p>Zg\u0142oszenia mo\u017cna dokona\u0107 na dwa sposoby:<\/p>\n<ol>\n<li>Osobi\u015bcie w siedzibie <strong>Powiatowego Inspektoratu Weterynarii w Zamo\u015bciu<\/strong> (ul. Sienkiewicza 24)<\/li>\n<li>Drog\u0105 elektroniczn\u0105 poprzez systemy <strong>e-PUAP<\/strong> lub <strong>e-dor\u0119czenia.<\/strong><\/li>\n<\/ol>\n<\/section>\n<section>\n<h4>Wymagane dokumenty i op\u0142aty<\/h4>\n<p>Do wniosku o rejestracj\u0119 dzia\u0142alno\u015bci nale\u017cy do\u0142\u0105czy\u0107 potwierdzenie wniesienia op\u0142aty skarbowej w wysoko\u015bci <strong>10 z\u0142otych<\/strong> za wydanie decyzji. Op\u0142at\u0119 nale\u017cy ui\u015bci\u0107 na konto bankowe Urz\u0119du Miasta Zamo\u015b\u0107.<\/p>\n<p>Pszczelarze, kt\u00f3rzy posiadaj\u0105 ju\u017c zarejestrowan\u0105 dzia\u0142alno\u015b\u0107, s\u0105 zobowi\u0105zani do <strong>aktualizacji danych<\/strong> w celu nadania nowego weterynaryjnego numeru identyfikacyjnego (WNI).<\/p>\n<\/section>\n<footer><em>\u0179r\u00f3d\u0142o: Powiatowy Lekarz Weterynarii w Zamo\u015bciu<\/em><\/p>\n<\/footer>\n<\/article>\n","protected":false},"excerpt":{"rendered":"<p>Powiatowy Lekarz Weterynarii w Zamo\u015bciu informuje o wej\u015bciu w \u017cycie nowych przepis\u00f3w prawa. Od dnia &hellip;<\/p>\n","protected":false},"author":1,"featured_media":6045,"comment_status":"closed","ping_status":"closed","sticky":false,"template":"","format":"standard","meta":{"footnotes":""},"categories":[9],"tags":[],"class_list":["post-6044","post","type-post","status-publish","format-standard","has-post-thumbnail","hentry","category-ogloszenia"],"author_data":{"name":"GrabAdmin","url":"https:\/\/grabowiec.pl\/ug\/index.php\/author\/grabadmin\/"},"excerpt_data":"Powiatowy Lekarz Weterynarii w Zamo\u015bciu informuje o wej\u015bciu w \u017cycie nowych przepis\u00f3w prawa. Od dnia...","categories_data":{"9":{"term_id":9,"name":"OG\u0141OSZENIA","slug":"ogloszenia","term_group":0,"term_taxonomy_id":9,"taxonomy":"category","description":"","parent":0,"count":160,"filter":"raw","cat_ID":9,"category_count":160,"category_description":"","cat_name":"OG\u0141OSZENIA","category_nicename":"ogloszenia","category_parent":0}},"featured_image_src":"https:\/\/grabowiec.pl\/ug\/wp-content\/uploads\/2026\/04\/2026.0401.png","date_formated":"2026-04-01","yoast_head":"<!-- This site is optimized with the Yoast SEO plugin v27.5 - https:\/\/yoast.com\/product\/yoast-seo-wordpress\/ -->\n<title>KOMUNIKAT DLA HODOWC\u00d3W ZWIERZ\u0104T KOPYTNYCH ORAZ PSZCZELARZY - GMINA GRABOWIEC<\/title>\n<meta name=\"robots\" content=\"index, follow, max-snippet:-1, max-image-preview:large, max-video-preview:-1\" \/>\n<link rel=\"canonical\" href=\"https:\/\/grabowiec.pl\/ug\/index.php\/2026\/04\/01\/komunikat-dla-hodowcow-zwierzat-kopytnych-oraz-pszczelarzy\/\" \/>\n<meta property=\"og:locale\" content=\"pl_PL\" \/>\n<meta property=\"og:type\" content=\"article\" \/>\n<meta property=\"og:title\" content=\"KOMUNIKAT DLA HODOWC\u00d3W ZWIERZ\u0104T KOPYTNYCH ORAZ PSZCZELARZY - GMINA GRABOWIEC\" \/>\n<meta property=\"og:description\" content=\"Powiatowy Lekarz Weterynarii w Zamo\u015bciu informuje o wej\u015bciu w \u017cycie nowych przepis\u00f3w prawa. Od dnia &hellip;\" \/>\n<meta property=\"og:url\" content=\"https:\/\/grabowiec.pl\/ug\/index.php\/2026\/04\/01\/komunikat-dla-hodowcow-zwierzat-kopytnych-oraz-pszczelarzy\/\" \/>\n<meta property=\"og:site_name\" content=\"GMINA GRABOWIEC\" \/>\n<meta property=\"article:published_time\" content=\"2026-04-01T11:11:01+00:00\" \/>\n<meta property=\"article:modified_time\" content=\"2026-04-01T11:11:02+00:00\" \/>\n<meta property=\"og:image\" content=\"https:\/\/grabowiec.pl\/ug\/wp-content\/uploads\/2026\/04\/2026.0401-1024x559.png\" \/>\n\t<meta property=\"og:image:width\" content=\"1024\" \/>\n\t<meta property=\"og:image:height\" content=\"559\" \/>\n\t<meta property=\"og:image:type\" content=\"image\/png\" \/>\n<meta name=\"author\" content=\"GrabAdmin\" \/>\n<meta name=\"twitter:card\" content=\"summary_large_image\" \/>\n<meta name=\"twitter:label1\" content=\"Napisane przez\" \/>\n\t<meta name=\"twitter:data1\" content=\"GrabAdmin\" \/>\n\t<meta name=\"twitter:label2\" content=\"Szacowany czas czytania\" \/>\n\t<meta name=\"twitter:data2\" content=\"2 minuty\" \/>\n<script type=\"application\/ld+json\" class=\"yoast-schema-graph\">{\"@context\":\"https:\\\/\\\/schema.org\",\"@graph\":[{\"@type\":\"Article\",\"@id\":\"https:\\\/\\\/grabowiec.pl\\\/ug\\\/index.php\\\/2026\\\/04\\\/01\\\/komunikat-dla-hodowcow-zwierzat-kopytnych-oraz-pszczelarzy\\\/#article\",\"isPartOf\":{\"@id\":\"https:\\\/\\\/grabowiec.pl\\\/ug\\\/index.php\\\/2026\\\/04\\\/01\\\/komunikat-dla-hodowcow-zwierzat-kopytnych-oraz-pszczelarzy\\\/\"},\"author\":{\"name\":\"GrabAdmin\",\"@id\":\"https:\\\/\\\/grabowiec.pl\\\/ug\\\/#\\\/schema\\\/person\\\/5985d73d5ee31f074e8352f4782bdf99\"},\"headline\":\"KOMUNIKAT DLA HODOWC\u00d3W ZWIERZ\u0104T KOPYTNYCH ORAZ PSZCZELARZY\",\"datePublished\":\"2026-04-01T11:11:01+00:00\",\"dateModified\":\"2026-04-01T11:11:02+00:00\",\"mainEntityOfPage\":{\"@id\":\"https:\\\/\\\/grabowiec.pl\\\/ug\\\/index.php\\\/2026\\\/04\\\/01\\\/komunikat-dla-hodowcow-zwierzat-kopytnych-oraz-pszczelarzy\\\/\"},\"wordCount\":259,\"publisher\":{\"@id\":\"https:\\\/\\\/grabowiec.pl\\\/ug\\\/#organization\"},\"image\":{\"@id\":\"https:\\\/\\\/grabowiec.pl\\\/ug\\\/index.php\\\/2026\\\/04\\\/01\\\/komunikat-dla-hodowcow-zwierzat-kopytnych-oraz-pszczelarzy\\\/#primaryimage\"},\"thumbnailUrl\":\"https:\\\/\\\/grabowiec.pl\\\/ug\\\/wp-content\\\/uploads\\\/2026\\\/04\\\/2026.0401.png\",\"articleSection\":[\"OG\u0141OSZENIA\"],\"inLanguage\":\"pl-PL\"},{\"@type\":\"WebPage\",\"@id\":\"https:\\\/\\\/grabowiec.pl\\\/ug\\\/index.php\\\/2026\\\/04\\\/01\\\/komunikat-dla-hodowcow-zwierzat-kopytnych-oraz-pszczelarzy\\\/\",\"url\":\"https:\\\/\\\/grabowiec.pl\\\/ug\\\/index.php\\\/2026\\\/04\\\/01\\\/komunikat-dla-hodowcow-zwierzat-kopytnych-oraz-pszczelarzy\\\/\",\"name\":\"KOMUNIKAT DLA HODOWC\u00d3W ZWIERZ\u0104T KOPYTNYCH ORAZ PSZCZELARZY - GMINA GRABOWIEC\",\"isPartOf\":{\"@id\":\"https:\\\/\\\/grabowiec.pl\\\/ug\\\/#website\"},\"primaryImageOfPage\":{\"@id\":\"https:\\\/\\\/grabowiec.pl\\\/ug\\\/index.php\\\/2026\\\/04\\\/01\\\/komunikat-dla-hodowcow-zwierzat-kopytnych-oraz-pszczelarzy\\\/#primaryimage\"},\"image\":{\"@id\":\"https:\\\/\\\/grabowiec.pl\\\/ug\\\/index.php\\\/2026\\\/04\\\/01\\\/komunikat-dla-hodowcow-zwierzat-kopytnych-oraz-pszczelarzy\\\/#primaryimage\"},\"thumbnailUrl\":\"https:\\\/\\\/grabowiec.pl\\\/ug\\\/wp-content\\\/uploads\\\/2026\\\/04\\\/2026.0401.png\",\"datePublished\":\"2026-04-01T11:11:01+00:00\",\"dateModified\":\"2026-04-01T11:11:02+00:00\",\"breadcrumb\":{\"@id\":\"https:\\\/\\\/grabowiec.pl\\\/ug\\\/index.php\\\/2026\\\/04\\\/01\\\/komunikat-dla-hodowcow-zwierzat-kopytnych-oraz-pszczelarzy\\\/#breadcrumb\"},\"inLanguage\":\"pl-PL\",\"potentialAction\":[{\"@type\":\"ReadAction\",\"target\":[\"https:\\\/\\\/grabowiec.pl\\\/ug\\\/index.php\\\/2026\\\/04\\\/01\\\/komunikat-dla-hodowcow-zwierzat-kopytnych-oraz-pszczelarzy\\\/\"]}]},{\"@type\":\"ImageObject\",\"inLanguage\":\"pl-PL\",\"@id\":\"https:\\\/\\\/grabowiec.pl\\\/ug\\\/index.php\\\/2026\\\/04\\\/01\\\/komunikat-dla-hodowcow-zwierzat-kopytnych-oraz-pszczelarzy\\\/#primaryimage\",\"url\":\"https:\\\/\\\/grabowiec.pl\\\/ug\\\/wp-content\\\/uploads\\\/2026\\\/04\\\/2026.0401.png\",\"contentUrl\":\"https:\\\/\\\/grabowiec.pl\\\/ug\\\/wp-content\\\/uploads\\\/2026\\\/04\\\/2026.0401.png\",\"width\":1408,\"height\":768},{\"@type\":\"BreadcrumbList\",\"@id\":\"https:\\\/\\\/grabowiec.pl\\\/ug\\\/index.php\\\/2026\\\/04\\\/01\\\/komunikat-dla-hodowcow-zwierzat-kopytnych-oraz-pszczelarzy\\\/#breadcrumb\",\"itemListElement\":[{\"@type\":\"ListItem\",\"position\":1,\"name\":\"Strona g\u0142\u00f3wna\",\"item\":\"https:\\\/\\\/grabowiec.pl\\\/ug\\\/\"},{\"@type\":\"ListItem\",\"position\":2,\"name\":\"KOMUNIKAT DLA HODOWC\u00d3W ZWIERZ\u0104T KOPYTNYCH ORAZ PSZCZELARZY\"}]},{\"@type\":\"WebSite\",\"@id\":\"https:\\\/\\\/grabowiec.pl\\\/ug\\\/#website\",\"url\":\"https:\\\/\\\/grabowiec.pl\\\/ug\\\/\",\"name\":\"GMINA GRABOWIEC\",\"description\":\"\",\"publisher\":{\"@id\":\"https:\\\/\\\/grabowiec.pl\\\/ug\\\/#organization\"},\"potentialAction\":[{\"@type\":\"SearchAction\",\"target\":{\"@type\":\"EntryPoint\",\"urlTemplate\":\"https:\\\/\\\/grabowiec.pl\\\/ug\\\/?s={search_term_string}\"},\"query-input\":{\"@type\":\"PropertyValueSpecification\",\"valueRequired\":true,\"valueName\":\"search_term_string\"}}],\"inLanguage\":\"pl-PL\"},{\"@type\":\"Organization\",\"@id\":\"https:\\\/\\\/grabowiec.pl\\\/ug\\\/#organization\",\"name\":\"GMINA GRABOWIEC\",\"url\":\"https:\\\/\\\/grabowiec.pl\\\/ug\\\/\",\"logo\":{\"@type\":\"ImageObject\",\"inLanguage\":\"pl-PL\",\"@id\":\"https:\\\/\\\/grabowiec.pl\\\/ug\\\/#\\\/schema\\\/logo\\\/image\\\/\",\"url\":\"https:\\\/\\\/grabowiec.pl\\\/ug\\\/wp-content\\\/uploads\\\/2023\\\/02\\\/grab-herb.png\",\"contentUrl\":\"https:\\\/\\\/grabowiec.pl\\\/ug\\\/wp-content\\\/uploads\\\/2023\\\/02\\\/grab-herb.png\",\"width\":500,\"height\":600,\"caption\":\"GMINA GRABOWIEC\"},\"image\":{\"@id\":\"https:\\\/\\\/grabowiec.pl\\\/ug\\\/#\\\/schema\\\/logo\\\/image\\\/\"}},{\"@type\":\"Person\",\"@id\":\"https:\\\/\\\/grabowiec.pl\\\/ug\\\/#\\\/schema\\\/person\\\/5985d73d5ee31f074e8352f4782bdf99\",\"name\":\"GrabAdmin\",\"image\":{\"@type\":\"ImageObject\",\"inLanguage\":\"pl-PL\",\"@id\":\"https:\\\/\\\/secure.gravatar.com\\\/avatar\\\/d282d70901c093d417c40ef93cb537ed734f8c89a218e980f2eb8806fb2268e4?s=96&d=mm&r=g\",\"url\":\"https:\\\/\\\/secure.gravatar.com\\\/avatar\\\/d282d70901c093d417c40ef93cb537ed734f8c89a218e980f2eb8806fb2268e4?s=96&d=mm&r=g\",\"contentUrl\":\"https:\\\/\\\/secure.gravatar.com\\\/avatar\\\/d282d70901c093d417c40ef93cb537ed734f8c89a218e980f2eb8806fb2268e4?s=96&d=mm&r=g\",\"caption\":\"GrabAdmin\"},\"sameAs\":[\"http:\\\/\\\/grabowiec.pl\\\/ug\"],\"url\":\"https:\\\/\\\/grabowiec.pl\\\/ug\\\/index.php\\\/author\\\/grabadmin\\\/\"}]}<\/script>\n<!-- \/ Yoast SEO plugin. -->","yoast_head_json":{"title":"KOMUNIKAT DLA HODOWC\u00d3W ZWIERZ\u0104T KOPYTNYCH ORAZ PSZCZELARZY - GMINA GRABOWIEC","robots":{"index":"index","follow":"follow","max-snippet":"max-snippet:-1","max-image-preview":"max-image-preview:large","max-video-preview":"max-video-preview:-1"},"canonical":"https:\/\/grabowiec.pl\/ug\/index.php\/2026\/04\/01\/komunikat-dla-hodowcow-zwierzat-kopytnych-oraz-pszczelarzy\/","og_locale":"pl_PL","og_type":"article","og_title":"KOMUNIKAT DLA HODOWC\u00d3W ZWIERZ\u0104T KOPYTNYCH ORAZ PSZCZELARZY - GMINA GRABOWIEC","og_description":"Powiatowy Lekarz Weterynarii w Zamo\u015bciu informuje o wej\u015bciu w \u017cycie nowych przepis\u00f3w prawa. Od dnia &hellip;","og_url":"https:\/\/grabowiec.pl\/ug\/index.php\/2026\/04\/01\/komunikat-dla-hodowcow-zwierzat-kopytnych-oraz-pszczelarzy\/","og_site_name":"GMINA GRABOWIEC","article_published_time":"2026-04-01T11:11:01+00:00","article_modified_time":"2026-04-01T11:11:02+00:00","og_image":[{"width":1024,"height":559,"url":"https:\/\/grabowiec.pl\/ug\/wp-content\/uploads\/2026\/04\/2026.0401-1024x559.png","type":"image\/png"}],"author":"GrabAdmin","twitter_card":"summary_large_image","twitter_misc":{"Napisane przez":"GrabAdmin","Szacowany czas czytania":"2 minuty"},"schema":{"@context":"https:\/\/schema.org","@graph":[{"@type":"Article","@id":"https:\/\/grabowiec.pl\/ug\/index.php\/2026\/04\/01\/komunikat-dla-hodowcow-zwierzat-kopytnych-oraz-pszczelarzy\/#article","isPartOf":{"@id":"https:\/\/grabowiec.pl\/ug\/index.php\/2026\/04\/01\/komunikat-dla-hodowcow-zwierzat-kopytnych-oraz-pszczelarzy\/"},"author":{"name":"GrabAdmin","@id":"https:\/\/grabowiec.pl\/ug\/#\/schema\/person\/5985d73d5ee31f074e8352f4782bdf99"},"headline":"KOMUNIKAT DLA HODOWC\u00d3W ZWIERZ\u0104T KOPYTNYCH ORAZ PSZCZELARZY","datePublished":"2026-04-01T11:11:01+00:00","dateModified":"2026-04-01T11:11:02+00:00","mainEntityOfPage":{"@id":"https:\/\/grabowiec.pl\/ug\/index.php\/2026\/04\/01\/komunikat-dla-hodowcow-zwierzat-kopytnych-oraz-pszczelarzy\/"},"wordCount":259,"publisher":{"@id":"https:\/\/grabowiec.pl\/ug\/#organization"},"image":{"@id":"https:\/\/grabowiec.pl\/ug\/index.php\/2026\/04\/01\/komunikat-dla-hodowcow-zwierzat-kopytnych-oraz-pszczelarzy\/#primaryimage"},"thumbnailUrl":"https:\/\/grabowiec.pl\/ug\/wp-content\/uploads\/2026\/04\/2026.0401.png","articleSection":["OG\u0141OSZENIA"],"inLanguage":"pl-PL"},{"@type":"WebPage","@id":"https:\/\/grabowiec.pl\/ug\/index.php\/2026\/04\/01\/komunikat-dla-hodowcow-zwierzat-kopytnych-oraz-pszczelarzy\/","url":"https:\/\/grabowiec.pl\/ug\/index.php\/2026\/04\/01\/komunikat-dla-hodowcow-zwierzat-kopytnych-oraz-pszczelarzy\/","name":"KOMUNIKAT DLA HODOWC\u00d3W ZWIERZ\u0104T KOPYTNYCH ORAZ PSZCZELARZY - GMINA GRABOWIEC","isPartOf":{"@id":"https:\/\/grabowiec.pl\/ug\/#website"},"primaryImageOfPage":{"@id":"https:\/\/grabowiec.pl\/ug\/index.php\/2026\/04\/01\/komunikat-dla-hodowcow-zwierzat-kopytnych-oraz-pszczelarzy\/#primaryimage"},"image":{"@id":"https:\/\/grabowiec.pl\/ug\/index.php\/2026\/04\/01\/komunikat-dla-hodowcow-zwierzat-kopytnych-oraz-pszczelarzy\/#primaryimage"},"thumbnailUrl":"https:\/\/grabowiec.pl\/ug\/wp-content\/uploads\/2026\/04\/2026.0401.png","datePublished":"2026-04-01T11:11:01+00:00","dateModified":"2026-04-01T11:11:02+00:00","breadcrumb":{"@id":"https:\/\/grabowiec.pl\/ug\/index.php\/2026\/04\/01\/komunikat-dla-hodowcow-zwierzat-kopytnych-oraz-pszczelarzy\/#breadcrumb"},"inLanguage":"pl-PL","potentialAction":[{"@type":"ReadAction","target":["https:\/\/grabowiec.pl\/ug\/index.php\/2026\/04\/01\/komunikat-dla-hodowcow-zwierzat-kopytnych-oraz-pszczelarzy\/"]}]},{"@type":"ImageObject","inLanguage":"pl-PL","@id":"https:\/\/grabowiec.pl\/ug\/index.php\/2026\/04\/01\/komunikat-dla-hodowcow-zwierzat-kopytnych-oraz-pszczelarzy\/#primaryimage","url":"https:\/\/grabowiec.pl\/ug\/wp-content\/uploads\/2026\/04\/2026.0401.png","contentUrl":"https:\/\/grabowiec.pl\/ug\/wp-content\/uploads\/2026\/04\/2026.0401.png","width":1408,"height":768},{"@type":"BreadcrumbList","@id":"https:\/\/grabowiec.pl\/ug\/index.php\/2026\/04\/01\/komunikat-dla-hodowcow-zwierzat-kopytnych-oraz-pszczelarzy\/#breadcrumb","itemListElement":[{"@type":"ListItem","position":1,"name":"Strona g\u0142\u00f3wna","item":"https:\/\/grabowiec.pl\/ug\/"},{"@type":"ListItem","position":2,"name":"KOMUNIKAT DLA HODOWC\u00d3W ZWIERZ\u0104T KOPYTNYCH ORAZ PSZCZELARZY"}]},{"@type":"WebSite","@id":"https:\/\/grabowiec.pl\/ug\/#website","url":"https:\/\/grabowiec.pl\/ug\/","name":"GMINA GRABOWIEC","description":"","publisher":{"@id":"https:\/\/grabowiec.pl\/ug\/#organization"},"potentialAction":[{"@type":"SearchAction","target":{"@type":"EntryPoint","urlTemplate":"https:\/\/grabowiec.pl\/ug\/?s={search_term_string}"},"query-input":{"@type":"PropertyValueSpecification","valueRequired":true,"valueName":"search_term_string"}}],"inLanguage":"pl-PL"},{"@type":"Organization","@id":"https:\/\/grabowiec.pl\/ug\/#organization","name":"GMINA GRABOWIEC","url":"https:\/\/grabowiec.pl\/ug\/","logo":{"@type":"ImageObject","inLanguage":"pl-PL","@id":"https:\/\/grabowiec.pl\/ug\/#\/schema\/logo\/image\/","url":"https:\/\/grabowiec.pl\/ug\/wp-content\/uploads\/2023\/02\/grab-herb.png","contentUrl":"https:\/\/grabowiec.pl\/ug\/wp-content\/uploads\/2023\/02\/grab-herb.png","width":500,"height":600,"caption":"GMINA GRABOWIEC"},"image":{"@id":"https:\/\/grabowiec.pl\/ug\/#\/schema\/logo\/image\/"}},{"@type":"Person","@id":"https:\/\/grabowiec.pl\/ug\/#\/schema\/person\/5985d73d5ee31f074e8352f4782bdf99","name":"GrabAdmin","image":{"@type":"ImageObject","inLanguage":"pl-PL","@id":"https:\/\/secure.gravatar.com\/avatar\/d282d70901c093d417c40ef93cb537ed734f8c89a218e980f2eb8806fb2268e4?s=96&d=mm&r=g","url":"https:\/\/secure.gravatar.com\/avatar\/d282d70901c093d417c40ef93cb537ed734f8c89a218e980f2eb8806fb2268e4?s=96&d=mm&r=g","contentUrl":"https:\/\/secure.gravatar.com\/avatar\/d282d70901c093d417c40ef93cb537ed734f8c89a218e980f2eb8806fb2268e4?s=96&d=mm&r=g","caption":"GrabAdmin"},"sameAs":["http:\/\/grabowiec.pl\/ug"],"url":"https:\/\/grabowiec.pl\/ug\/index.php\/author\/grabadmin\/"}]}},"_links":{"self":[{"href":"https:\/\/grabowiec.pl\/ug\/index.php\/wp-json\/wp\/v2\/posts\/6044","targetHints":{"allow":["GET"]}}],"collection":[{"href":"https:\/\/grabowiec.pl\/ug\/index.php\/wp-json\/wp\/v2\/posts"}],"about":[{"href":"https:\/\/grabowiec.pl\/ug\/index.php\/wp-json\/wp\/v2\/types\/post"}],"author":[{"embeddable":true,"href":"https:\/\/grabowiec.pl\/ug\/index.php\/wp-json\/wp\/v2\/users\/1"}],"replies":[{"embeddable":true,"href":"https:\/\/grabowiec.pl\/ug\/index.php\/wp-json\/wp\/v2\/comments?post=6044"}],"version-history":[{"count":1,"href":"https:\/\/grabowiec.pl\/ug\/index.php\/wp-json\/wp\/v2\/posts\/6044\/revisions"}],"predecessor-version":[{"id":6046,"href":"https:\/\/grabowiec.pl\/ug\/index.php\/wp-json\/wp\/v2\/posts\/6044\/revisions\/6046"}],"wp:featuredmedia":[{"embeddable":true,"href":"https:\/\/grabowiec.pl\/ug\/index.php\/wp-json\/wp\/v2\/media\/6045"}],"wp:attachment":[{"href":"https:\/\/grabowiec.pl\/ug\/index.php\/wp-json\/wp\/v2\/media?parent=6044"}],"wp:term":[{"taxonomy":"category","embeddable":true,"href":"https:\/\/grabowiec.pl\/ug\/index.php\/wp-json\/wp\/v2\/categories?post=6044"},{"taxonomy":"post_tag","embeddable":true,"href":"https:\/\/grabowiec.pl\/ug\/index.php\/wp-json\/wp\/v2\/tags?post=6044"}],"curies":[{"name":"wp","href":"https:\/\/api.w.org\/{rel}","templated":true}]}}