{"id":6075,"date":"2026-04-13T09:25:24","date_gmt":"2026-04-13T07:25:24","guid":{"rendered":"https:\/\/grabowiec.pl\/ug\/?p=6075"},"modified":"2026-04-13T09:25:26","modified_gmt":"2026-04-13T07:25:26","slug":"akcja-szczepienia-lisow-przeciwko-wsciekliznie-wiosna-2026","status":"publish","type":"post","link":"https:\/\/grabowiec.pl\/ug\/index.php\/2026\/04\/13\/akcja-szczepienia-lisow-przeciwko-wsciekliznie-wiosna-2026\/","title":{"rendered":"AKCJA SZCZEPIENIA LIS\u00d3W PRZECIWKO W\u015aCIEKLI\u0179NIE (WIOSNA 2026)"},"content":{"rendered":"\n<p id=\"p-rc_422ae370f7e97e35-64\">Lubelski Wojew\u00f3dzki Lekarz Weterynarii informuje, \u017ce w dniach <strong>16\u201319 kwietnia 2026 r.<\/strong> na terenie wojew\u00f3dztwa lubelskiego zostanie przeprowadzone ochronne szczepienie dzikich lis\u00f3w przeciwko w\u015bciekli\u017anie<sup><\/sup>.<\/p>\n\n\n\n<h3 class=\"wp-block-heading\">Kluczowe informacje o akcji:<\/h3>\n\n\n\n<ul class=\"wp-block-list\">\n<li><strong>Spos\u00f3b dystrybucji:<\/strong> Szczepionka b\u0119dzie zrzucana z samolot\u00f3w oraz rozk\u0142adana r\u0119cznie przez pracownik\u00f3w Inspekcji Weterynaryjnej.<\/li>\n\n\n\n<li><strong>Wygl\u0105d szczepionki:<\/strong> Ma form\u0119 p\u0142ynu zamkni\u0119tego w blistrze, kt\u00f3ry jest zatopiony w przyn\u0119cie o <strong>br\u0105zowo-zielonym kolorze<\/strong>.<\/li>\n\n\n\n<li><strong>Wa\u017cne ostrze\u017cenie:<\/strong> Nie wolno dotyka\u0107 szczepionki!.<\/li>\n<\/ul>\n\n\n\n<h3 class=\"wp-block-heading\">Zasady bezpiecze\u0144stwa:<\/h3>\n\n\n\n<ul class=\"wp-block-list\">\n<li><strong>Zwierz\u0119ta domowe:<\/strong> Przez <strong>dwa tygodnie<\/strong> po wy\u0142o\u017ceniu szczepionki nie nale\u017cy wypuszcza\u0107 ps\u00f3w i kot\u00f3w luzem, aby nie mia\u0142y kontaktu z preparatem. Szczepionka nie jest przeznaczona dla zwierz\u0105t domowych i mo\u017ce spowodowa\u0107 u nich zaburzenia uk\u0142adu pokarmowego.<\/li>\n\n\n\n<li><strong>Kontakt cz\u0142owieka ze szczepionk\u0105:<\/strong> W razie przypadkowego kontaktu z zawarto\u015bci\u0105 blistra nale\u017cy niezw\u0142ocznie:\n<ol start=\"1\" class=\"wp-block-list\">\n<li>Umy\u0107 sk\u00f3r\u0119 du\u017c\u0105 ilo\u015bci\u0105 wody z myd\u0142em.<\/li>\n\n\n\n<li>Skontaktowa\u0107 si\u0119 z lekarzem.<\/li>\n<\/ol>\n<\/li>\n<\/ul>\n\n\n\n<h3 class=\"wp-block-heading\">Dodatkowe informacje:<\/h3>\n\n\n\n<p id=\"p-rc_422ae370f7e97e35-71\">Termin akcji mo\u017ce ulec zmianie w zale\u017cno\u015bci od warunk\u00f3w. Bie\u017c\u0105ce aktualizacje mo\u017cna znale\u017a\u0107 na stronie <strong>www.wiw.lublin.pl<\/strong> oraz na profilu Facebook: <strong>@Lublin Weterynaria<\/strong><\/p>\n\n\n\n<p class=\"has-large-font-size\"><strong><a href=\"https:\/\/grabowiec.pl\/ug\/wp-content\/uploads\/2026\/04\/skan2026-04-13-082115.pdf\" target=\"_blank\" rel=\"noreferrer noopener\">INFORMACJA<\/a><\/strong><\/p>\n","protected":false},"excerpt":{"rendered":"<p>Lubelski Wojew\u00f3dzki Lekarz Weterynarii informuje, \u017ce w dniach 16\u201319 kwietnia 2026 r. na terenie wojew\u00f3dztwa &hellip;<\/p>\n","protected":false},"author":1,"featured_media":6077,"comment_status":"closed","ping_status":"closed","sticky":false,"template":"","format":"standard","meta":{"footnotes":""},"categories":[9],"tags":[],"class_list":["post-6075","post","type-post","status-publish","format-standard","has-post-thumbnail","hentry","category-ogloszenia"],"author_data":{"name":"GrabAdmin","url":"https:\/\/grabowiec.pl\/ug\/index.php\/author\/grabadmin\/"},"excerpt_data":"Lubelski Wojew\u00f3dzki Lekarz Weterynarii informuje, \u017ce w dniach 16\u201319 kwietnia 2026 r. na terenie wojew\u00f3dztwa...","categories_data":{"9":{"term_id":9,"name":"OG\u0141OSZENIA","slug":"ogloszenia","term_group":0,"term_taxonomy_id":9,"taxonomy":"category","description":"","parent":0,"count":160,"filter":"raw","cat_ID":9,"category_count":160,"category_description":"","cat_name":"OG\u0141OSZENIA","category_nicename":"ogloszenia","category_parent":0}},"featured_image_src":"https:\/\/grabowiec.pl\/ug\/wp-content\/uploads\/2026\/04\/szczepienie-1.jpg","date_formated":"2026-04-13","yoast_head":"<!-- This site is optimized with the Yoast SEO plugin v27.5 - https:\/\/yoast.com\/product\/yoast-seo-wordpress\/ -->\n<title>AKCJA SZCZEPIENIA LIS\u00d3W PRZECIWKO W\u015aCIEKLI\u0179NIE (WIOSNA 2026) - GMINA GRABOWIEC<\/title>\n<meta name=\"robots\" content=\"index, follow, max-snippet:-1, max-image-preview:large, max-video-preview:-1\" \/>\n<link rel=\"canonical\" href=\"https:\/\/grabowiec.pl\/ug\/index.php\/2026\/04\/13\/akcja-szczepienia-lisow-przeciwko-wsciekliznie-wiosna-2026\/\" \/>\n<meta property=\"og:locale\" content=\"pl_PL\" \/>\n<meta property=\"og:type\" content=\"article\" \/>\n<meta property=\"og:title\" content=\"AKCJA SZCZEPIENIA LIS\u00d3W PRZECIWKO W\u015aCIEKLI\u0179NIE (WIOSNA 2026) - GMINA GRABOWIEC\" \/>\n<meta property=\"og:description\" content=\"Lubelski Wojew\u00f3dzki Lekarz Weterynarii informuje, \u017ce w dniach 16\u201319 kwietnia 2026 r. na terenie wojew\u00f3dztwa &hellip;\" \/>\n<meta property=\"og:url\" content=\"https:\/\/grabowiec.pl\/ug\/index.php\/2026\/04\/13\/akcja-szczepienia-lisow-przeciwko-wsciekliznie-wiosna-2026\/\" \/>\n<meta property=\"og:site_name\" content=\"GMINA GRABOWIEC\" \/>\n<meta property=\"article:published_time\" content=\"2026-04-13T07:25:24+00:00\" \/>\n<meta property=\"article:modified_time\" content=\"2026-04-13T07:25:26+00:00\" \/>\n<meta property=\"og:image\" content=\"https:\/\/grabowiec.pl\/ug\/wp-content\/uploads\/2026\/04\/szczepienie-1.jpg\" \/>\n\t<meta property=\"og:image:width\" content=\"2477\" \/>\n\t<meta property=\"og:image:height\" content=\"1382\" \/>\n\t<meta property=\"og:image:type\" content=\"image\/jpeg\" \/>\n<meta name=\"author\" content=\"GrabAdmin\" \/>\n<meta name=\"twitter:card\" content=\"summary_large_image\" \/>\n<meta name=\"twitter:label1\" content=\"Napisane przez\" \/>\n\t<meta name=\"twitter:data1\" content=\"GrabAdmin\" \/>\n\t<meta name=\"twitter:label2\" content=\"Szacowany czas czytania\" \/>\n\t<meta name=\"twitter:data2\" content=\"2 minuty\" \/>\n<script type=\"application\/ld+json\" class=\"yoast-schema-graph\">{\"@context\":\"https:\\\/\\\/schema.org\",\"@graph\":[{\"@type\":\"Article\",\"@id\":\"https:\\\/\\\/grabowiec.pl\\\/ug\\\/index.php\\\/2026\\\/04\\\/13\\\/akcja-szczepienia-lisow-przeciwko-wsciekliznie-wiosna-2026\\\/#article\",\"isPartOf\":{\"@id\":\"https:\\\/\\\/grabowiec.pl\\\/ug\\\/index.php\\\/2026\\\/04\\\/13\\\/akcja-szczepienia-lisow-przeciwko-wsciekliznie-wiosna-2026\\\/\"},\"author\":{\"name\":\"GrabAdmin\",\"@id\":\"https:\\\/\\\/grabowiec.pl\\\/ug\\\/#\\\/schema\\\/person\\\/5985d73d5ee31f074e8352f4782bdf99\"},\"headline\":\"AKCJA SZCZEPIENIA LIS\u00d3W PRZECIWKO W\u015aCIEKLI\u0179NIE (WIOSNA 2026)\",\"datePublished\":\"2026-04-13T07:25:24+00:00\",\"dateModified\":\"2026-04-13T07:25:26+00:00\",\"mainEntityOfPage\":{\"@id\":\"https:\\\/\\\/grabowiec.pl\\\/ug\\\/index.php\\\/2026\\\/04\\\/13\\\/akcja-szczepienia-lisow-przeciwko-wsciekliznie-wiosna-2026\\\/\"},\"wordCount\":204,\"publisher\":{\"@id\":\"https:\\\/\\\/grabowiec.pl\\\/ug\\\/#organization\"},\"image\":{\"@id\":\"https:\\\/\\\/grabowiec.pl\\\/ug\\\/index.php\\\/2026\\\/04\\\/13\\\/akcja-szczepienia-lisow-przeciwko-wsciekliznie-wiosna-2026\\\/#primaryimage\"},\"thumbnailUrl\":\"https:\\\/\\\/grabowiec.pl\\\/ug\\\/wp-content\\\/uploads\\\/2026\\\/04\\\/szczepienie-1.jpg\",\"articleSection\":[\"OG\u0141OSZENIA\"],\"inLanguage\":\"pl-PL\"},{\"@type\":\"WebPage\",\"@id\":\"https:\\\/\\\/grabowiec.pl\\\/ug\\\/index.php\\\/2026\\\/04\\\/13\\\/akcja-szczepienia-lisow-przeciwko-wsciekliznie-wiosna-2026\\\/\",\"url\":\"https:\\\/\\\/grabowiec.pl\\\/ug\\\/index.php\\\/2026\\\/04\\\/13\\\/akcja-szczepienia-lisow-przeciwko-wsciekliznie-wiosna-2026\\\/\",\"name\":\"AKCJA SZCZEPIENIA LIS\u00d3W PRZECIWKO W\u015aCIEKLI\u0179NIE (WIOSNA 2026) - GMINA GRABOWIEC\",\"isPartOf\":{\"@id\":\"https:\\\/\\\/grabowiec.pl\\\/ug\\\/#website\"},\"primaryImageOfPage\":{\"@id\":\"https:\\\/\\\/grabowiec.pl\\\/ug\\\/index.php\\\/2026\\\/04\\\/13\\\/akcja-szczepienia-lisow-przeciwko-wsciekliznie-wiosna-2026\\\/#primaryimage\"},\"image\":{\"@id\":\"https:\\\/\\\/grabowiec.pl\\\/ug\\\/index.php\\\/2026\\\/04\\\/13\\\/akcja-szczepienia-lisow-przeciwko-wsciekliznie-wiosna-2026\\\/#primaryimage\"},\"thumbnailUrl\":\"https:\\\/\\\/grabowiec.pl\\\/ug\\\/wp-content\\\/uploads\\\/2026\\\/04\\\/szczepienie-1.jpg\",\"datePublished\":\"2026-04-13T07:25:24+00:00\",\"dateModified\":\"2026-04-13T07:25:26+00:00\",\"breadcrumb\":{\"@id\":\"https:\\\/\\\/grabowiec.pl\\\/ug\\\/index.php\\\/2026\\\/04\\\/13\\\/akcja-szczepienia-lisow-przeciwko-wsciekliznie-wiosna-2026\\\/#breadcrumb\"},\"inLanguage\":\"pl-PL\",\"potentialAction\":[{\"@type\":\"ReadAction\",\"target\":[\"https:\\\/\\\/grabowiec.pl\\\/ug\\\/index.php\\\/2026\\\/04\\\/13\\\/akcja-szczepienia-lisow-przeciwko-wsciekliznie-wiosna-2026\\\/\"]}]},{\"@type\":\"ImageObject\",\"inLanguage\":\"pl-PL\",\"@id\":\"https:\\\/\\\/grabowiec.pl\\\/ug\\\/index.php\\\/2026\\\/04\\\/13\\\/akcja-szczepienia-lisow-przeciwko-wsciekliznie-wiosna-2026\\\/#primaryimage\",\"url\":\"https:\\\/\\\/grabowiec.pl\\\/ug\\\/wp-content\\\/uploads\\\/2026\\\/04\\\/szczepienie-1.jpg\",\"contentUrl\":\"https:\\\/\\\/grabowiec.pl\\\/ug\\\/wp-content\\\/uploads\\\/2026\\\/04\\\/szczepienie-1.jpg\",\"width\":2477,\"height\":1382},{\"@type\":\"BreadcrumbList\",\"@id\":\"https:\\\/\\\/grabowiec.pl\\\/ug\\\/index.php\\\/2026\\\/04\\\/13\\\/akcja-szczepienia-lisow-przeciwko-wsciekliznie-wiosna-2026\\\/#breadcrumb\",\"itemListElement\":[{\"@type\":\"ListItem\",\"position\":1,\"name\":\"Strona g\u0142\u00f3wna\",\"item\":\"https:\\\/\\\/grabowiec.pl\\\/ug\\\/\"},{\"@type\":\"ListItem\",\"position\":2,\"name\":\"AKCJA SZCZEPIENIA LIS\u00d3W PRZECIWKO W\u015aCIEKLI\u0179NIE (WIOSNA 2026)\"}]},{\"@type\":\"WebSite\",\"@id\":\"https:\\\/\\\/grabowiec.pl\\\/ug\\\/#website\",\"url\":\"https:\\\/\\\/grabowiec.pl\\\/ug\\\/\",\"name\":\"GMINA GRABOWIEC\",\"description\":\"\",\"publisher\":{\"@id\":\"https:\\\/\\\/grabowiec.pl\\\/ug\\\/#organization\"},\"potentialAction\":[{\"@type\":\"SearchAction\",\"target\":{\"@type\":\"EntryPoint\",\"urlTemplate\":\"https:\\\/\\\/grabowiec.pl\\\/ug\\\/?s={search_term_string}\"},\"query-input\":{\"@type\":\"PropertyValueSpecification\",\"valueRequired\":true,\"valueName\":\"search_term_string\"}}],\"inLanguage\":\"pl-PL\"},{\"@type\":\"Organization\",\"@id\":\"https:\\\/\\\/grabowiec.pl\\\/ug\\\/#organization\",\"name\":\"GMINA GRABOWIEC\",\"url\":\"https:\\\/\\\/grabowiec.pl\\\/ug\\\/\",\"logo\":{\"@type\":\"ImageObject\",\"inLanguage\":\"pl-PL\",\"@id\":\"https:\\\/\\\/grabowiec.pl\\\/ug\\\/#\\\/schema\\\/logo\\\/image\\\/\",\"url\":\"https:\\\/\\\/grabowiec.pl\\\/ug\\\/wp-content\\\/uploads\\\/2023\\\/02\\\/grab-herb.png\",\"contentUrl\":\"https:\\\/\\\/grabowiec.pl\\\/ug\\\/wp-content\\\/uploads\\\/2023\\\/02\\\/grab-herb.png\",\"width\":500,\"height\":600,\"caption\":\"GMINA GRABOWIEC\"},\"image\":{\"@id\":\"https:\\\/\\\/grabowiec.pl\\\/ug\\\/#\\\/schema\\\/logo\\\/image\\\/\"}},{\"@type\":\"Person\",\"@id\":\"https:\\\/\\\/grabowiec.pl\\\/ug\\\/#\\\/schema\\\/person\\\/5985d73d5ee31f074e8352f4782bdf99\",\"name\":\"GrabAdmin\",\"image\":{\"@type\":\"ImageObject\",\"inLanguage\":\"pl-PL\",\"@id\":\"https:\\\/\\\/secure.gravatar.com\\\/avatar\\\/d282d70901c093d417c40ef93cb537ed734f8c89a218e980f2eb8806fb2268e4?s=96&d=mm&r=g\",\"url\":\"https:\\\/\\\/secure.gravatar.com\\\/avatar\\\/d282d70901c093d417c40ef93cb537ed734f8c89a218e980f2eb8806fb2268e4?s=96&d=mm&r=g\",\"contentUrl\":\"https:\\\/\\\/secure.gravatar.com\\\/avatar\\\/d282d70901c093d417c40ef93cb537ed734f8c89a218e980f2eb8806fb2268e4?s=96&d=mm&r=g\",\"caption\":\"GrabAdmin\"},\"sameAs\":[\"http:\\\/\\\/grabowiec.pl\\\/ug\"],\"url\":\"https:\\\/\\\/grabowiec.pl\\\/ug\\\/index.php\\\/author\\\/grabadmin\\\/\"}]}<\/script>\n<!-- \/ Yoast SEO plugin. -->","yoast_head_json":{"title":"AKCJA SZCZEPIENIA LIS\u00d3W PRZECIWKO W\u015aCIEKLI\u0179NIE (WIOSNA 2026) - GMINA GRABOWIEC","robots":{"index":"index","follow":"follow","max-snippet":"max-snippet:-1","max-image-preview":"max-image-preview:large","max-video-preview":"max-video-preview:-1"},"canonical":"https:\/\/grabowiec.pl\/ug\/index.php\/2026\/04\/13\/akcja-szczepienia-lisow-przeciwko-wsciekliznie-wiosna-2026\/","og_locale":"pl_PL","og_type":"article","og_title":"AKCJA SZCZEPIENIA LIS\u00d3W PRZECIWKO W\u015aCIEKLI\u0179NIE (WIOSNA 2026) - GMINA GRABOWIEC","og_description":"Lubelski Wojew\u00f3dzki Lekarz Weterynarii informuje, \u017ce w dniach 16\u201319 kwietnia 2026 r. na terenie wojew\u00f3dztwa &hellip;","og_url":"https:\/\/grabowiec.pl\/ug\/index.php\/2026\/04\/13\/akcja-szczepienia-lisow-przeciwko-wsciekliznie-wiosna-2026\/","og_site_name":"GMINA GRABOWIEC","article_published_time":"2026-04-13T07:25:24+00:00","article_modified_time":"2026-04-13T07:25:26+00:00","og_image":[{"width":2477,"height":1382,"url":"https:\/\/grabowiec.pl\/ug\/wp-content\/uploads\/2026\/04\/szczepienie-1.jpg","type":"image\/jpeg"}],"author":"GrabAdmin","twitter_card":"summary_large_image","twitter_misc":{"Napisane przez":"GrabAdmin","Szacowany czas czytania":"2 minuty"},"schema":{"@context":"https:\/\/schema.org","@graph":[{"@type":"Article","@id":"https:\/\/grabowiec.pl\/ug\/index.php\/2026\/04\/13\/akcja-szczepienia-lisow-przeciwko-wsciekliznie-wiosna-2026\/#article","isPartOf":{"@id":"https:\/\/grabowiec.pl\/ug\/index.php\/2026\/04\/13\/akcja-szczepienia-lisow-przeciwko-wsciekliznie-wiosna-2026\/"},"author":{"name":"GrabAdmin","@id":"https:\/\/grabowiec.pl\/ug\/#\/schema\/person\/5985d73d5ee31f074e8352f4782bdf99"},"headline":"AKCJA SZCZEPIENIA LIS\u00d3W PRZECIWKO W\u015aCIEKLI\u0179NIE (WIOSNA 2026)","datePublished":"2026-04-13T07:25:24+00:00","dateModified":"2026-04-13T07:25:26+00:00","mainEntityOfPage":{"@id":"https:\/\/grabowiec.pl\/ug\/index.php\/2026\/04\/13\/akcja-szczepienia-lisow-przeciwko-wsciekliznie-wiosna-2026\/"},"wordCount":204,"publisher":{"@id":"https:\/\/grabowiec.pl\/ug\/#organization"},"image":{"@id":"https:\/\/grabowiec.pl\/ug\/index.php\/2026\/04\/13\/akcja-szczepienia-lisow-przeciwko-wsciekliznie-wiosna-2026\/#primaryimage"},"thumbnailUrl":"https:\/\/grabowiec.pl\/ug\/wp-content\/uploads\/2026\/04\/szczepienie-1.jpg","articleSection":["OG\u0141OSZENIA"],"inLanguage":"pl-PL"},{"@type":"WebPage","@id":"https:\/\/grabowiec.pl\/ug\/index.php\/2026\/04\/13\/akcja-szczepienia-lisow-przeciwko-wsciekliznie-wiosna-2026\/","url":"https:\/\/grabowiec.pl\/ug\/index.php\/2026\/04\/13\/akcja-szczepienia-lisow-przeciwko-wsciekliznie-wiosna-2026\/","name":"AKCJA SZCZEPIENIA LIS\u00d3W PRZECIWKO W\u015aCIEKLI\u0179NIE (WIOSNA 2026) - GMINA GRABOWIEC","isPartOf":{"@id":"https:\/\/grabowiec.pl\/ug\/#website"},"primaryImageOfPage":{"@id":"https:\/\/grabowiec.pl\/ug\/index.php\/2026\/04\/13\/akcja-szczepienia-lisow-przeciwko-wsciekliznie-wiosna-2026\/#primaryimage"},"image":{"@id":"https:\/\/grabowiec.pl\/ug\/index.php\/2026\/04\/13\/akcja-szczepienia-lisow-przeciwko-wsciekliznie-wiosna-2026\/#primaryimage"},"thumbnailUrl":"https:\/\/grabowiec.pl\/ug\/wp-content\/uploads\/2026\/04\/szczepienie-1.jpg","datePublished":"2026-04-13T07:25:24+00:00","dateModified":"2026-04-13T07:25:26+00:00","breadcrumb":{"@id":"https:\/\/grabowiec.pl\/ug\/index.php\/2026\/04\/13\/akcja-szczepienia-lisow-przeciwko-wsciekliznie-wiosna-2026\/#breadcrumb"},"inLanguage":"pl-PL","potentialAction":[{"@type":"ReadAction","target":["https:\/\/grabowiec.pl\/ug\/index.php\/2026\/04\/13\/akcja-szczepienia-lisow-przeciwko-wsciekliznie-wiosna-2026\/"]}]},{"@type":"ImageObject","inLanguage":"pl-PL","@id":"https:\/\/grabowiec.pl\/ug\/index.php\/2026\/04\/13\/akcja-szczepienia-lisow-przeciwko-wsciekliznie-wiosna-2026\/#primaryimage","url":"https:\/\/grabowiec.pl\/ug\/wp-content\/uploads\/2026\/04\/szczepienie-1.jpg","contentUrl":"https:\/\/grabowiec.pl\/ug\/wp-content\/uploads\/2026\/04\/szczepienie-1.jpg","width":2477,"height":1382},{"@type":"BreadcrumbList","@id":"https:\/\/grabowiec.pl\/ug\/index.php\/2026\/04\/13\/akcja-szczepienia-lisow-przeciwko-wsciekliznie-wiosna-2026\/#breadcrumb","itemListElement":[{"@type":"ListItem","position":1,"name":"Strona g\u0142\u00f3wna","item":"https:\/\/grabowiec.pl\/ug\/"},{"@type":"ListItem","position":2,"name":"AKCJA SZCZEPIENIA LIS\u00d3W PRZECIWKO W\u015aCIEKLI\u0179NIE (WIOSNA 2026)"}]},{"@type":"WebSite","@id":"https:\/\/grabowiec.pl\/ug\/#website","url":"https:\/\/grabowiec.pl\/ug\/","name":"GMINA GRABOWIEC","description":"","publisher":{"@id":"https:\/\/grabowiec.pl\/ug\/#organization"},"potentialAction":[{"@type":"SearchAction","target":{"@type":"EntryPoint","urlTemplate":"https:\/\/grabowiec.pl\/ug\/?s={search_term_string}"},"query-input":{"@type":"PropertyValueSpecification","valueRequired":true,"valueName":"search_term_string"}}],"inLanguage":"pl-PL"},{"@type":"Organization","@id":"https:\/\/grabowiec.pl\/ug\/#organization","name":"GMINA GRABOWIEC","url":"https:\/\/grabowiec.pl\/ug\/","logo":{"@type":"ImageObject","inLanguage":"pl-PL","@id":"https:\/\/grabowiec.pl\/ug\/#\/schema\/logo\/image\/","url":"https:\/\/grabowiec.pl\/ug\/wp-content\/uploads\/2023\/02\/grab-herb.png","contentUrl":"https:\/\/grabowiec.pl\/ug\/wp-content\/uploads\/2023\/02\/grab-herb.png","width":500,"height":600,"caption":"GMINA GRABOWIEC"},"image":{"@id":"https:\/\/grabowiec.pl\/ug\/#\/schema\/logo\/image\/"}},{"@type":"Person","@id":"https:\/\/grabowiec.pl\/ug\/#\/schema\/person\/5985d73d5ee31f074e8352f4782bdf99","name":"GrabAdmin","image":{"@type":"ImageObject","inLanguage":"pl-PL","@id":"https:\/\/secure.gravatar.com\/avatar\/d282d70901c093d417c40ef93cb537ed734f8c89a218e980f2eb8806fb2268e4?s=96&d=mm&r=g","url":"https:\/\/secure.gravatar.com\/avatar\/d282d70901c093d417c40ef93cb537ed734f8c89a218e980f2eb8806fb2268e4?s=96&d=mm&r=g","contentUrl":"https:\/\/secure.gravatar.com\/avatar\/d282d70901c093d417c40ef93cb537ed734f8c89a218e980f2eb8806fb2268e4?s=96&d=mm&r=g","caption":"GrabAdmin"},"sameAs":["http:\/\/grabowiec.pl\/ug"],"url":"https:\/\/grabowiec.pl\/ug\/index.php\/author\/grabadmin\/"}]}},"_links":{"self":[{"href":"https:\/\/grabowiec.pl\/ug\/index.php\/wp-json\/wp\/v2\/posts\/6075","targetHints":{"allow":["GET"]}}],"collection":[{"href":"https:\/\/grabowiec.pl\/ug\/index.php\/wp-json\/wp\/v2\/posts"}],"about":[{"href":"https:\/\/grabowiec.pl\/ug\/index.php\/wp-json\/wp\/v2\/types\/post"}],"author":[{"embeddable":true,"href":"https:\/\/grabowiec.pl\/ug\/index.php\/wp-json\/wp\/v2\/users\/1"}],"replies":[{"embeddable":true,"href":"https:\/\/grabowiec.pl\/ug\/index.php\/wp-json\/wp\/v2\/comments?post=6075"}],"version-history":[{"count":1,"href":"https:\/\/grabowiec.pl\/ug\/index.php\/wp-json\/wp\/v2\/posts\/6075\/revisions"}],"predecessor-version":[{"id":6078,"href":"https:\/\/grabowiec.pl\/ug\/index.php\/wp-json\/wp\/v2\/posts\/6075\/revisions\/6078"}],"wp:featuredmedia":[{"embeddable":true,"href":"https:\/\/grabowiec.pl\/ug\/index.php\/wp-json\/wp\/v2\/media\/6077"}],"wp:attachment":[{"href":"https:\/\/grabowiec.pl\/ug\/index.php\/wp-json\/wp\/v2\/media?parent=6075"}],"wp:term":[{"taxonomy":"category","embeddable":true,"href":"https:\/\/grabowiec.pl\/ug\/index.php\/wp-json\/wp\/v2\/categories?post=6075"},{"taxonomy":"post_tag","embeddable":true,"href":"https:\/\/grabowiec.pl\/ug\/index.php\/wp-json\/wp\/v2\/tags?post=6075"}],"curies":[{"name":"wp","href":"https:\/\/api.w.org\/{rel}","templated":true}]}}