{"id":6121,"date":"2026-04-24T12:56:01","date_gmt":"2026-04-24T10:56:01","guid":{"rendered":"https:\/\/grabowiec.pl\/ug\/?p=6121"},"modified":"2026-04-24T12:57:10","modified_gmt":"2026-04-24T10:57:10","slug":"nadchodza-przymrozki-i-pogorszenie-jakosci-powietrza","status":"publish","type":"post","link":"https:\/\/grabowiec.pl\/ug\/index.php\/2026\/04\/24\/nadchodza-przymrozki-i-pogorszenie-jakosci-powietrza\/","title":{"rendered":"NADCHODZ\u0104 PRZYMROZKI I POGORSZENIE JAKO\u015aCI POWIETRZA"},"content":{"rendered":"\n<h1 class=\"wp-block-heading\">Lubelszczyzna pod wp\u0142ywem alert\u00f3w: Nadchodz\u0105 przymrozki i pogorszenie jako\u015bci powietrza<\/h1>\n\n\n\n<p>Mieszka\u0144cy wojew\u00f3dztwa lubelskiego musz\u0105 przygotowa\u0107 si\u0119 na trudne warunki w nadchodz\u0105cych dniach. Regionalne s\u0142u\u017cby monitoruj\u0105ce pogod\u0119 i \u015brodowisko wyda\u0142y seri\u0119 ostrze\u017ce\u0144 dotycz\u0105cych zar\u00f3wno spadk\u00f3w temperatury, jak i ryzyka znacznego zanieczyszczenia powietrza py\u0142ami zawieszonymi.<\/p>\n\n\n\n<h3 class=\"wp-block-heading\">IMGW ostrzega przed przymrozkami<\/h3>\n\n\n\n<p id=\"p-rc_e25863aec43d3657-104\">Wed\u0142ug prognozy niebezpiecznych zjawisk meteorologicznych wydanej przez IMGW-PIB, od poniedzia\u0142ku 20 kwietnia do \u015brody 22 kwietnia 2026 roku na terenie wszystkich powiat\u00f3w wojew\u00f3dztwa lubelskiego obowi\u0105zuje alert 1. stopnia dotycz\u0105cy przymrozk\u00f3w<sup><\/sup><sup><\/sup><sup><\/sup><sup><\/sup>.+1<\/p>\n\n\n\n<p id=\"p-rc_e25863aec43d3657-105\">Synoptycy przewiduj\u0105, \u017ce w okresie wiosennej wegetacji ro\u015blin temperatura powietrza mo\u017ce spa\u015b\u0107 poni\u017cej 0\u2218C, a przy gruncie nawet poni\u017cej \u22121\u2218C<sup><\/sup><sup><\/sup><sup><\/sup><sup><\/sup>. Prognoza ta zosta\u0142a wydana 17 kwietnia i ma charakter orientacyjny, dlatego zaleca si\u0119 \u015bledzenie bie\u017c\u0105cych komunikat\u00f3w, kt\u00f3re mog\u0105 uniewa\u017cni\u0107 wcze\u015bniejsze przewidywania<sup><\/sup>.+2<\/p>\n\n\n\n<h3 class=\"wp-block-heading\">Alert smogowy: Py\u0142 PM10 i benzo(a)piren<\/h3>\n\n\n\n<p id=\"p-rc_e25863aec43d3657-106\">R\u00f3wnolegle z och\u0142odzeniem, Regionalny Wydzia\u0142 Monitoringu \u015arodowiska w Lublinie poinformowa\u0142 o ryzyku przekroczenia dopuszczalnych poziom\u00f3w szkodliwych substancji w powietrzu. Od 23 kwietnia 2026 r. do ko\u0144ca roku prognozowane jest utrzymywanie si\u0119 zagro\u017ce\u0144 zwi\u0105zanych z emisj\u0105 z sektora bytowo-komunalnego, szczeg\u00f3lnie w okresach grzewczych<sup><\/sup><sup><\/sup><sup><\/sup><sup><\/sup>.+1<\/p>\n\n\n\n<ol start=\"1\" class=\"wp-block-list\">\n<li><strong>Py\u0142 zawieszony PM10:<\/strong> Istnieje ryzyko przekroczenia \u015bredniodobowego poziomu dopuszczalnego (powy\u017cej 35 dni ze st\u0119\u017ceniem ponad 50&nbsp;\u03bcg\/m3). Zagro\u017cenie dotyczy g\u0142\u00f3wnie <strong>miasta Bia\u0142a Podlaska oraz powiat\u00f3w bialskiego i radzy\u0144skiego<\/strong>. Szacuje si\u0119, \u017ce na ryzyko nara\u017conych jest ponad 212 tysi\u0119cy os\u00f3b.+3<\/li>\n\n\n\n<li><strong>Benzo(a)piren:<\/strong> Jeszcze szerszy zasi\u0119g ma ryzyko przekroczenia \u015bredniorocznego poziomu docelowego dla benzo(a)pirenu w pyle PM10 (1&nbsp;ng\/m3). Alertem obj\u0119to: <strong>miasto Bia\u0142a Podlaska oraz powiaty bialski, zamojski, kra\u015bnicki, radzy\u0144ski, pu\u0142awski i tomaszowski<\/strong>. W tym przypadku liczba os\u00f3b nara\u017conych wzrasta do ponad 583 tysi\u0119cy.+3<\/li>\n<\/ol>\n\n\n\n<h3 class=\"wp-block-heading\">Kto powinien zachowa\u0107 szczeg\u00f3ln\u0105 ostro\u017cno\u015b\u0107?<\/h3>\n\n\n\n<p>Zanieczyszczone powietrze w po\u0142\u0105czeniu z nisk\u0105 temperatur\u0105 mo\u017ce negatywnie wp\u0142ywa\u0107 na zdrowie. Do grup szczeg\u00f3lnie wra\u017cliwych nale\u017c\u0105:<\/p>\n\n\n\n<ul class=\"wp-block-list\">\n<li>osoby z przewlek\u0142ymi chorobami serca (niewydolno\u015b\u0107 serca, choroba wie\u0144cowa),+2<\/li>\n\n\n\n<li>osoby z chorobami uk\u0142adu oddechowego (astma, POChP),+2<\/li>\n\n\n\n<li>osoby starsze, kobiety w ci\u0105\u017cy oraz dzieci,+2<\/li>\n\n\n\n<li>osoby z nowotworami i ozdrowie\u0144cy.+2<\/li>\n<\/ul>\n\n\n\n<p id=\"p-rc_e25863aec43d3657-113\">W okresach wysokich st\u0119\u017ce\u0144 py\u0142u zaleca si\u0119 ograniczenie intensywnego wysi\u0142ku fizycznego na zewn\u0105trz, zwi\u0119kszenie nadzoru nad osobami chorymi oraz konsultacj\u0119 z lekarzem w przypadku nasilenia objaw\u00f3w, takich jak b\u00f3l w klatce piersiowej, brak tchu czy kaszel<sup><\/sup><sup><\/sup><sup><\/sup><sup><\/sup>.+1<\/p>\n\n\n\n<h3 class=\"wp-block-heading\">Przyczyny i dzia\u0142ania<\/h3>\n\n\n\n<p id=\"p-rc_e25863aec43d3657-114\">G\u0142\u00f3wn\u0105 przyczyn\u0105 pogorszenia jako\u015bci powietrza jest emisja z domowych piec\u00f3w i lokalnych kot\u0142owni<sup><\/sup><sup><\/sup><sup><\/sup><sup><\/sup>. W\u0142adze wojew\u00f3dztwa podejmuj\u0105 dzia\u0142ania okre\u015blone w Programach ochrony powietrza, maj\u0105ce na celu ograniczenie tych przekrocze\u0144 w przysz\u0142o\u015bci<sup><\/sup><sup><\/sup><sup><\/sup><sup><\/sup>.+3<\/p>\n\n\n\n<p id=\"p-rc_e25863aec43d3657-115\">\u0179r\u00f3d\u0142a: IMGW-PIB (Prognoza z 17.04.2026) <sup><\/sup>, GIO\u015a (Powiadomienia z 23.04.2026)<sup><\/sup><sup><\/sup><sup><\/sup><sup><\/sup>.<\/p>\n\n\n\n<p><\/p>\n","protected":false},"excerpt":{"rendered":"<p>Lubelszczyzna pod wp\u0142ywem alert\u00f3w: Nadchodz\u0105 przymrozki i pogorszenie jako\u015bci powietrza Mieszka\u0144cy wojew\u00f3dztwa lubelskiego musz\u0105 przygotowa\u0107 &hellip;<\/p>\n","protected":false},"author":1,"featured_media":0,"comment_status":"closed","ping_status":"closed","sticky":false,"template":"","format":"standard","meta":{"footnotes":""},"categories":[6],"tags":[],"class_list":["post-6121","post","type-post","status-publish","format-standard","hentry","category-prognoza-pogody"],"author_data":{"name":"GrabAdmin","url":"https:\/\/grabowiec.pl\/ug\/index.php\/author\/grabadmin\/"},"excerpt_data":"Lubelszczyzna pod wp\u0142ywem alert\u00f3w: Nadchodz\u0105 przymrozki i pogorszenie jako\u015bci powietrza Mieszka\u0144cy wojew\u00f3dztwa lubelskiego musz\u0105 przygotowa\u0107...","categories_data":{"6":{"term_id":6,"name":"PROGNOZA POGODY","slug":"prognoza-pogody","term_group":0,"term_taxonomy_id":6,"taxonomy":"category","description":"","parent":0,"count":348,"filter":"raw","cat_ID":6,"category_count":348,"category_description":"","cat_name":"PROGNOZA POGODY","category_nicename":"prognoza-pogody","category_parent":0}},"featured_image_src":"","date_formated":"2026-04-24","yoast_head":"<!-- This site is optimized with the Yoast SEO plugin v27.5 - https:\/\/yoast.com\/product\/yoast-seo-wordpress\/ -->\n<title>NADCHODZ\u0104 PRZYMROZKI I POGORSZENIE JAKO\u015aCI POWIETRZA - GMINA GRABOWIEC<\/title>\n<meta name=\"robots\" content=\"index, follow, max-snippet:-1, max-image-preview:large, max-video-preview:-1\" \/>\n<link rel=\"canonical\" href=\"https:\/\/grabowiec.pl\/ug\/index.php\/2026\/04\/24\/nadchodza-przymrozki-i-pogorszenie-jakosci-powietrza\/\" \/>\n<meta property=\"og:locale\" content=\"pl_PL\" \/>\n<meta property=\"og:type\" content=\"article\" \/>\n<meta property=\"og:title\" content=\"NADCHODZ\u0104 PRZYMROZKI I POGORSZENIE JAKO\u015aCI POWIETRZA - GMINA GRABOWIEC\" \/>\n<meta property=\"og:description\" content=\"Lubelszczyzna pod wp\u0142ywem alert\u00f3w: Nadchodz\u0105 przymrozki i pogorszenie jako\u015bci powietrza Mieszka\u0144cy wojew\u00f3dztwa lubelskiego musz\u0105 przygotowa\u0107 &hellip;\" \/>\n<meta property=\"og:url\" content=\"https:\/\/grabowiec.pl\/ug\/index.php\/2026\/04\/24\/nadchodza-przymrozki-i-pogorszenie-jakosci-powietrza\/\" \/>\n<meta property=\"og:site_name\" content=\"GMINA GRABOWIEC\" \/>\n<meta property=\"article:published_time\" content=\"2026-04-24T10:56:01+00:00\" \/>\n<meta property=\"article:modified_time\" content=\"2026-04-24T10:57:10+00:00\" \/>\n<meta name=\"author\" content=\"GrabAdmin\" \/>\n<meta name=\"twitter:card\" content=\"summary_large_image\" \/>\n<meta name=\"twitter:label1\" content=\"Napisane przez\" \/>\n\t<meta name=\"twitter:data1\" content=\"GrabAdmin\" \/>\n\t<meta name=\"twitter:label2\" content=\"Szacowany czas czytania\" \/>\n\t<meta name=\"twitter:data2\" content=\"3 minuty\" \/>\n<script type=\"application\/ld+json\" class=\"yoast-schema-graph\">{\"@context\":\"https:\\\/\\\/schema.org\",\"@graph\":[{\"@type\":\"Article\",\"@id\":\"https:\\\/\\\/grabowiec.pl\\\/ug\\\/index.php\\\/2026\\\/04\\\/24\\\/nadchodza-przymrozki-i-pogorszenie-jakosci-powietrza\\\/#article\",\"isPartOf\":{\"@id\":\"https:\\\/\\\/grabowiec.pl\\\/ug\\\/index.php\\\/2026\\\/04\\\/24\\\/nadchodza-przymrozki-i-pogorszenie-jakosci-powietrza\\\/\"},\"author\":{\"name\":\"GrabAdmin\",\"@id\":\"https:\\\/\\\/grabowiec.pl\\\/ug\\\/#\\\/schema\\\/person\\\/5985d73d5ee31f074e8352f4782bdf99\"},\"headline\":\"NADCHODZ\u0104 PRZYMROZKI I POGORSZENIE JAKO\u015aCI POWIETRZA\",\"datePublished\":\"2026-04-24T10:56:01+00:00\",\"dateModified\":\"2026-04-24T10:57:10+00:00\",\"mainEntityOfPage\":{\"@id\":\"https:\\\/\\\/grabowiec.pl\\\/ug\\\/index.php\\\/2026\\\/04\\\/24\\\/nadchodza-przymrozki-i-pogorszenie-jakosci-powietrza\\\/\"},\"wordCount\":469,\"publisher\":{\"@id\":\"https:\\\/\\\/grabowiec.pl\\\/ug\\\/#organization\"},\"articleSection\":[\"PROGNOZA POGODY\"],\"inLanguage\":\"pl-PL\"},{\"@type\":\"WebPage\",\"@id\":\"https:\\\/\\\/grabowiec.pl\\\/ug\\\/index.php\\\/2026\\\/04\\\/24\\\/nadchodza-przymrozki-i-pogorszenie-jakosci-powietrza\\\/\",\"url\":\"https:\\\/\\\/grabowiec.pl\\\/ug\\\/index.php\\\/2026\\\/04\\\/24\\\/nadchodza-przymrozki-i-pogorszenie-jakosci-powietrza\\\/\",\"name\":\"NADCHODZ\u0104 PRZYMROZKI I POGORSZENIE JAKO\u015aCI POWIETRZA - GMINA GRABOWIEC\",\"isPartOf\":{\"@id\":\"https:\\\/\\\/grabowiec.pl\\\/ug\\\/#website\"},\"datePublished\":\"2026-04-24T10:56:01+00:00\",\"dateModified\":\"2026-04-24T10:57:10+00:00\",\"breadcrumb\":{\"@id\":\"https:\\\/\\\/grabowiec.pl\\\/ug\\\/index.php\\\/2026\\\/04\\\/24\\\/nadchodza-przymrozki-i-pogorszenie-jakosci-powietrza\\\/#breadcrumb\"},\"inLanguage\":\"pl-PL\",\"potentialAction\":[{\"@type\":\"ReadAction\",\"target\":[\"https:\\\/\\\/grabowiec.pl\\\/ug\\\/index.php\\\/2026\\\/04\\\/24\\\/nadchodza-przymrozki-i-pogorszenie-jakosci-powietrza\\\/\"]}]},{\"@type\":\"BreadcrumbList\",\"@id\":\"https:\\\/\\\/grabowiec.pl\\\/ug\\\/index.php\\\/2026\\\/04\\\/24\\\/nadchodza-przymrozki-i-pogorszenie-jakosci-powietrza\\\/#breadcrumb\",\"itemListElement\":[{\"@type\":\"ListItem\",\"position\":1,\"name\":\"Strona g\u0142\u00f3wna\",\"item\":\"https:\\\/\\\/grabowiec.pl\\\/ug\\\/\"},{\"@type\":\"ListItem\",\"position\":2,\"name\":\"NADCHODZ\u0104 PRZYMROZKI I POGORSZENIE JAKO\u015aCI POWIETRZA\"}]},{\"@type\":\"WebSite\",\"@id\":\"https:\\\/\\\/grabowiec.pl\\\/ug\\\/#website\",\"url\":\"https:\\\/\\\/grabowiec.pl\\\/ug\\\/\",\"name\":\"GMINA GRABOWIEC\",\"description\":\"\",\"publisher\":{\"@id\":\"https:\\\/\\\/grabowiec.pl\\\/ug\\\/#organization\"},\"potentialAction\":[{\"@type\":\"SearchAction\",\"target\":{\"@type\":\"EntryPoint\",\"urlTemplate\":\"https:\\\/\\\/grabowiec.pl\\\/ug\\\/?s={search_term_string}\"},\"query-input\":{\"@type\":\"PropertyValueSpecification\",\"valueRequired\":true,\"valueName\":\"search_term_string\"}}],\"inLanguage\":\"pl-PL\"},{\"@type\":\"Organization\",\"@id\":\"https:\\\/\\\/grabowiec.pl\\\/ug\\\/#organization\",\"name\":\"GMINA GRABOWIEC\",\"url\":\"https:\\\/\\\/grabowiec.pl\\\/ug\\\/\",\"logo\":{\"@type\":\"ImageObject\",\"inLanguage\":\"pl-PL\",\"@id\":\"https:\\\/\\\/grabowiec.pl\\\/ug\\\/#\\\/schema\\\/logo\\\/image\\\/\",\"url\":\"https:\\\/\\\/grabowiec.pl\\\/ug\\\/wp-content\\\/uploads\\\/2023\\\/02\\\/grab-herb.png\",\"contentUrl\":\"https:\\\/\\\/grabowiec.pl\\\/ug\\\/wp-content\\\/uploads\\\/2023\\\/02\\\/grab-herb.png\",\"width\":500,\"height\":600,\"caption\":\"GMINA GRABOWIEC\"},\"image\":{\"@id\":\"https:\\\/\\\/grabowiec.pl\\\/ug\\\/#\\\/schema\\\/logo\\\/image\\\/\"}},{\"@type\":\"Person\",\"@id\":\"https:\\\/\\\/grabowiec.pl\\\/ug\\\/#\\\/schema\\\/person\\\/5985d73d5ee31f074e8352f4782bdf99\",\"name\":\"GrabAdmin\",\"image\":{\"@type\":\"ImageObject\",\"inLanguage\":\"pl-PL\",\"@id\":\"https:\\\/\\\/secure.gravatar.com\\\/avatar\\\/d282d70901c093d417c40ef93cb537ed734f8c89a218e980f2eb8806fb2268e4?s=96&d=mm&r=g\",\"url\":\"https:\\\/\\\/secure.gravatar.com\\\/avatar\\\/d282d70901c093d417c40ef93cb537ed734f8c89a218e980f2eb8806fb2268e4?s=96&d=mm&r=g\",\"contentUrl\":\"https:\\\/\\\/secure.gravatar.com\\\/avatar\\\/d282d70901c093d417c40ef93cb537ed734f8c89a218e980f2eb8806fb2268e4?s=96&d=mm&r=g\",\"caption\":\"GrabAdmin\"},\"sameAs\":[\"http:\\\/\\\/grabowiec.pl\\\/ug\"],\"url\":\"https:\\\/\\\/grabowiec.pl\\\/ug\\\/index.php\\\/author\\\/grabadmin\\\/\"}]}<\/script>\n<!-- \/ Yoast SEO plugin. -->","yoast_head_json":{"title":"NADCHODZ\u0104 PRZYMROZKI I POGORSZENIE JAKO\u015aCI POWIETRZA - GMINA GRABOWIEC","robots":{"index":"index","follow":"follow","max-snippet":"max-snippet:-1","max-image-preview":"max-image-preview:large","max-video-preview":"max-video-preview:-1"},"canonical":"https:\/\/grabowiec.pl\/ug\/index.php\/2026\/04\/24\/nadchodza-przymrozki-i-pogorszenie-jakosci-powietrza\/","og_locale":"pl_PL","og_type":"article","og_title":"NADCHODZ\u0104 PRZYMROZKI I POGORSZENIE JAKO\u015aCI POWIETRZA - GMINA GRABOWIEC","og_description":"Lubelszczyzna pod wp\u0142ywem alert\u00f3w: Nadchodz\u0105 przymrozki i pogorszenie jako\u015bci powietrza Mieszka\u0144cy wojew\u00f3dztwa lubelskiego musz\u0105 przygotowa\u0107 &hellip;","og_url":"https:\/\/grabowiec.pl\/ug\/index.php\/2026\/04\/24\/nadchodza-przymrozki-i-pogorszenie-jakosci-powietrza\/","og_site_name":"GMINA GRABOWIEC","article_published_time":"2026-04-24T10:56:01+00:00","article_modified_time":"2026-04-24T10:57:10+00:00","author":"GrabAdmin","twitter_card":"summary_large_image","twitter_misc":{"Napisane przez":"GrabAdmin","Szacowany czas czytania":"3 minuty"},"schema":{"@context":"https:\/\/schema.org","@graph":[{"@type":"Article","@id":"https:\/\/grabowiec.pl\/ug\/index.php\/2026\/04\/24\/nadchodza-przymrozki-i-pogorszenie-jakosci-powietrza\/#article","isPartOf":{"@id":"https:\/\/grabowiec.pl\/ug\/index.php\/2026\/04\/24\/nadchodza-przymrozki-i-pogorszenie-jakosci-powietrza\/"},"author":{"name":"GrabAdmin","@id":"https:\/\/grabowiec.pl\/ug\/#\/schema\/person\/5985d73d5ee31f074e8352f4782bdf99"},"headline":"NADCHODZ\u0104 PRZYMROZKI I POGORSZENIE JAKO\u015aCI POWIETRZA","datePublished":"2026-04-24T10:56:01+00:00","dateModified":"2026-04-24T10:57:10+00:00","mainEntityOfPage":{"@id":"https:\/\/grabowiec.pl\/ug\/index.php\/2026\/04\/24\/nadchodza-przymrozki-i-pogorszenie-jakosci-powietrza\/"},"wordCount":469,"publisher":{"@id":"https:\/\/grabowiec.pl\/ug\/#organization"},"articleSection":["PROGNOZA POGODY"],"inLanguage":"pl-PL"},{"@type":"WebPage","@id":"https:\/\/grabowiec.pl\/ug\/index.php\/2026\/04\/24\/nadchodza-przymrozki-i-pogorszenie-jakosci-powietrza\/","url":"https:\/\/grabowiec.pl\/ug\/index.php\/2026\/04\/24\/nadchodza-przymrozki-i-pogorszenie-jakosci-powietrza\/","name":"NADCHODZ\u0104 PRZYMROZKI I POGORSZENIE JAKO\u015aCI POWIETRZA - GMINA GRABOWIEC","isPartOf":{"@id":"https:\/\/grabowiec.pl\/ug\/#website"},"datePublished":"2026-04-24T10:56:01+00:00","dateModified":"2026-04-24T10:57:10+00:00","breadcrumb":{"@id":"https:\/\/grabowiec.pl\/ug\/index.php\/2026\/04\/24\/nadchodza-przymrozki-i-pogorszenie-jakosci-powietrza\/#breadcrumb"},"inLanguage":"pl-PL","potentialAction":[{"@type":"ReadAction","target":["https:\/\/grabowiec.pl\/ug\/index.php\/2026\/04\/24\/nadchodza-przymrozki-i-pogorszenie-jakosci-powietrza\/"]}]},{"@type":"BreadcrumbList","@id":"https:\/\/grabowiec.pl\/ug\/index.php\/2026\/04\/24\/nadchodza-przymrozki-i-pogorszenie-jakosci-powietrza\/#breadcrumb","itemListElement":[{"@type":"ListItem","position":1,"name":"Strona g\u0142\u00f3wna","item":"https:\/\/grabowiec.pl\/ug\/"},{"@type":"ListItem","position":2,"name":"NADCHODZ\u0104 PRZYMROZKI I POGORSZENIE JAKO\u015aCI POWIETRZA"}]},{"@type":"WebSite","@id":"https:\/\/grabowiec.pl\/ug\/#website","url":"https:\/\/grabowiec.pl\/ug\/","name":"GMINA GRABOWIEC","description":"","publisher":{"@id":"https:\/\/grabowiec.pl\/ug\/#organization"},"potentialAction":[{"@type":"SearchAction","target":{"@type":"EntryPoint","urlTemplate":"https:\/\/grabowiec.pl\/ug\/?s={search_term_string}"},"query-input":{"@type":"PropertyValueSpecification","valueRequired":true,"valueName":"search_term_string"}}],"inLanguage":"pl-PL"},{"@type":"Organization","@id":"https:\/\/grabowiec.pl\/ug\/#organization","name":"GMINA GRABOWIEC","url":"https:\/\/grabowiec.pl\/ug\/","logo":{"@type":"ImageObject","inLanguage":"pl-PL","@id":"https:\/\/grabowiec.pl\/ug\/#\/schema\/logo\/image\/","url":"https:\/\/grabowiec.pl\/ug\/wp-content\/uploads\/2023\/02\/grab-herb.png","contentUrl":"https:\/\/grabowiec.pl\/ug\/wp-content\/uploads\/2023\/02\/grab-herb.png","width":500,"height":600,"caption":"GMINA GRABOWIEC"},"image":{"@id":"https:\/\/grabowiec.pl\/ug\/#\/schema\/logo\/image\/"}},{"@type":"Person","@id":"https:\/\/grabowiec.pl\/ug\/#\/schema\/person\/5985d73d5ee31f074e8352f4782bdf99","name":"GrabAdmin","image":{"@type":"ImageObject","inLanguage":"pl-PL","@id":"https:\/\/secure.gravatar.com\/avatar\/d282d70901c093d417c40ef93cb537ed734f8c89a218e980f2eb8806fb2268e4?s=96&d=mm&r=g","url":"https:\/\/secure.gravatar.com\/avatar\/d282d70901c093d417c40ef93cb537ed734f8c89a218e980f2eb8806fb2268e4?s=96&d=mm&r=g","contentUrl":"https:\/\/secure.gravatar.com\/avatar\/d282d70901c093d417c40ef93cb537ed734f8c89a218e980f2eb8806fb2268e4?s=96&d=mm&r=g","caption":"GrabAdmin"},"sameAs":["http:\/\/grabowiec.pl\/ug"],"url":"https:\/\/grabowiec.pl\/ug\/index.php\/author\/grabadmin\/"}]}},"_links":{"self":[{"href":"https:\/\/grabowiec.pl\/ug\/index.php\/wp-json\/wp\/v2\/posts\/6121","targetHints":{"allow":["GET"]}}],"collection":[{"href":"https:\/\/grabowiec.pl\/ug\/index.php\/wp-json\/wp\/v2\/posts"}],"about":[{"href":"https:\/\/grabowiec.pl\/ug\/index.php\/wp-json\/wp\/v2\/types\/post"}],"author":[{"embeddable":true,"href":"https:\/\/grabowiec.pl\/ug\/index.php\/wp-json\/wp\/v2\/users\/1"}],"replies":[{"embeddable":true,"href":"https:\/\/grabowiec.pl\/ug\/index.php\/wp-json\/wp\/v2\/comments?post=6121"}],"version-history":[{"count":2,"href":"https:\/\/grabowiec.pl\/ug\/index.php\/wp-json\/wp\/v2\/posts\/6121\/revisions"}],"predecessor-version":[{"id":6123,"href":"https:\/\/grabowiec.pl\/ug\/index.php\/wp-json\/wp\/v2\/posts\/6121\/revisions\/6123"}],"wp:attachment":[{"href":"https:\/\/grabowiec.pl\/ug\/index.php\/wp-json\/wp\/v2\/media?parent=6121"}],"wp:term":[{"taxonomy":"category","embeddable":true,"href":"https:\/\/grabowiec.pl\/ug\/index.php\/wp-json\/wp\/v2\/categories?post=6121"},{"taxonomy":"post_tag","embeddable":true,"href":"https:\/\/grabowiec.pl\/ug\/index.php\/wp-json\/wp\/v2\/tags?post=6121"}],"curies":[{"name":"wp","href":"https:\/\/api.w.org\/{rel}","templated":true}]}}