{"id":6125,"date":"2026-04-27T08:31:01","date_gmt":"2026-04-27T06:31:01","guid":{"rendered":"https:\/\/grabowiec.pl\/ug\/?p=6125"},"modified":"2026-04-27T08:31:02","modified_gmt":"2026-04-27T06:31:02","slug":"32-jarmark-hetmanski-festiwal-produktu-lokalnego","status":"publish","type":"post","link":"https:\/\/grabowiec.pl\/ug\/index.php\/2026\/04\/27\/32-jarmark-hetmanski-festiwal-produktu-lokalnego\/","title":{"rendered":"32. Jarmark Hetma\u0144ski- Festiwal Produktu Lokalnego"},"content":{"rendered":"\n<p><strong>Zapraszamy do udzia\u0142u&nbsp;w 32. Jarmarku Hetma\u0144skim&nbsp;\u2013 Festiwalu Produktu Lokalnego<\/strong><\/p>\n\n\n\n<p>6 &#8211; 7 czerwca 2026 r. Zesp\u00f3\u0142 Staromiejski w Zamo\u015bciu<\/p>\n\n\n\n<p><strong>Zg\u0142oszenia przyjmujemy do 29 maja 2026 r.<\/strong><\/p>\n\n\n\n<p>Prosimy o zapoznanie si\u0119 z Regulaminem Jarmarku (do pobrania poni\u017cej).<\/p>\n\n\n\n<p><strong>W programie:<br><\/strong>&#8211; Targi: Sztuki Ludowej, Rzemios\u0142a Artystycznego, Kolekcjonerskie<br>&#8211; Promocja i prezentacja produktu lokalnego<br>&#8211; Promocja firm i instytucji<\/p>\n\n\n\n<p><strong>Warunki udzia\u0142u \u2013 odp\u0142atno\u015b\u0107:<\/strong><br>Prezentacja i promocja produkt\u00f3w lokalnych, rzemios\u0142a artystycznego, firm i instytucji po\u0142\u0105czona ze sprzeda\u017c\u0105 za odp\u0142atno\u015bci\u0105 wg poni\u017cszego cennika:<\/p>\n\n\n\n<p>Zakupu stoiska na Rynku Wielkim wystawca dokonuje poprzez wyb\u00f3r konkretnego miejsca z planu przygotowanego przez Organizatora. Zakupi\u0107 mo\u017cna miejsca oznaczone w legendzie jako \u201estoiska spo\u017cywcze\u201d i \u201er\u0119kodzie\u0142o i inne\u201d wg poni\u017cszego cennika:<br>1. Stoiska 1-14: 60 z\u0142 za 1m\u00b2 \/ 1 dzie\u0144<br>2. Stoiska 15-18: 50 z\u0142 za 1m\u00b2 \/ 1 dzie\u0144<br>3. Stoiska 19-85: 40 z\u0142 za 1m\u00b2 \/ 1 dzie\u0144<br>4. Wolna powierzchnia reklamowa dla firm i instytucji: 1 dzie\u0144 80 z\u0142 \/brutto\/ za 1 m2<br>5. W sytuacji, kiedy wystawca w dniu 6 lub 7 czerwca 2026 roku zechce wystawi\u0107 swoje stoisko bez wcze\u015bniejszego zg\u0142oszenia, w\u00f3wczas wysoko\u015b\u0107 op\u0142aty wynosi\u0107 b\u0119dzie 70 z\u0142 za 1m<sup>2<\/sup> za 1 dzie\u0144.<br>5. Udost\u0119pnienie przy\u0142\u0105cza energii elektrycznej \u2013 wy\u0142\u0105cznie dla stoisk spo\u017cywczych (niezb\u0119dne jest posiadanie w\u0142asnych przed\u0142u\u017caczy)<br>&#8211; 220 V x 2 dni 70 z\u0142 \/brutto\/<br>&#8211; 380 V x 2 dni 100 z\u0142 \/brutto\/<\/p>\n\n\n\n<p>Zawieszenie baneru, ustawienie balonu reklamowego &#8211; op\u0142ata do negocjacji.<\/p>\n\n\n\n<p><strong>Kolekcjonerzy :<\/strong><br>Wolna powierzchnia handlowa w zale\u017cno\u015bci od wielko\u015bci stoiska:<br>&#8211; do 4 m<sup>2<\/sup>\u2013 1 dzie\u0144 20 z\u0142 \/brutto\/ za 1 m<sup>2<\/sup><br>&#8211; powy\u017cej 4 m<sup>2<\/sup>\u20131 dzie\u0144 40 z\u0142\/brutto\/ za 1 m<sup>2<\/sup><\/p>\n\n\n<div class=\"wp-block-image\">\n<figure class=\"aligncenter size-full\"><img loading=\"lazy\" decoding=\"async\" width=\"675\" height=\"675\" src=\"https:\/\/grabowiec.pl\/ug\/wp-content\/uploads\/2026\/04\/insta-Odzyskane-JARMARK-26.jpg\" alt=\"\" class=\"wp-image-6127\" srcset=\"https:\/\/grabowiec.pl\/ug\/wp-content\/uploads\/2026\/04\/insta-Odzyskane-JARMARK-26.jpg 675w, https:\/\/grabowiec.pl\/ug\/wp-content\/uploads\/2026\/04\/insta-Odzyskane-JARMARK-26-300x300.jpg 300w, https:\/\/grabowiec.pl\/ug\/wp-content\/uploads\/2026\/04\/insta-Odzyskane-JARMARK-26-150x150.jpg 150w\" sizes=\"auto, (max-width: 675px) 100vw, 675px\" \/><\/figure>\n<\/div>\n\n\n<p class=\"has-large-font-size\"><strong><a href=\"https:\/\/zdk.zamosc.pl\/media\/uploads\/attach\/2026-04\/11300_karta-zgloszenia-jarmark-hetmanski-2026.pdf\" target=\"_blank\" rel=\"noreferrer noopener\">KARTA ZG\u0141OSZENIA<\/a><\/strong><\/p>\n\n\n\n<p class=\"has-large-font-size\"><strong><a href=\"https:\/\/zdk.zamosc.pl\/media\/uploads\/attach\/2026-04\/11302_regulamin-jarmarku-hetmanskiego-2026-.pdf\" target=\"_blank\" rel=\"noreferrer noopener\">REGULAMIN<\/a><\/strong><\/p>\n\n\n\n<p class=\"has-large-font-size\"><strong><a href=\"https:\/\/zdk.zamosc.pl\/media\/uploads\/attach\/2026-04\/11303_jarmark-plan-stoiska-2026.pdf\" target=\"_blank\" rel=\"noreferrer noopener\">PLAN STOISK<\/a><\/strong><\/p>\n","protected":false},"excerpt":{"rendered":"<p>Zapraszamy do udzia\u0142u&nbsp;w 32. Jarmarku Hetma\u0144skim&nbsp;\u2013 Festiwalu Produktu Lokalnego 6 &#8211; 7 czerwca 2026 r. &hellip;<\/p>\n","protected":false},"author":1,"featured_media":6127,"comment_status":"closed","ping_status":"closed","sticky":false,"template":"","format":"standard","meta":{"footnotes":""},"categories":[9],"tags":[],"class_list":["post-6125","post","type-post","status-publish","format-standard","has-post-thumbnail","hentry","category-ogloszenia"],"author_data":{"name":"GrabAdmin","url":"https:\/\/grabowiec.pl\/ug\/index.php\/author\/grabadmin\/"},"excerpt_data":"Zapraszamy do udzia\u0142u&nbsp;w 32. Jarmarku Hetma\u0144skim&nbsp;\u2013 Festiwalu Produktu Lokalnego 6 - 7 czerwca 2026 r....","categories_data":{"9":{"term_id":9,"name":"OG\u0141OSZENIA","slug":"ogloszenia","term_group":0,"term_taxonomy_id":9,"taxonomy":"category","description":"","parent":0,"count":160,"filter":"raw","cat_ID":9,"category_count":160,"category_description":"","cat_name":"OG\u0141OSZENIA","category_nicename":"ogloszenia","category_parent":0}},"featured_image_src":"https:\/\/grabowiec.pl\/ug\/wp-content\/uploads\/2026\/04\/insta-Odzyskane-JARMARK-26.jpg","date_formated":"2026-04-27","yoast_head":"<!-- This site is optimized with the Yoast SEO plugin v27.5 - https:\/\/yoast.com\/product\/yoast-seo-wordpress\/ -->\n<title>32. Jarmark Hetma\u0144ski- Festiwal Produktu Lokalnego - GMINA GRABOWIEC<\/title>\n<meta name=\"robots\" content=\"index, follow, max-snippet:-1, max-image-preview:large, max-video-preview:-1\" \/>\n<link rel=\"canonical\" href=\"https:\/\/grabowiec.pl\/ug\/index.php\/2026\/04\/27\/32-jarmark-hetmanski-festiwal-produktu-lokalnego\/\" \/>\n<meta property=\"og:locale\" content=\"pl_PL\" \/>\n<meta property=\"og:type\" content=\"article\" \/>\n<meta property=\"og:title\" content=\"32. Jarmark Hetma\u0144ski- Festiwal Produktu Lokalnego - GMINA GRABOWIEC\" \/>\n<meta property=\"og:description\" content=\"Zapraszamy do udzia\u0142u&nbsp;w 32. Jarmarku Hetma\u0144skim&nbsp;\u2013 Festiwalu Produktu Lokalnego 6 &#8211; 7 czerwca 2026 r. &hellip;\" \/>\n<meta property=\"og:url\" content=\"https:\/\/grabowiec.pl\/ug\/index.php\/2026\/04\/27\/32-jarmark-hetmanski-festiwal-produktu-lokalnego\/\" \/>\n<meta property=\"og:site_name\" content=\"GMINA GRABOWIEC\" \/>\n<meta property=\"article:published_time\" content=\"2026-04-27T06:31:01+00:00\" \/>\n<meta property=\"article:modified_time\" content=\"2026-04-27T06:31:02+00:00\" \/>\n<meta property=\"og:image\" content=\"https:\/\/grabowiec.pl\/ug\/wp-content\/uploads\/2026\/04\/insta-Odzyskane-JARMARK-26.jpg\" \/>\n\t<meta property=\"og:image:width\" content=\"675\" \/>\n\t<meta property=\"og:image:height\" content=\"675\" \/>\n\t<meta property=\"og:image:type\" content=\"image\/jpeg\" \/>\n<meta name=\"author\" content=\"GrabAdmin\" \/>\n<meta name=\"twitter:card\" content=\"summary_large_image\" \/>\n<meta name=\"twitter:label1\" content=\"Napisane przez\" \/>\n\t<meta name=\"twitter:data1\" content=\"GrabAdmin\" \/>\n\t<meta name=\"twitter:label2\" content=\"Szacowany czas czytania\" \/>\n\t<meta name=\"twitter:data2\" content=\"2 minuty\" \/>\n<script type=\"application\/ld+json\" class=\"yoast-schema-graph\">{\"@context\":\"https:\\\/\\\/schema.org\",\"@graph\":[{\"@type\":\"Article\",\"@id\":\"https:\\\/\\\/grabowiec.pl\\\/ug\\\/index.php\\\/2026\\\/04\\\/27\\\/32-jarmark-hetmanski-festiwal-produktu-lokalnego\\\/#article\",\"isPartOf\":{\"@id\":\"https:\\\/\\\/grabowiec.pl\\\/ug\\\/index.php\\\/2026\\\/04\\\/27\\\/32-jarmark-hetmanski-festiwal-produktu-lokalnego\\\/\"},\"author\":{\"name\":\"GrabAdmin\",\"@id\":\"https:\\\/\\\/grabowiec.pl\\\/ug\\\/#\\\/schema\\\/person\\\/5985d73d5ee31f074e8352f4782bdf99\"},\"headline\":\"32. Jarmark Hetma\u0144ski- Festiwal Produktu Lokalnego\",\"datePublished\":\"2026-04-27T06:31:01+00:00\",\"dateModified\":\"2026-04-27T06:31:02+00:00\",\"mainEntityOfPage\":{\"@id\":\"https:\\\/\\\/grabowiec.pl\\\/ug\\\/index.php\\\/2026\\\/04\\\/27\\\/32-jarmark-hetmanski-festiwal-produktu-lokalnego\\\/\"},\"wordCount\":269,\"publisher\":{\"@id\":\"https:\\\/\\\/grabowiec.pl\\\/ug\\\/#organization\"},\"image\":{\"@id\":\"https:\\\/\\\/grabowiec.pl\\\/ug\\\/index.php\\\/2026\\\/04\\\/27\\\/32-jarmark-hetmanski-festiwal-produktu-lokalnego\\\/#primaryimage\"},\"thumbnailUrl\":\"https:\\\/\\\/grabowiec.pl\\\/ug\\\/wp-content\\\/uploads\\\/2026\\\/04\\\/insta-Odzyskane-JARMARK-26.jpg\",\"articleSection\":[\"OG\u0141OSZENIA\"],\"inLanguage\":\"pl-PL\"},{\"@type\":\"WebPage\",\"@id\":\"https:\\\/\\\/grabowiec.pl\\\/ug\\\/index.php\\\/2026\\\/04\\\/27\\\/32-jarmark-hetmanski-festiwal-produktu-lokalnego\\\/\",\"url\":\"https:\\\/\\\/grabowiec.pl\\\/ug\\\/index.php\\\/2026\\\/04\\\/27\\\/32-jarmark-hetmanski-festiwal-produktu-lokalnego\\\/\",\"name\":\"32. Jarmark Hetma\u0144ski- Festiwal Produktu Lokalnego - GMINA GRABOWIEC\",\"isPartOf\":{\"@id\":\"https:\\\/\\\/grabowiec.pl\\\/ug\\\/#website\"},\"primaryImageOfPage\":{\"@id\":\"https:\\\/\\\/grabowiec.pl\\\/ug\\\/index.php\\\/2026\\\/04\\\/27\\\/32-jarmark-hetmanski-festiwal-produktu-lokalnego\\\/#primaryimage\"},\"image\":{\"@id\":\"https:\\\/\\\/grabowiec.pl\\\/ug\\\/index.php\\\/2026\\\/04\\\/27\\\/32-jarmark-hetmanski-festiwal-produktu-lokalnego\\\/#primaryimage\"},\"thumbnailUrl\":\"https:\\\/\\\/grabowiec.pl\\\/ug\\\/wp-content\\\/uploads\\\/2026\\\/04\\\/insta-Odzyskane-JARMARK-26.jpg\",\"datePublished\":\"2026-04-27T06:31:01+00:00\",\"dateModified\":\"2026-04-27T06:31:02+00:00\",\"breadcrumb\":{\"@id\":\"https:\\\/\\\/grabowiec.pl\\\/ug\\\/index.php\\\/2026\\\/04\\\/27\\\/32-jarmark-hetmanski-festiwal-produktu-lokalnego\\\/#breadcrumb\"},\"inLanguage\":\"pl-PL\",\"potentialAction\":[{\"@type\":\"ReadAction\",\"target\":[\"https:\\\/\\\/grabowiec.pl\\\/ug\\\/index.php\\\/2026\\\/04\\\/27\\\/32-jarmark-hetmanski-festiwal-produktu-lokalnego\\\/\"]}]},{\"@type\":\"ImageObject\",\"inLanguage\":\"pl-PL\",\"@id\":\"https:\\\/\\\/grabowiec.pl\\\/ug\\\/index.php\\\/2026\\\/04\\\/27\\\/32-jarmark-hetmanski-festiwal-produktu-lokalnego\\\/#primaryimage\",\"url\":\"https:\\\/\\\/grabowiec.pl\\\/ug\\\/wp-content\\\/uploads\\\/2026\\\/04\\\/insta-Odzyskane-JARMARK-26.jpg\",\"contentUrl\":\"https:\\\/\\\/grabowiec.pl\\\/ug\\\/wp-content\\\/uploads\\\/2026\\\/04\\\/insta-Odzyskane-JARMARK-26.jpg\",\"width\":675,\"height\":675},{\"@type\":\"BreadcrumbList\",\"@id\":\"https:\\\/\\\/grabowiec.pl\\\/ug\\\/index.php\\\/2026\\\/04\\\/27\\\/32-jarmark-hetmanski-festiwal-produktu-lokalnego\\\/#breadcrumb\",\"itemListElement\":[{\"@type\":\"ListItem\",\"position\":1,\"name\":\"Strona g\u0142\u00f3wna\",\"item\":\"https:\\\/\\\/grabowiec.pl\\\/ug\\\/\"},{\"@type\":\"ListItem\",\"position\":2,\"name\":\"32. Jarmark Hetma\u0144ski- Festiwal Produktu Lokalnego\"}]},{\"@type\":\"WebSite\",\"@id\":\"https:\\\/\\\/grabowiec.pl\\\/ug\\\/#website\",\"url\":\"https:\\\/\\\/grabowiec.pl\\\/ug\\\/\",\"name\":\"GMINA GRABOWIEC\",\"description\":\"\",\"publisher\":{\"@id\":\"https:\\\/\\\/grabowiec.pl\\\/ug\\\/#organization\"},\"potentialAction\":[{\"@type\":\"SearchAction\",\"target\":{\"@type\":\"EntryPoint\",\"urlTemplate\":\"https:\\\/\\\/grabowiec.pl\\\/ug\\\/?s={search_term_string}\"},\"query-input\":{\"@type\":\"PropertyValueSpecification\",\"valueRequired\":true,\"valueName\":\"search_term_string\"}}],\"inLanguage\":\"pl-PL\"},{\"@type\":\"Organization\",\"@id\":\"https:\\\/\\\/grabowiec.pl\\\/ug\\\/#organization\",\"name\":\"GMINA GRABOWIEC\",\"url\":\"https:\\\/\\\/grabowiec.pl\\\/ug\\\/\",\"logo\":{\"@type\":\"ImageObject\",\"inLanguage\":\"pl-PL\",\"@id\":\"https:\\\/\\\/grabowiec.pl\\\/ug\\\/#\\\/schema\\\/logo\\\/image\\\/\",\"url\":\"https:\\\/\\\/grabowiec.pl\\\/ug\\\/wp-content\\\/uploads\\\/2023\\\/02\\\/grab-herb.png\",\"contentUrl\":\"https:\\\/\\\/grabowiec.pl\\\/ug\\\/wp-content\\\/uploads\\\/2023\\\/02\\\/grab-herb.png\",\"width\":500,\"height\":600,\"caption\":\"GMINA GRABOWIEC\"},\"image\":{\"@id\":\"https:\\\/\\\/grabowiec.pl\\\/ug\\\/#\\\/schema\\\/logo\\\/image\\\/\"}},{\"@type\":\"Person\",\"@id\":\"https:\\\/\\\/grabowiec.pl\\\/ug\\\/#\\\/schema\\\/person\\\/5985d73d5ee31f074e8352f4782bdf99\",\"name\":\"GrabAdmin\",\"image\":{\"@type\":\"ImageObject\",\"inLanguage\":\"pl-PL\",\"@id\":\"https:\\\/\\\/secure.gravatar.com\\\/avatar\\\/d282d70901c093d417c40ef93cb537ed734f8c89a218e980f2eb8806fb2268e4?s=96&d=mm&r=g\",\"url\":\"https:\\\/\\\/secure.gravatar.com\\\/avatar\\\/d282d70901c093d417c40ef93cb537ed734f8c89a218e980f2eb8806fb2268e4?s=96&d=mm&r=g\",\"contentUrl\":\"https:\\\/\\\/secure.gravatar.com\\\/avatar\\\/d282d70901c093d417c40ef93cb537ed734f8c89a218e980f2eb8806fb2268e4?s=96&d=mm&r=g\",\"caption\":\"GrabAdmin\"},\"sameAs\":[\"http:\\\/\\\/grabowiec.pl\\\/ug\"],\"url\":\"https:\\\/\\\/grabowiec.pl\\\/ug\\\/index.php\\\/author\\\/grabadmin\\\/\"}]}<\/script>\n<!-- \/ Yoast SEO plugin. -->","yoast_head_json":{"title":"32. Jarmark Hetma\u0144ski- Festiwal Produktu Lokalnego - GMINA GRABOWIEC","robots":{"index":"index","follow":"follow","max-snippet":"max-snippet:-1","max-image-preview":"max-image-preview:large","max-video-preview":"max-video-preview:-1"},"canonical":"https:\/\/grabowiec.pl\/ug\/index.php\/2026\/04\/27\/32-jarmark-hetmanski-festiwal-produktu-lokalnego\/","og_locale":"pl_PL","og_type":"article","og_title":"32. Jarmark Hetma\u0144ski- Festiwal Produktu Lokalnego - GMINA GRABOWIEC","og_description":"Zapraszamy do udzia\u0142u&nbsp;w 32. Jarmarku Hetma\u0144skim&nbsp;\u2013 Festiwalu Produktu Lokalnego 6 &#8211; 7 czerwca 2026 r. &hellip;","og_url":"https:\/\/grabowiec.pl\/ug\/index.php\/2026\/04\/27\/32-jarmark-hetmanski-festiwal-produktu-lokalnego\/","og_site_name":"GMINA GRABOWIEC","article_published_time":"2026-04-27T06:31:01+00:00","article_modified_time":"2026-04-27T06:31:02+00:00","og_image":[{"width":675,"height":675,"url":"https:\/\/grabowiec.pl\/ug\/wp-content\/uploads\/2026\/04\/insta-Odzyskane-JARMARK-26.jpg","type":"image\/jpeg"}],"author":"GrabAdmin","twitter_card":"summary_large_image","twitter_misc":{"Napisane przez":"GrabAdmin","Szacowany czas czytania":"2 minuty"},"schema":{"@context":"https:\/\/schema.org","@graph":[{"@type":"Article","@id":"https:\/\/grabowiec.pl\/ug\/index.php\/2026\/04\/27\/32-jarmark-hetmanski-festiwal-produktu-lokalnego\/#article","isPartOf":{"@id":"https:\/\/grabowiec.pl\/ug\/index.php\/2026\/04\/27\/32-jarmark-hetmanski-festiwal-produktu-lokalnego\/"},"author":{"name":"GrabAdmin","@id":"https:\/\/grabowiec.pl\/ug\/#\/schema\/person\/5985d73d5ee31f074e8352f4782bdf99"},"headline":"32. Jarmark Hetma\u0144ski- Festiwal Produktu Lokalnego","datePublished":"2026-04-27T06:31:01+00:00","dateModified":"2026-04-27T06:31:02+00:00","mainEntityOfPage":{"@id":"https:\/\/grabowiec.pl\/ug\/index.php\/2026\/04\/27\/32-jarmark-hetmanski-festiwal-produktu-lokalnego\/"},"wordCount":269,"publisher":{"@id":"https:\/\/grabowiec.pl\/ug\/#organization"},"image":{"@id":"https:\/\/grabowiec.pl\/ug\/index.php\/2026\/04\/27\/32-jarmark-hetmanski-festiwal-produktu-lokalnego\/#primaryimage"},"thumbnailUrl":"https:\/\/grabowiec.pl\/ug\/wp-content\/uploads\/2026\/04\/insta-Odzyskane-JARMARK-26.jpg","articleSection":["OG\u0141OSZENIA"],"inLanguage":"pl-PL"},{"@type":"WebPage","@id":"https:\/\/grabowiec.pl\/ug\/index.php\/2026\/04\/27\/32-jarmark-hetmanski-festiwal-produktu-lokalnego\/","url":"https:\/\/grabowiec.pl\/ug\/index.php\/2026\/04\/27\/32-jarmark-hetmanski-festiwal-produktu-lokalnego\/","name":"32. Jarmark Hetma\u0144ski- Festiwal Produktu Lokalnego - GMINA GRABOWIEC","isPartOf":{"@id":"https:\/\/grabowiec.pl\/ug\/#website"},"primaryImageOfPage":{"@id":"https:\/\/grabowiec.pl\/ug\/index.php\/2026\/04\/27\/32-jarmark-hetmanski-festiwal-produktu-lokalnego\/#primaryimage"},"image":{"@id":"https:\/\/grabowiec.pl\/ug\/index.php\/2026\/04\/27\/32-jarmark-hetmanski-festiwal-produktu-lokalnego\/#primaryimage"},"thumbnailUrl":"https:\/\/grabowiec.pl\/ug\/wp-content\/uploads\/2026\/04\/insta-Odzyskane-JARMARK-26.jpg","datePublished":"2026-04-27T06:31:01+00:00","dateModified":"2026-04-27T06:31:02+00:00","breadcrumb":{"@id":"https:\/\/grabowiec.pl\/ug\/index.php\/2026\/04\/27\/32-jarmark-hetmanski-festiwal-produktu-lokalnego\/#breadcrumb"},"inLanguage":"pl-PL","potentialAction":[{"@type":"ReadAction","target":["https:\/\/grabowiec.pl\/ug\/index.php\/2026\/04\/27\/32-jarmark-hetmanski-festiwal-produktu-lokalnego\/"]}]},{"@type":"ImageObject","inLanguage":"pl-PL","@id":"https:\/\/grabowiec.pl\/ug\/index.php\/2026\/04\/27\/32-jarmark-hetmanski-festiwal-produktu-lokalnego\/#primaryimage","url":"https:\/\/grabowiec.pl\/ug\/wp-content\/uploads\/2026\/04\/insta-Odzyskane-JARMARK-26.jpg","contentUrl":"https:\/\/grabowiec.pl\/ug\/wp-content\/uploads\/2026\/04\/insta-Odzyskane-JARMARK-26.jpg","width":675,"height":675},{"@type":"BreadcrumbList","@id":"https:\/\/grabowiec.pl\/ug\/index.php\/2026\/04\/27\/32-jarmark-hetmanski-festiwal-produktu-lokalnego\/#breadcrumb","itemListElement":[{"@type":"ListItem","position":1,"name":"Strona g\u0142\u00f3wna","item":"https:\/\/grabowiec.pl\/ug\/"},{"@type":"ListItem","position":2,"name":"32. Jarmark Hetma\u0144ski- Festiwal Produktu Lokalnego"}]},{"@type":"WebSite","@id":"https:\/\/grabowiec.pl\/ug\/#website","url":"https:\/\/grabowiec.pl\/ug\/","name":"GMINA GRABOWIEC","description":"","publisher":{"@id":"https:\/\/grabowiec.pl\/ug\/#organization"},"potentialAction":[{"@type":"SearchAction","target":{"@type":"EntryPoint","urlTemplate":"https:\/\/grabowiec.pl\/ug\/?s={search_term_string}"},"query-input":{"@type":"PropertyValueSpecification","valueRequired":true,"valueName":"search_term_string"}}],"inLanguage":"pl-PL"},{"@type":"Organization","@id":"https:\/\/grabowiec.pl\/ug\/#organization","name":"GMINA GRABOWIEC","url":"https:\/\/grabowiec.pl\/ug\/","logo":{"@type":"ImageObject","inLanguage":"pl-PL","@id":"https:\/\/grabowiec.pl\/ug\/#\/schema\/logo\/image\/","url":"https:\/\/grabowiec.pl\/ug\/wp-content\/uploads\/2023\/02\/grab-herb.png","contentUrl":"https:\/\/grabowiec.pl\/ug\/wp-content\/uploads\/2023\/02\/grab-herb.png","width":500,"height":600,"caption":"GMINA GRABOWIEC"},"image":{"@id":"https:\/\/grabowiec.pl\/ug\/#\/schema\/logo\/image\/"}},{"@type":"Person","@id":"https:\/\/grabowiec.pl\/ug\/#\/schema\/person\/5985d73d5ee31f074e8352f4782bdf99","name":"GrabAdmin","image":{"@type":"ImageObject","inLanguage":"pl-PL","@id":"https:\/\/secure.gravatar.com\/avatar\/d282d70901c093d417c40ef93cb537ed734f8c89a218e980f2eb8806fb2268e4?s=96&d=mm&r=g","url":"https:\/\/secure.gravatar.com\/avatar\/d282d70901c093d417c40ef93cb537ed734f8c89a218e980f2eb8806fb2268e4?s=96&d=mm&r=g","contentUrl":"https:\/\/secure.gravatar.com\/avatar\/d282d70901c093d417c40ef93cb537ed734f8c89a218e980f2eb8806fb2268e4?s=96&d=mm&r=g","caption":"GrabAdmin"},"sameAs":["http:\/\/grabowiec.pl\/ug"],"url":"https:\/\/grabowiec.pl\/ug\/index.php\/author\/grabadmin\/"}]}},"_links":{"self":[{"href":"https:\/\/grabowiec.pl\/ug\/index.php\/wp-json\/wp\/v2\/posts\/6125","targetHints":{"allow":["GET"]}}],"collection":[{"href":"https:\/\/grabowiec.pl\/ug\/index.php\/wp-json\/wp\/v2\/posts"}],"about":[{"href":"https:\/\/grabowiec.pl\/ug\/index.php\/wp-json\/wp\/v2\/types\/post"}],"author":[{"embeddable":true,"href":"https:\/\/grabowiec.pl\/ug\/index.php\/wp-json\/wp\/v2\/users\/1"}],"replies":[{"embeddable":true,"href":"https:\/\/grabowiec.pl\/ug\/index.php\/wp-json\/wp\/v2\/comments?post=6125"}],"version-history":[{"count":1,"href":"https:\/\/grabowiec.pl\/ug\/index.php\/wp-json\/wp\/v2\/posts\/6125\/revisions"}],"predecessor-version":[{"id":6128,"href":"https:\/\/grabowiec.pl\/ug\/index.php\/wp-json\/wp\/v2\/posts\/6125\/revisions\/6128"}],"wp:featuredmedia":[{"embeddable":true,"href":"https:\/\/grabowiec.pl\/ug\/index.php\/wp-json\/wp\/v2\/media\/6127"}],"wp:attachment":[{"href":"https:\/\/grabowiec.pl\/ug\/index.php\/wp-json\/wp\/v2\/media?parent=6125"}],"wp:term":[{"taxonomy":"category","embeddable":true,"href":"https:\/\/grabowiec.pl\/ug\/index.php\/wp-json\/wp\/v2\/categories?post=6125"},{"taxonomy":"post_tag","embeddable":true,"href":"https:\/\/grabowiec.pl\/ug\/index.php\/wp-json\/wp\/v2\/tags?post=6125"}],"curies":[{"name":"wp","href":"https:\/\/api.w.org\/{rel}","templated":true}]}}