{"id":6129,"date":"2026-04-27T08:32:46","date_gmt":"2026-04-27T06:32:46","guid":{"rendered":"https:\/\/grabowiec.pl\/ug\/?p=6129"},"modified":"2026-04-27T08:32:47","modified_gmt":"2026-04-27T06:32:47","slug":"konkurs-potraw-smaki-zamoscia-i-roztocza","status":"publish","type":"post","link":"https:\/\/grabowiec.pl\/ug\/index.php\/2026\/04\/27\/konkurs-potraw-smaki-zamoscia-i-roztocza\/","title":{"rendered":"Konkurs Potraw \u201eSmaki Zamo\u015bcia i Roztocza\u201d"},"content":{"rendered":"\n<p>Zamojski Dom Kultury, Miasto Zamo\u015b\u0107 i Lokalna Organizacja Turystyczna \u201eZamo\u015b\u0107 i Roztocze\u201d serdecznie zapraszaj\u0105 do udzia\u0142u w Konkursie Potraw \u201eSmaki Zamo\u015bcia i Roztocza\u201d<\/p>\n\n\n\n<p><strong>Cele konkursu<\/strong>:<br>&#8211; promocja kuchni i tradycji kulinarnych Zamo\u015bcia i Roztocza,<br>&#8211; kultywowanie i odtworzenie potraw kuchni narod\u00f3w, kt\u00f3re kszta\u0142towa\u0142y kultur\u0119 kulinarn\u0105 Zamo\u015bcia i Roztocza,<br>&#8211; podnoszenie atrakcyjno\u015bci turystycznej Zamo\u015bcia i Roztocza,<br>&#8211; promowanie producent\u00f3w \u017cywno\u015bci i regionalnych potraw,<br>&#8211; promocja i dokumentowanie regionalnych produkt\u00f3w \u017cywno\u015bciowych, osadzonych w tradycji, od lat wytwarzanych tymi samymi metodami i wed\u0142ug tych samych receptur.<\/p>\n\n\n\n<p><strong>Warunki uczestnictwa:<\/strong><\/p>\n\n\n\n<p>W konkursie mog\u0105 bra\u0107 udzia\u0142 podmioty prawne i fizyczne.<\/p>\n\n\n\n<p>Konkurs przeprowadzony b\u0119dzie w trzech kategoriach:<br>a) wyroby regionalne,<br>b) ciasta\/desery,<br>c) nalewki\/napoje<\/p>\n\n\n\n<p><strong>Karty zg\u0142oszenia do konkursu nale\u017cy dostarczy\u0107 do 25 maja 2026 r.<\/strong> drog\u0105 elektroniczn\u0105 na adres e-mail: organizacja@zdk.zamosc.pl wpisuj\u0105c w temacie: \u201ekonkurs potraw\u201d lub poczt\u0105 na adres: 22-400 Zamo\u015b\u0107 ul. Partyzant\u00f3w 13.<\/p>\n\n\n\n<p class=\"has-large-font-size\"><a href=\"https:\/\/zdk.zamosc.pl\/media\/uploads\/attach\/2026-04\/11400_2601_festiwal-produktu-lokalnego-regulamin2026.pdf\">REGULAMIN<\/a><\/p>\n\n\n\n<p class=\"has-text-align-left has-large-font-size\"><a href=\"https:\/\/zdk.zamosc.pl\/media\/uploads\/attach\/2026-04\/11401_festiwal-produktu-lokalnego-karta-potrawy-2026.pdf\">FORMULARZ ZG\u0141OSZENIOWY<\/a><\/p>\n\n\n<div class=\"wp-block-image\">\n<figure class=\"aligncenter size-full\"><img loading=\"lazy\" decoding=\"async\" width=\"958\" height=\"642\" src=\"https:\/\/grabowiec.pl\/ug\/wp-content\/uploads\/2026\/04\/konkurs-potraw-2026-grafika.jpg\" alt=\"\" class=\"wp-image-6130\" srcset=\"https:\/\/grabowiec.pl\/ug\/wp-content\/uploads\/2026\/04\/konkurs-potraw-2026-grafika.jpg 958w, https:\/\/grabowiec.pl\/ug\/wp-content\/uploads\/2026\/04\/konkurs-potraw-2026-grafika-300x201.jpg 300w, https:\/\/grabowiec.pl\/ug\/wp-content\/uploads\/2026\/04\/konkurs-potraw-2026-grafika-768x515.jpg 768w, https:\/\/grabowiec.pl\/ug\/wp-content\/uploads\/2026\/04\/konkurs-potraw-2026-grafika-388x260.jpg 388w\" sizes=\"auto, (max-width: 958px) 100vw, 958px\" \/><\/figure>\n<\/div>","protected":false},"excerpt":{"rendered":"<p>Zamojski Dom Kultury, Miasto Zamo\u015b\u0107 i Lokalna Organizacja Turystyczna \u201eZamo\u015b\u0107 i Roztocze\u201d serdecznie zapraszaj\u0105 do &hellip;<\/p>\n","protected":false},"author":1,"featured_media":6130,"comment_status":"closed","ping_status":"closed","sticky":false,"template":"","format":"standard","meta":{"footnotes":""},"categories":[9],"tags":[],"class_list":["post-6129","post","type-post","status-publish","format-standard","has-post-thumbnail","hentry","category-ogloszenia"],"author_data":{"name":"GrabAdmin","url":"https:\/\/grabowiec.pl\/ug\/index.php\/author\/grabadmin\/"},"excerpt_data":"Zamojski Dom Kultury, Miasto Zamo\u015b\u0107 i Lokalna Organizacja Turystyczna \u201eZamo\u015b\u0107 i Roztocze\u201d serdecznie zapraszaj\u0105 do...","categories_data":{"9":{"term_id":9,"name":"OG\u0141OSZENIA","slug":"ogloszenia","term_group":0,"term_taxonomy_id":9,"taxonomy":"category","description":"","parent":0,"count":160,"filter":"raw","cat_ID":9,"category_count":160,"category_description":"","cat_name":"OG\u0141OSZENIA","category_nicename":"ogloszenia","category_parent":0}},"featured_image_src":"https:\/\/grabowiec.pl\/ug\/wp-content\/uploads\/2026\/04\/konkurs-potraw-2026-grafika.jpg","date_formated":"2026-04-27","yoast_head":"<!-- This site is optimized with the Yoast SEO plugin v27.5 - https:\/\/yoast.com\/product\/yoast-seo-wordpress\/ -->\n<title>Konkurs Potraw \u201eSmaki Zamo\u015bcia i Roztocza\u201d - GMINA GRABOWIEC<\/title>\n<meta name=\"robots\" content=\"index, follow, max-snippet:-1, max-image-preview:large, max-video-preview:-1\" \/>\n<link rel=\"canonical\" href=\"https:\/\/grabowiec.pl\/ug\/index.php\/2026\/04\/27\/konkurs-potraw-smaki-zamoscia-i-roztocza\/\" \/>\n<meta property=\"og:locale\" content=\"pl_PL\" \/>\n<meta property=\"og:type\" content=\"article\" \/>\n<meta property=\"og:title\" content=\"Konkurs Potraw \u201eSmaki Zamo\u015bcia i Roztocza\u201d - GMINA GRABOWIEC\" \/>\n<meta property=\"og:description\" content=\"Zamojski Dom Kultury, Miasto Zamo\u015b\u0107 i Lokalna Organizacja Turystyczna \u201eZamo\u015b\u0107 i Roztocze\u201d serdecznie zapraszaj\u0105 do &hellip;\" \/>\n<meta property=\"og:url\" content=\"https:\/\/grabowiec.pl\/ug\/index.php\/2026\/04\/27\/konkurs-potraw-smaki-zamoscia-i-roztocza\/\" \/>\n<meta property=\"og:site_name\" content=\"GMINA GRABOWIEC\" \/>\n<meta property=\"article:published_time\" content=\"2026-04-27T06:32:46+00:00\" \/>\n<meta property=\"article:modified_time\" content=\"2026-04-27T06:32:47+00:00\" \/>\n<meta property=\"og:image\" content=\"https:\/\/grabowiec.pl\/ug\/wp-content\/uploads\/2026\/04\/konkurs-potraw-2026-grafika.jpg\" \/>\n\t<meta property=\"og:image:width\" content=\"958\" \/>\n\t<meta property=\"og:image:height\" content=\"642\" \/>\n\t<meta property=\"og:image:type\" content=\"image\/jpeg\" \/>\n<meta name=\"author\" content=\"GrabAdmin\" \/>\n<meta name=\"twitter:card\" content=\"summary_large_image\" \/>\n<meta name=\"twitter:label1\" content=\"Napisane przez\" \/>\n\t<meta name=\"twitter:data1\" content=\"GrabAdmin\" \/>\n\t<meta name=\"twitter:label2\" content=\"Szacowany czas czytania\" \/>\n\t<meta name=\"twitter:data2\" content=\"2 minuty\" \/>\n<script type=\"application\/ld+json\" class=\"yoast-schema-graph\">{\"@context\":\"https:\\\/\\\/schema.org\",\"@graph\":[{\"@type\":\"Article\",\"@id\":\"https:\\\/\\\/grabowiec.pl\\\/ug\\\/index.php\\\/2026\\\/04\\\/27\\\/konkurs-potraw-smaki-zamoscia-i-roztocza\\\/#article\",\"isPartOf\":{\"@id\":\"https:\\\/\\\/grabowiec.pl\\\/ug\\\/index.php\\\/2026\\\/04\\\/27\\\/konkurs-potraw-smaki-zamoscia-i-roztocza\\\/\"},\"author\":{\"name\":\"GrabAdmin\",\"@id\":\"https:\\\/\\\/grabowiec.pl\\\/ug\\\/#\\\/schema\\\/person\\\/5985d73d5ee31f074e8352f4782bdf99\"},\"headline\":\"Konkurs Potraw \u201eSmaki Zamo\u015bcia i Roztocza\u201d\",\"datePublished\":\"2026-04-27T06:32:46+00:00\",\"dateModified\":\"2026-04-27T06:32:47+00:00\",\"mainEntityOfPage\":{\"@id\":\"https:\\\/\\\/grabowiec.pl\\\/ug\\\/index.php\\\/2026\\\/04\\\/27\\\/konkurs-potraw-smaki-zamoscia-i-roztocza\\\/\"},\"wordCount\":171,\"publisher\":{\"@id\":\"https:\\\/\\\/grabowiec.pl\\\/ug\\\/#organization\"},\"image\":{\"@id\":\"https:\\\/\\\/grabowiec.pl\\\/ug\\\/index.php\\\/2026\\\/04\\\/27\\\/konkurs-potraw-smaki-zamoscia-i-roztocza\\\/#primaryimage\"},\"thumbnailUrl\":\"https:\\\/\\\/grabowiec.pl\\\/ug\\\/wp-content\\\/uploads\\\/2026\\\/04\\\/konkurs-potraw-2026-grafika.jpg\",\"articleSection\":[\"OG\u0141OSZENIA\"],\"inLanguage\":\"pl-PL\"},{\"@type\":\"WebPage\",\"@id\":\"https:\\\/\\\/grabowiec.pl\\\/ug\\\/index.php\\\/2026\\\/04\\\/27\\\/konkurs-potraw-smaki-zamoscia-i-roztocza\\\/\",\"url\":\"https:\\\/\\\/grabowiec.pl\\\/ug\\\/index.php\\\/2026\\\/04\\\/27\\\/konkurs-potraw-smaki-zamoscia-i-roztocza\\\/\",\"name\":\"Konkurs Potraw \u201eSmaki Zamo\u015bcia i Roztocza\u201d - GMINA GRABOWIEC\",\"isPartOf\":{\"@id\":\"https:\\\/\\\/grabowiec.pl\\\/ug\\\/#website\"},\"primaryImageOfPage\":{\"@id\":\"https:\\\/\\\/grabowiec.pl\\\/ug\\\/index.php\\\/2026\\\/04\\\/27\\\/konkurs-potraw-smaki-zamoscia-i-roztocza\\\/#primaryimage\"},\"image\":{\"@id\":\"https:\\\/\\\/grabowiec.pl\\\/ug\\\/index.php\\\/2026\\\/04\\\/27\\\/konkurs-potraw-smaki-zamoscia-i-roztocza\\\/#primaryimage\"},\"thumbnailUrl\":\"https:\\\/\\\/grabowiec.pl\\\/ug\\\/wp-content\\\/uploads\\\/2026\\\/04\\\/konkurs-potraw-2026-grafika.jpg\",\"datePublished\":\"2026-04-27T06:32:46+00:00\",\"dateModified\":\"2026-04-27T06:32:47+00:00\",\"breadcrumb\":{\"@id\":\"https:\\\/\\\/grabowiec.pl\\\/ug\\\/index.php\\\/2026\\\/04\\\/27\\\/konkurs-potraw-smaki-zamoscia-i-roztocza\\\/#breadcrumb\"},\"inLanguage\":\"pl-PL\",\"potentialAction\":[{\"@type\":\"ReadAction\",\"target\":[\"https:\\\/\\\/grabowiec.pl\\\/ug\\\/index.php\\\/2026\\\/04\\\/27\\\/konkurs-potraw-smaki-zamoscia-i-roztocza\\\/\"]}]},{\"@type\":\"ImageObject\",\"inLanguage\":\"pl-PL\",\"@id\":\"https:\\\/\\\/grabowiec.pl\\\/ug\\\/index.php\\\/2026\\\/04\\\/27\\\/konkurs-potraw-smaki-zamoscia-i-roztocza\\\/#primaryimage\",\"url\":\"https:\\\/\\\/grabowiec.pl\\\/ug\\\/wp-content\\\/uploads\\\/2026\\\/04\\\/konkurs-potraw-2026-grafika.jpg\",\"contentUrl\":\"https:\\\/\\\/grabowiec.pl\\\/ug\\\/wp-content\\\/uploads\\\/2026\\\/04\\\/konkurs-potraw-2026-grafika.jpg\",\"width\":958,\"height\":642},{\"@type\":\"BreadcrumbList\",\"@id\":\"https:\\\/\\\/grabowiec.pl\\\/ug\\\/index.php\\\/2026\\\/04\\\/27\\\/konkurs-potraw-smaki-zamoscia-i-roztocza\\\/#breadcrumb\",\"itemListElement\":[{\"@type\":\"ListItem\",\"position\":1,\"name\":\"Strona g\u0142\u00f3wna\",\"item\":\"https:\\\/\\\/grabowiec.pl\\\/ug\\\/\"},{\"@type\":\"ListItem\",\"position\":2,\"name\":\"Konkurs Potraw \u201eSmaki Zamo\u015bcia i Roztocza\u201d\"}]},{\"@type\":\"WebSite\",\"@id\":\"https:\\\/\\\/grabowiec.pl\\\/ug\\\/#website\",\"url\":\"https:\\\/\\\/grabowiec.pl\\\/ug\\\/\",\"name\":\"GMINA GRABOWIEC\",\"description\":\"\",\"publisher\":{\"@id\":\"https:\\\/\\\/grabowiec.pl\\\/ug\\\/#organization\"},\"potentialAction\":[{\"@type\":\"SearchAction\",\"target\":{\"@type\":\"EntryPoint\",\"urlTemplate\":\"https:\\\/\\\/grabowiec.pl\\\/ug\\\/?s={search_term_string}\"},\"query-input\":{\"@type\":\"PropertyValueSpecification\",\"valueRequired\":true,\"valueName\":\"search_term_string\"}}],\"inLanguage\":\"pl-PL\"},{\"@type\":\"Organization\",\"@id\":\"https:\\\/\\\/grabowiec.pl\\\/ug\\\/#organization\",\"name\":\"GMINA GRABOWIEC\",\"url\":\"https:\\\/\\\/grabowiec.pl\\\/ug\\\/\",\"logo\":{\"@type\":\"ImageObject\",\"inLanguage\":\"pl-PL\",\"@id\":\"https:\\\/\\\/grabowiec.pl\\\/ug\\\/#\\\/schema\\\/logo\\\/image\\\/\",\"url\":\"https:\\\/\\\/grabowiec.pl\\\/ug\\\/wp-content\\\/uploads\\\/2023\\\/02\\\/grab-herb.png\",\"contentUrl\":\"https:\\\/\\\/grabowiec.pl\\\/ug\\\/wp-content\\\/uploads\\\/2023\\\/02\\\/grab-herb.png\",\"width\":500,\"height\":600,\"caption\":\"GMINA GRABOWIEC\"},\"image\":{\"@id\":\"https:\\\/\\\/grabowiec.pl\\\/ug\\\/#\\\/schema\\\/logo\\\/image\\\/\"}},{\"@type\":\"Person\",\"@id\":\"https:\\\/\\\/grabowiec.pl\\\/ug\\\/#\\\/schema\\\/person\\\/5985d73d5ee31f074e8352f4782bdf99\",\"name\":\"GrabAdmin\",\"image\":{\"@type\":\"ImageObject\",\"inLanguage\":\"pl-PL\",\"@id\":\"https:\\\/\\\/secure.gravatar.com\\\/avatar\\\/d282d70901c093d417c40ef93cb537ed734f8c89a218e980f2eb8806fb2268e4?s=96&d=mm&r=g\",\"url\":\"https:\\\/\\\/secure.gravatar.com\\\/avatar\\\/d282d70901c093d417c40ef93cb537ed734f8c89a218e980f2eb8806fb2268e4?s=96&d=mm&r=g\",\"contentUrl\":\"https:\\\/\\\/secure.gravatar.com\\\/avatar\\\/d282d70901c093d417c40ef93cb537ed734f8c89a218e980f2eb8806fb2268e4?s=96&d=mm&r=g\",\"caption\":\"GrabAdmin\"},\"sameAs\":[\"http:\\\/\\\/grabowiec.pl\\\/ug\"],\"url\":\"https:\\\/\\\/grabowiec.pl\\\/ug\\\/index.php\\\/author\\\/grabadmin\\\/\"}]}<\/script>\n<!-- \/ Yoast SEO plugin. -->","yoast_head_json":{"title":"Konkurs Potraw \u201eSmaki Zamo\u015bcia i Roztocza\u201d - GMINA GRABOWIEC","robots":{"index":"index","follow":"follow","max-snippet":"max-snippet:-1","max-image-preview":"max-image-preview:large","max-video-preview":"max-video-preview:-1"},"canonical":"https:\/\/grabowiec.pl\/ug\/index.php\/2026\/04\/27\/konkurs-potraw-smaki-zamoscia-i-roztocza\/","og_locale":"pl_PL","og_type":"article","og_title":"Konkurs Potraw \u201eSmaki Zamo\u015bcia i Roztocza\u201d - GMINA GRABOWIEC","og_description":"Zamojski Dom Kultury, Miasto Zamo\u015b\u0107 i Lokalna Organizacja Turystyczna \u201eZamo\u015b\u0107 i Roztocze\u201d serdecznie zapraszaj\u0105 do &hellip;","og_url":"https:\/\/grabowiec.pl\/ug\/index.php\/2026\/04\/27\/konkurs-potraw-smaki-zamoscia-i-roztocza\/","og_site_name":"GMINA GRABOWIEC","article_published_time":"2026-04-27T06:32:46+00:00","article_modified_time":"2026-04-27T06:32:47+00:00","og_image":[{"width":958,"height":642,"url":"https:\/\/grabowiec.pl\/ug\/wp-content\/uploads\/2026\/04\/konkurs-potraw-2026-grafika.jpg","type":"image\/jpeg"}],"author":"GrabAdmin","twitter_card":"summary_large_image","twitter_misc":{"Napisane przez":"GrabAdmin","Szacowany czas czytania":"2 minuty"},"schema":{"@context":"https:\/\/schema.org","@graph":[{"@type":"Article","@id":"https:\/\/grabowiec.pl\/ug\/index.php\/2026\/04\/27\/konkurs-potraw-smaki-zamoscia-i-roztocza\/#article","isPartOf":{"@id":"https:\/\/grabowiec.pl\/ug\/index.php\/2026\/04\/27\/konkurs-potraw-smaki-zamoscia-i-roztocza\/"},"author":{"name":"GrabAdmin","@id":"https:\/\/grabowiec.pl\/ug\/#\/schema\/person\/5985d73d5ee31f074e8352f4782bdf99"},"headline":"Konkurs Potraw \u201eSmaki Zamo\u015bcia i Roztocza\u201d","datePublished":"2026-04-27T06:32:46+00:00","dateModified":"2026-04-27T06:32:47+00:00","mainEntityOfPage":{"@id":"https:\/\/grabowiec.pl\/ug\/index.php\/2026\/04\/27\/konkurs-potraw-smaki-zamoscia-i-roztocza\/"},"wordCount":171,"publisher":{"@id":"https:\/\/grabowiec.pl\/ug\/#organization"},"image":{"@id":"https:\/\/grabowiec.pl\/ug\/index.php\/2026\/04\/27\/konkurs-potraw-smaki-zamoscia-i-roztocza\/#primaryimage"},"thumbnailUrl":"https:\/\/grabowiec.pl\/ug\/wp-content\/uploads\/2026\/04\/konkurs-potraw-2026-grafika.jpg","articleSection":["OG\u0141OSZENIA"],"inLanguage":"pl-PL"},{"@type":"WebPage","@id":"https:\/\/grabowiec.pl\/ug\/index.php\/2026\/04\/27\/konkurs-potraw-smaki-zamoscia-i-roztocza\/","url":"https:\/\/grabowiec.pl\/ug\/index.php\/2026\/04\/27\/konkurs-potraw-smaki-zamoscia-i-roztocza\/","name":"Konkurs Potraw \u201eSmaki Zamo\u015bcia i Roztocza\u201d - GMINA GRABOWIEC","isPartOf":{"@id":"https:\/\/grabowiec.pl\/ug\/#website"},"primaryImageOfPage":{"@id":"https:\/\/grabowiec.pl\/ug\/index.php\/2026\/04\/27\/konkurs-potraw-smaki-zamoscia-i-roztocza\/#primaryimage"},"image":{"@id":"https:\/\/grabowiec.pl\/ug\/index.php\/2026\/04\/27\/konkurs-potraw-smaki-zamoscia-i-roztocza\/#primaryimage"},"thumbnailUrl":"https:\/\/grabowiec.pl\/ug\/wp-content\/uploads\/2026\/04\/konkurs-potraw-2026-grafika.jpg","datePublished":"2026-04-27T06:32:46+00:00","dateModified":"2026-04-27T06:32:47+00:00","breadcrumb":{"@id":"https:\/\/grabowiec.pl\/ug\/index.php\/2026\/04\/27\/konkurs-potraw-smaki-zamoscia-i-roztocza\/#breadcrumb"},"inLanguage":"pl-PL","potentialAction":[{"@type":"ReadAction","target":["https:\/\/grabowiec.pl\/ug\/index.php\/2026\/04\/27\/konkurs-potraw-smaki-zamoscia-i-roztocza\/"]}]},{"@type":"ImageObject","inLanguage":"pl-PL","@id":"https:\/\/grabowiec.pl\/ug\/index.php\/2026\/04\/27\/konkurs-potraw-smaki-zamoscia-i-roztocza\/#primaryimage","url":"https:\/\/grabowiec.pl\/ug\/wp-content\/uploads\/2026\/04\/konkurs-potraw-2026-grafika.jpg","contentUrl":"https:\/\/grabowiec.pl\/ug\/wp-content\/uploads\/2026\/04\/konkurs-potraw-2026-grafika.jpg","width":958,"height":642},{"@type":"BreadcrumbList","@id":"https:\/\/grabowiec.pl\/ug\/index.php\/2026\/04\/27\/konkurs-potraw-smaki-zamoscia-i-roztocza\/#breadcrumb","itemListElement":[{"@type":"ListItem","position":1,"name":"Strona g\u0142\u00f3wna","item":"https:\/\/grabowiec.pl\/ug\/"},{"@type":"ListItem","position":2,"name":"Konkurs Potraw \u201eSmaki Zamo\u015bcia i Roztocza\u201d"}]},{"@type":"WebSite","@id":"https:\/\/grabowiec.pl\/ug\/#website","url":"https:\/\/grabowiec.pl\/ug\/","name":"GMINA GRABOWIEC","description":"","publisher":{"@id":"https:\/\/grabowiec.pl\/ug\/#organization"},"potentialAction":[{"@type":"SearchAction","target":{"@type":"EntryPoint","urlTemplate":"https:\/\/grabowiec.pl\/ug\/?s={search_term_string}"},"query-input":{"@type":"PropertyValueSpecification","valueRequired":true,"valueName":"search_term_string"}}],"inLanguage":"pl-PL"},{"@type":"Organization","@id":"https:\/\/grabowiec.pl\/ug\/#organization","name":"GMINA GRABOWIEC","url":"https:\/\/grabowiec.pl\/ug\/","logo":{"@type":"ImageObject","inLanguage":"pl-PL","@id":"https:\/\/grabowiec.pl\/ug\/#\/schema\/logo\/image\/","url":"https:\/\/grabowiec.pl\/ug\/wp-content\/uploads\/2023\/02\/grab-herb.png","contentUrl":"https:\/\/grabowiec.pl\/ug\/wp-content\/uploads\/2023\/02\/grab-herb.png","width":500,"height":600,"caption":"GMINA GRABOWIEC"},"image":{"@id":"https:\/\/grabowiec.pl\/ug\/#\/schema\/logo\/image\/"}},{"@type":"Person","@id":"https:\/\/grabowiec.pl\/ug\/#\/schema\/person\/5985d73d5ee31f074e8352f4782bdf99","name":"GrabAdmin","image":{"@type":"ImageObject","inLanguage":"pl-PL","@id":"https:\/\/secure.gravatar.com\/avatar\/d282d70901c093d417c40ef93cb537ed734f8c89a218e980f2eb8806fb2268e4?s=96&d=mm&r=g","url":"https:\/\/secure.gravatar.com\/avatar\/d282d70901c093d417c40ef93cb537ed734f8c89a218e980f2eb8806fb2268e4?s=96&d=mm&r=g","contentUrl":"https:\/\/secure.gravatar.com\/avatar\/d282d70901c093d417c40ef93cb537ed734f8c89a218e980f2eb8806fb2268e4?s=96&d=mm&r=g","caption":"GrabAdmin"},"sameAs":["http:\/\/grabowiec.pl\/ug"],"url":"https:\/\/grabowiec.pl\/ug\/index.php\/author\/grabadmin\/"}]}},"_links":{"self":[{"href":"https:\/\/grabowiec.pl\/ug\/index.php\/wp-json\/wp\/v2\/posts\/6129","targetHints":{"allow":["GET"]}}],"collection":[{"href":"https:\/\/grabowiec.pl\/ug\/index.php\/wp-json\/wp\/v2\/posts"}],"about":[{"href":"https:\/\/grabowiec.pl\/ug\/index.php\/wp-json\/wp\/v2\/types\/post"}],"author":[{"embeddable":true,"href":"https:\/\/grabowiec.pl\/ug\/index.php\/wp-json\/wp\/v2\/users\/1"}],"replies":[{"embeddable":true,"href":"https:\/\/grabowiec.pl\/ug\/index.php\/wp-json\/wp\/v2\/comments?post=6129"}],"version-history":[{"count":1,"href":"https:\/\/grabowiec.pl\/ug\/index.php\/wp-json\/wp\/v2\/posts\/6129\/revisions"}],"predecessor-version":[{"id":6131,"href":"https:\/\/grabowiec.pl\/ug\/index.php\/wp-json\/wp\/v2\/posts\/6129\/revisions\/6131"}],"wp:featuredmedia":[{"embeddable":true,"href":"https:\/\/grabowiec.pl\/ug\/index.php\/wp-json\/wp\/v2\/media\/6130"}],"wp:attachment":[{"href":"https:\/\/grabowiec.pl\/ug\/index.php\/wp-json\/wp\/v2\/media?parent=6129"}],"wp:term":[{"taxonomy":"category","embeddable":true,"href":"https:\/\/grabowiec.pl\/ug\/index.php\/wp-json\/wp\/v2\/categories?post=6129"},{"taxonomy":"post_tag","embeddable":true,"href":"https:\/\/grabowiec.pl\/ug\/index.php\/wp-json\/wp\/v2\/tags?post=6129"}],"curies":[{"name":"wp","href":"https:\/\/api.w.org\/{rel}","templated":true}]}}