{"id":6144,"date":"2026-04-29T13:26:53","date_gmt":"2026-04-29T11:26:53","guid":{"rendered":"https:\/\/grabowiec.pl\/ug\/?p=6144"},"modified":"2026-04-29T13:28:29","modified_gmt":"2026-04-29T11:28:29","slug":"dofinansowanie-pracodawcom-kosztow-ksztalcenia-mlodocianych-pracownikow","status":"publish","type":"post","link":"https:\/\/grabowiec.pl\/ug\/index.php\/2026\/04\/29\/dofinansowanie-pracodawcom-kosztow-ksztalcenia-mlodocianych-pracownikow\/","title":{"rendered":"DOFINANSOWANIE PRACODAWCOM KOSZT\u00d3W KSZTA\u0141CENIA M\u0141ODOCIANYCH PRACOWNIK\u00d3W"},"content":{"rendered":"\n<p>Pracodawcy, kt\u00f3rzy zawarli z m\u0142odocianymi pracownikami umow\u0119 o prac\u0119 w celu przygotowania zawodowego, mog\u0105 ubiega\u0107 si\u0119 o <strong>dofinansowanie koszt\u00f3w ich kszta\u0142cenia.<\/strong><\/p>\n\n\n\n<p>Dofinansowanie jest form\u0105 pomocy de minimis i przys\u0142uguje pracodawcom, kt\u00f3rzy spe\u0142niaj\u0105 wymogi okre\u015blone w ustawie Prawo O\u015bwiatowe (art.122)<\/p>\n\n\n\n<p>1.Obowi\u0105zek zg\u0142oszenia umowy.<\/p>\n\n\n\n<p>Zgodnie z aktualnymi przepisami, pracodawca <strong>jest obowi\u0105zany powiadomi\u0107 W\u00f3jta Gminy<\/strong> w\u0142a\u015bciwego dla miejsca zamieszkania m\u0142odocianego o zawarciu umowy o prac\u0119 w celu przygotowania zawodowego z m\u0142odocianym pracownikiem, co umo\u017cliwi zaplanowanie \u015brodk\u00f3w na dofinansowanie kszta\u0142cenia.<\/p>\n\n\n\n<p><strong>Dofinansowanie<\/strong> koszt\u00f3w kszta\u0142cenia m\u0142odocianych pracownik\u00f3w jest finansowane <strong>ze \u015brodk\u00f3w Funduszu Pracy.<\/strong><\/p>\n\n\n\n<p>2. Kto mo\u017ce otrzyma\u0107 dofinansowanie?<\/p>\n\n\n\n<p>Dofinansowanie przys\u0142uguje pracodawcy, kt\u00f3ry:<\/p>\n\n\n\n<ul class=\"wp-block-list\">\n<li>zawar\u0142 z m\u0142odocianym pracownikiem umow\u0119 o prac\u0119 w celu przygotowania zawodowego,<\/li>\n\n\n\n<li>pracodawca lub osoba prowadz\u0105ca zak\u0142ad w imieniu pracodawcy posiada kwalifikacje wymagane do prowadzenia przygotowania zawodowego (kwalifikacje pedagogiczne i zawodowe)<\/li>\n\n\n\n<li>m\u0142odociany pracownik uko\u0144czy\u0142 nauk\u0119 zawodu lub przyuczenie do wykonywania okre\u015blonej pracy,<\/li>\n\n\n\n<li>m\u0142odociany pracownik przyst\u0105pi\u0142 do egzaminu (zawodowego, czeladniczego lub sprawdzaj\u0105cego)<\/li>\n<\/ul>\n\n\n\n<p><strong>Warunek:<\/strong><\/p>\n\n\n\n<p>Dofinansowanie nie przys\u0142uguje pracodawcy, je\u017celi umowa o prac\u0119 w celu przygotowania zawodowego zosta\u0142a rozwi\u0105zana z winy pracodawcy przed uko\u0144czeniem przygotowania zawodowego.<\/p>\n\n\n\n<p>3.Wysoko\u015b\u0107 dofinansowania (dane na 2026 r.)<\/p>\n\n\n\n<p>Wysoko\u015b\u0107 dofinansowania zale\u017cy od rodzaju przygotowania zawodowego oraz okresu kszta\u0142cenia<\/p>\n\n\n\n<ul class=\"wp-block-list\">\n<li><strong>do 10 824 z\u0142<\/strong> w przypadku nauki zawodu przy pe\u0142nym okresie kszta\u0142cenia wynosz\u0105cym 36 miesi\u0119cy (je\u017celi okres kszta\u0142cenia jest kr\u00f3tszy kwot\u0119 dofinansowania wyp\u0142aca si\u0119 w wysoko\u015bci proporcjonalnej do okresu kszta\u0142cenia) potwierdzony \u015bwiadectwem pracy lub za\u015bwiadczeniem potwierdzaj\u0105cym okres zatrudnienia, i za przyst\u0105pienie do egzaminu zawodowego lub czeladniczego &#8211; 100 % wysoko\u015bci kwoty dofinansowania,<\/li>\n\n\n\n<li><strong>do 13 394 z\u0142<\/strong> w przypadku nauki zawodu prowadzonej w zawodach wskazanych przez ministra w\u0142a\u015bciwego do spraw o\u015bwiaty i wychowania w prognozie zapotrzebowania na pracownik\u00f3w, o kt\u00f3rej mowa w art. 46b ust. 1 ustawy Prawo o\u015bwiatowe, przy okresie kszta\u0142cenia wynosz\u0105cym 36 miesi\u0119cy.<\/li>\n\n\n\n<li><strong>do 340 z\u0142<\/strong> w przypadku przyuczenia do wykonywania okre\u015blonej pracy (za ka\u017cdy pe\u0142ny miesi\u0105c kszta\u0142cenia)<\/li>\n<\/ul>\n\n\n\n<p><strong>Waloryzacja dofinansowania:<\/strong><\/p>\n\n\n\n<p>Kwoty dofinansowania podlegaj\u0105 waloryzacji. Waloryzacja dokonywana po raz pierwszy polega na pomno\u017ceniu kwot dofinansowania przez wska\u017anik waloryzacji i zaokr\u0105gleniu w d\u00f3\u0142 do pe\u0142nych groszy. Kolejne waloryzacje kwot dofinansowania polegaj\u0105 na pomno\u017ceniu kwot dofinansowania z roku, w kt\u00f3rym by\u0142a dokonywana ostatnia waloryzacja, przez wska\u017anik waloryzacji i zaokr\u0105gleniu w d\u00f3\u0142 do pe\u0142nych groszy.<\/p>\n\n\n\n<ul class=\"wp-block-list\">\n<li><strong>Waloryzacja og\u0142aszana jest przez Ministra w\u0142a\u015bciwego<\/strong> <strong>do spraw o\u015bwiaty i wychowania <\/strong>w drodze obwieszczenia, w Dzienniku Urz\u0119dowym Rzeczypospolitej Polskiej &#8222;Monitor Polski&#8221;, w terminie do ko\u0144ca lutego roku, w kt\u00f3rym jest dokonywana waloryzacja, <strong>wysoko\u015b\u0107 wska\u017anika waloryzacji i maksymaln\u0105 wysoko\u015b\u0107 kwot dofinansowania, po waloryzacji.<\/strong><\/li>\n<\/ul>\n\n\n\n<p>4. Termin i spos\u00f3b za\u0142atwiania sprawy.<\/p>\n\n\n\n<p>Wnioski o dofinansowanie koszt\u00f3w kszta\u0142cenia m\u0142odocianego pracownika sk\u0142ada si\u0119 do W\u00f3jta Gminy w\u0142a\u015bciwej ze wzgl\u0119du na miejsce zamieszkania m\u0142odocianego pracownika w terminie 3 miesi\u0119cy od dnia og\u0142oszenia wynik\u00f3w egzaminu.<\/p>\n\n\n\n<p><strong>UWAGA:<\/strong> Termin ten jest terminem prawa materialnego i <strong>nie podlega przywr\u00f3ceniu<\/strong>. Po jego up\u0142ywie wniosek nie zostanie rozpatrzony.<\/p>\n\n\n\n<p>Dofinansowanie pracodawcom koszt\u00f3w kszta\u0142cenia m\u0142odocianych pracownik\u00f3w, z kt\u00f3rymi zawarli umow\u0119 o prac\u0119 w celu przygotowania zawodowego przyznawane jest na podstawie decyzji administracyjnej.<\/p>\n\n\n\n<p><strong>Termin realizacji sprawy:<\/strong> Zgodnie z Kodeksem Post\u0119powania Administracyjnego \u2013 za\u0142atwienie sprawy wymagaj\u0105cej post\u0119powania wyja\u015bniaj\u0105cego powinno nast\u0105pi\u0107 nie p\u00f3\u017aniej ni\u017c w ci\u0105gu miesi\u0105ca, a sprawy szczeg\u00f3lnie skomplikowanej nie p\u00f3\u017aniej ni\u017c w ci\u0105gu dw\u00f3ch miesi\u0119cy od dnia wszcz\u0119cia post\u0119powania, za\u015b w post\u0119powaniu odwo\u0142awczym \u2013 w ci\u0105gu miesi\u0105ca od dnia otrzymania odwo\u0142ania.<\/p>\n\n\n\n<p><strong>Tryb odwo\u0142awczy<\/strong><strong>:<\/strong> Samorz\u0105dowe Kolegium Odwo\u0142awcze w Zamo\u015bciu w terminie 14 dni od&nbsp;dnia dor\u0119czenia decyzji.<\/p>\n\n\n\n<p><strong>Podstawa prawna:<\/strong><\/p>\n\n\n\n<ul class=\"wp-block-list\">\n<li>Ustawa z dnia 14 grudnia 2016 r. Prawo o\u015bwiatowe;<\/li>\n\n\n\n<li>Rozporz\u0105dzenie Rady Ministr\u00f3w z dnia 28 maja 1996 r. w sprawie przygotowania zawodowego m\u0142odocianych i ich wynagradzania;<\/li>\n\n\n\n<li>Rozporz\u0105dzenie Ministra Edukacji Narodowej z dnia 15 grudnia 2010 r. w sprawie praktycznej nauki zawodu;<\/li>\n\n\n\n<li>Rozporz\u0105dzenie Ministra Edukacji Narodowej z dnia 24 sierpnia 2017 r. w sprawie praktycznej nauki zawodu;<\/li>\n\n\n\n<li>Rozporz\u0105dzenie Ministra Edukacji Narodowej z dnia 22 lutego 2019 r. w sprawie praktycznej nauki zawodu;<\/li>\n\n\n\n<li>Ustawa z dnia 30 kwietnia 2004 r. o post\u0119powaniu w sprawach dotycz\u0105cych pomocy publicznej;<\/li>\n\n\n\n<li>Rozporz\u0105dzenie Rady Ministr\u00f3w z dnia 29 marca 2010 r. w sprawie zakresu informacji przedstawianych przez podmiot ubiegaj\u0105cy si\u0119 o pomoc de minimis;<\/li>\n<\/ul>\n\n\n\n<p>5. Wymagane dokumenty (wniosek + za\u0142\u0105czniki):<\/p>\n\n\n\n<ol class=\"wp-block-list\">\n<li>Wniosek o dofinansowanie koszt\u00f3w kszta\u0142cenia m\u0142odocianego pracownika,<\/li>\n\n\n\n<li>Za\u0142\u0105czniki do wniosku:\n<ul class=\"wp-block-list\">\n<li>kopi\u0119 umowy o prac\u0119 z m\u0142odocianym pracownikiem,<\/li>\n\n\n\n<li>kopie dokument\u00f3w potwierdzaj\u0105cych posiadane kwalifikacje do prowadzenia kszta\u0142cenia zawodowego m\u0142odocianych pracownik\u00f3w przez pracodawc\u0119 lub osob\u0119 prowadz\u0105c\u0105 zak\u0142ad w imieniu pracodawcy albo osob\u0119 zatrudnion\u0105 u pracodawcy,<\/li>\n\n\n\n<li>kopia dyplomu, certyfikatu lub \u015bwiadectwa, albo za\u015bwiadczenie (orygina\u0142) potwierdzaj\u0105ce, \u017ce m\u0142odociany uko\u0144czy\u0142 nauk\u0119 zawodu lub przyuczenie do wykonywania okre\u015blonej pracy<\/li>\n\n\n\n<li>za\u015bwiadczenie o przyst\u0105pieniu do egzaminu<\/li>\n\n\n\n<li>wszystkie za\u015bwiadczenia o pomocy de minimis i pomocy de minimis w rolnictwie lub rybo\u0142\u00f3wstwie, jakie otrzyma\u0142 <strong>w okresie 3 lat poprzedzaj\u0105cych dzie\u0144 z\u0142o\u017cenia wniosku<\/strong> o udzielenie pomocy, albo o\u015bwiadczenia o wielko\u015bci tej pomocy otrzymanej w tym okresie, albo o\u015bwiadczenia o nieotrzymaniu takiej pomocy w tym okresie,<\/li>\n\n\n\n<li>Wype\u0142niony formularz informacji przedstawianych przy ubieganiu si\u0119 o pomoc de minimis,<\/li>\n\n\n\n<li>O\u015bwiadczenie o poniesionych kosztach,<\/li>\n\n\n\n<li>Inne dokumenty\/informacje na pro\u015bb\u0119 organu. W przypadku uzasadnionych w\u0105tpliwo\u015bci, co do tre\u015bci przed\u0142o\u017conych dokument\u00f3w\/informacji, organ ma prawo prosi\u0107 wnioskodawc\u0119 o dokumenty\/ informacje niezb\u0119dnych do ich wyja\u015bnienia.<\/li>\n<\/ul>\n<\/li>\n<\/ol>\n\n\n\n<p><strong>Kopie dokument\u00f3w musz\u0105 by\u0107 potwierdzone za zgodno\u015b\u0107 z orygina\u0142em poprzez opatrzenie ka\u017cdej strony kopii dokument\u00f3w klauzul\u0105 \u201eZa zgodno\u015b\u0107 z orygina\u0142em\u201d<\/strong><\/p>\n\n\n\n<p>Organ administracji publicznej mo\u017ce \u017c\u0105da\u0107 od Wnioskodawcy, kt\u00f3ry z\u0142o\u017cy\u0142 kopi\u0119, przed\u0142o\u017cenia orygina\u0142u tego dokumentu.<\/p>\n\n\n\n<p><strong>W przypadku, gdy m\u0142odociany pracownik nie zda\u0142 egzaminu do\u0142\u0105cza si\u0119 za\u015bwiadczenie o przyst\u0105pieniu oraz kopi\u0119 \u015bwiadectwa pracy lub za\u015bwiadczenie potwierdzaj\u0105ce okres zatrudnienia oraz odpowiednio:<\/strong><\/p>\n\n\n\n<ul class=\"wp-block-list\">\n<li>Kopi\u0119 \u015bwiadectwa uko\u0144czenia bran\u017cowej szko\u0142y I stopnia &#8211; w przypadku m\u0142odocianego pracownika, kt\u00f3ry przyst\u0105pi\u0142 do egzaminu zawodowego albo egzaminu czeladniczego, albo zosta\u0142 zwolniony z egzaminu zawodowego na podstawie art. 44zzzgb ustawy o systemie o\u015bwiaty, albo<\/li>\n\n\n\n<li>Kopi\u0119 za\u015bwiadczenia o przyst\u0105pieniu do egzaminu czeladniczego wydanego przez izb\u0119 rzemie\u015blnicz\u0105 &#8211; w przypadku m\u0142odocianego pracownika, kt\u00f3ry nie uko\u0144czy\u0142 bran\u017cowej szko\u0142y I stopnia i przyst\u0105pi\u0142 do tego egzaminu, albo<\/li>\n\n\n\n<li>Za\u015bwiadczenie wydane przez dyrektora bran\u017cowej szko\u0142y I stopnia o przyst\u0105pieniu do egzaminu zawodowego &#8211; w przypadku m\u0142odocianego pracownika, kt\u00f3ry nie uko\u0144czy\u0142 bran\u017cowej szko\u0142y I stopnia i przyst\u0105pi\u0142 do tego egzaminu, albo<\/li>\n\n\n\n<li>Za\u015bwiadczenie o przyst\u0105pieniu do egzaminu zawodowego wydane przez okr\u0119gow\u0105 komisj\u0119 egzaminacyjn\u0105 &#8211; w przypadku m\u0142odocianego pracownika nieb\u0119d\u0105cego uczniem bran\u017cowej szko\u0142y I stopnia.<\/li>\n<\/ul>\n\n\n\n<p class=\"has-large-font-size\"><strong><a href=\"https:\/\/grabowiec.pl\/ug\/wp-content\/uploads\/2026\/04\/dofinansowanie_kosztow.zip\">POBIERZ ZA\u0141\u0104CZNIKI<\/a><\/strong><\/p>\n","protected":false},"excerpt":{"rendered":"<p>Pracodawcy, kt\u00f3rzy zawarli z m\u0142odocianymi pracownikami umow\u0119 o prac\u0119 w celu przygotowania zawodowego, mog\u0105 ubiega\u0107 &hellip;<\/p>\n","protected":false},"author":1,"featured_media":0,"comment_status":"closed","ping_status":"closed","sticky":false,"template":"","format":"standard","meta":{"footnotes":""},"categories":[5,21],"tags":[],"class_list":["post-6144","post","type-post","status-publish","format-standard","hentry","category-informacje","category-oswiata"],"author_data":{"name":"GrabAdmin","url":"https:\/\/grabowiec.pl\/ug\/index.php\/author\/grabadmin\/"},"excerpt_data":"Pracodawcy, kt\u00f3rzy zawarli z m\u0142odocianymi pracownikami umow\u0119 o prac\u0119 w celu przygotowania zawodowego, mog\u0105 ubiega\u0107...","categories_data":{"5":{"term_id":5,"name":"INFORMACJE","slug":"informacje","term_group":0,"term_taxonomy_id":5,"taxonomy":"category","description":"","parent":0,"count":82,"filter":"raw","cat_ID":5,"category_count":82,"category_description":"","cat_name":"INFORMACJE","category_nicename":"informacje","category_parent":0},"21":{"term_id":21,"name":"O\u015aWIATA","slug":"oswiata","term_group":0,"term_taxonomy_id":21,"taxonomy":"category","description":"","parent":0,"count":2,"filter":"raw","cat_ID":21,"category_count":2,"category_description":"","cat_name":"O\u015aWIATA","category_nicename":"oswiata","category_parent":0}},"featured_image_src":"","date_formated":"2026-04-29","yoast_head":"<!-- This site is optimized with the Yoast SEO plugin v27.5 - https:\/\/yoast.com\/product\/yoast-seo-wordpress\/ -->\n<title>DOFINANSOWANIE PRACODAWCOM KOSZT\u00d3W KSZTA\u0141CENIA M\u0141ODOCIANYCH PRACOWNIK\u00d3W - GMINA GRABOWIEC<\/title>\n<meta name=\"robots\" content=\"index, follow, max-snippet:-1, max-image-preview:large, max-video-preview:-1\" \/>\n<link rel=\"canonical\" href=\"https:\/\/grabowiec.pl\/ug\/index.php\/2026\/04\/29\/dofinansowanie-pracodawcom-kosztow-ksztalcenia-mlodocianych-pracownikow\/\" \/>\n<meta property=\"og:locale\" content=\"pl_PL\" \/>\n<meta property=\"og:type\" content=\"article\" \/>\n<meta property=\"og:title\" content=\"DOFINANSOWANIE PRACODAWCOM KOSZT\u00d3W KSZTA\u0141CENIA M\u0141ODOCIANYCH PRACOWNIK\u00d3W - GMINA GRABOWIEC\" \/>\n<meta property=\"og:description\" content=\"Pracodawcy, kt\u00f3rzy zawarli z m\u0142odocianymi pracownikami umow\u0119 o prac\u0119 w celu przygotowania zawodowego, mog\u0105 ubiega\u0107 &hellip;\" \/>\n<meta property=\"og:url\" content=\"https:\/\/grabowiec.pl\/ug\/index.php\/2026\/04\/29\/dofinansowanie-pracodawcom-kosztow-ksztalcenia-mlodocianych-pracownikow\/\" \/>\n<meta property=\"og:site_name\" content=\"GMINA GRABOWIEC\" \/>\n<meta property=\"article:published_time\" content=\"2026-04-29T11:26:53+00:00\" \/>\n<meta property=\"article:modified_time\" content=\"2026-04-29T11:28:29+00:00\" \/>\n<meta name=\"author\" content=\"GrabAdmin\" \/>\n<meta name=\"twitter:card\" content=\"summary_large_image\" \/>\n<meta name=\"twitter:label1\" content=\"Napisane przez\" \/>\n\t<meta name=\"twitter:data1\" content=\"GrabAdmin\" \/>\n\t<meta name=\"twitter:label2\" content=\"Szacowany czas czytania\" \/>\n\t<meta name=\"twitter:data2\" content=\"6 minut\" \/>\n<script type=\"application\/ld+json\" class=\"yoast-schema-graph\">{\"@context\":\"https:\\\/\\\/schema.org\",\"@graph\":[{\"@type\":\"Article\",\"@id\":\"https:\\\/\\\/grabowiec.pl\\\/ug\\\/index.php\\\/2026\\\/04\\\/29\\\/dofinansowanie-pracodawcom-kosztow-ksztalcenia-mlodocianych-pracownikow\\\/#article\",\"isPartOf\":{\"@id\":\"https:\\\/\\\/grabowiec.pl\\\/ug\\\/index.php\\\/2026\\\/04\\\/29\\\/dofinansowanie-pracodawcom-kosztow-ksztalcenia-mlodocianych-pracownikow\\\/\"},\"author\":{\"name\":\"GrabAdmin\",\"@id\":\"https:\\\/\\\/grabowiec.pl\\\/ug\\\/#\\\/schema\\\/person\\\/5985d73d5ee31f074e8352f4782bdf99\"},\"headline\":\"DOFINANSOWANIE PRACODAWCOM KOSZT\u00d3W KSZTA\u0141CENIA M\u0141ODOCIANYCH PRACOWNIK\u00d3W\",\"datePublished\":\"2026-04-29T11:26:53+00:00\",\"dateModified\":\"2026-04-29T11:28:29+00:00\",\"mainEntityOfPage\":{\"@id\":\"https:\\\/\\\/grabowiec.pl\\\/ug\\\/index.php\\\/2026\\\/04\\\/29\\\/dofinansowanie-pracodawcom-kosztow-ksztalcenia-mlodocianych-pracownikow\\\/\"},\"wordCount\":1194,\"publisher\":{\"@id\":\"https:\\\/\\\/grabowiec.pl\\\/ug\\\/#organization\"},\"articleSection\":[\"INFORMACJE\",\"O\u015aWIATA\"],\"inLanguage\":\"pl-PL\"},{\"@type\":\"WebPage\",\"@id\":\"https:\\\/\\\/grabowiec.pl\\\/ug\\\/index.php\\\/2026\\\/04\\\/29\\\/dofinansowanie-pracodawcom-kosztow-ksztalcenia-mlodocianych-pracownikow\\\/\",\"url\":\"https:\\\/\\\/grabowiec.pl\\\/ug\\\/index.php\\\/2026\\\/04\\\/29\\\/dofinansowanie-pracodawcom-kosztow-ksztalcenia-mlodocianych-pracownikow\\\/\",\"name\":\"DOFINANSOWANIE PRACODAWCOM KOSZT\u00d3W KSZTA\u0141CENIA M\u0141ODOCIANYCH PRACOWNIK\u00d3W - GMINA GRABOWIEC\",\"isPartOf\":{\"@id\":\"https:\\\/\\\/grabowiec.pl\\\/ug\\\/#website\"},\"datePublished\":\"2026-04-29T11:26:53+00:00\",\"dateModified\":\"2026-04-29T11:28:29+00:00\",\"breadcrumb\":{\"@id\":\"https:\\\/\\\/grabowiec.pl\\\/ug\\\/index.php\\\/2026\\\/04\\\/29\\\/dofinansowanie-pracodawcom-kosztow-ksztalcenia-mlodocianych-pracownikow\\\/#breadcrumb\"},\"inLanguage\":\"pl-PL\",\"potentialAction\":[{\"@type\":\"ReadAction\",\"target\":[\"https:\\\/\\\/grabowiec.pl\\\/ug\\\/index.php\\\/2026\\\/04\\\/29\\\/dofinansowanie-pracodawcom-kosztow-ksztalcenia-mlodocianych-pracownikow\\\/\"]}]},{\"@type\":\"BreadcrumbList\",\"@id\":\"https:\\\/\\\/grabowiec.pl\\\/ug\\\/index.php\\\/2026\\\/04\\\/29\\\/dofinansowanie-pracodawcom-kosztow-ksztalcenia-mlodocianych-pracownikow\\\/#breadcrumb\",\"itemListElement\":[{\"@type\":\"ListItem\",\"position\":1,\"name\":\"Strona g\u0142\u00f3wna\",\"item\":\"https:\\\/\\\/grabowiec.pl\\\/ug\\\/\"},{\"@type\":\"ListItem\",\"position\":2,\"name\":\"DOFINANSOWANIE PRACODAWCOM KOSZT\u00d3W KSZTA\u0141CENIA M\u0141ODOCIANYCH PRACOWNIK\u00d3W\"}]},{\"@type\":\"WebSite\",\"@id\":\"https:\\\/\\\/grabowiec.pl\\\/ug\\\/#website\",\"url\":\"https:\\\/\\\/grabowiec.pl\\\/ug\\\/\",\"name\":\"GMINA GRABOWIEC\",\"description\":\"\",\"publisher\":{\"@id\":\"https:\\\/\\\/grabowiec.pl\\\/ug\\\/#organization\"},\"potentialAction\":[{\"@type\":\"SearchAction\",\"target\":{\"@type\":\"EntryPoint\",\"urlTemplate\":\"https:\\\/\\\/grabowiec.pl\\\/ug\\\/?s={search_term_string}\"},\"query-input\":{\"@type\":\"PropertyValueSpecification\",\"valueRequired\":true,\"valueName\":\"search_term_string\"}}],\"inLanguage\":\"pl-PL\"},{\"@type\":\"Organization\",\"@id\":\"https:\\\/\\\/grabowiec.pl\\\/ug\\\/#organization\",\"name\":\"GMINA GRABOWIEC\",\"url\":\"https:\\\/\\\/grabowiec.pl\\\/ug\\\/\",\"logo\":{\"@type\":\"ImageObject\",\"inLanguage\":\"pl-PL\",\"@id\":\"https:\\\/\\\/grabowiec.pl\\\/ug\\\/#\\\/schema\\\/logo\\\/image\\\/\",\"url\":\"https:\\\/\\\/grabowiec.pl\\\/ug\\\/wp-content\\\/uploads\\\/2023\\\/02\\\/grab-herb.png\",\"contentUrl\":\"https:\\\/\\\/grabowiec.pl\\\/ug\\\/wp-content\\\/uploads\\\/2023\\\/02\\\/grab-herb.png\",\"width\":500,\"height\":600,\"caption\":\"GMINA GRABOWIEC\"},\"image\":{\"@id\":\"https:\\\/\\\/grabowiec.pl\\\/ug\\\/#\\\/schema\\\/logo\\\/image\\\/\"}},{\"@type\":\"Person\",\"@id\":\"https:\\\/\\\/grabowiec.pl\\\/ug\\\/#\\\/schema\\\/person\\\/5985d73d5ee31f074e8352f4782bdf99\",\"name\":\"GrabAdmin\",\"image\":{\"@type\":\"ImageObject\",\"inLanguage\":\"pl-PL\",\"@id\":\"https:\\\/\\\/secure.gravatar.com\\\/avatar\\\/d282d70901c093d417c40ef93cb537ed734f8c89a218e980f2eb8806fb2268e4?s=96&d=mm&r=g\",\"url\":\"https:\\\/\\\/secure.gravatar.com\\\/avatar\\\/d282d70901c093d417c40ef93cb537ed734f8c89a218e980f2eb8806fb2268e4?s=96&d=mm&r=g\",\"contentUrl\":\"https:\\\/\\\/secure.gravatar.com\\\/avatar\\\/d282d70901c093d417c40ef93cb537ed734f8c89a218e980f2eb8806fb2268e4?s=96&d=mm&r=g\",\"caption\":\"GrabAdmin\"},\"sameAs\":[\"http:\\\/\\\/grabowiec.pl\\\/ug\"],\"url\":\"https:\\\/\\\/grabowiec.pl\\\/ug\\\/index.php\\\/author\\\/grabadmin\\\/\"}]}<\/script>\n<!-- \/ Yoast SEO plugin. -->","yoast_head_json":{"title":"DOFINANSOWANIE PRACODAWCOM KOSZT\u00d3W KSZTA\u0141CENIA M\u0141ODOCIANYCH PRACOWNIK\u00d3W - GMINA GRABOWIEC","robots":{"index":"index","follow":"follow","max-snippet":"max-snippet:-1","max-image-preview":"max-image-preview:large","max-video-preview":"max-video-preview:-1"},"canonical":"https:\/\/grabowiec.pl\/ug\/index.php\/2026\/04\/29\/dofinansowanie-pracodawcom-kosztow-ksztalcenia-mlodocianych-pracownikow\/","og_locale":"pl_PL","og_type":"article","og_title":"DOFINANSOWANIE PRACODAWCOM KOSZT\u00d3W KSZTA\u0141CENIA M\u0141ODOCIANYCH PRACOWNIK\u00d3W - GMINA GRABOWIEC","og_description":"Pracodawcy, kt\u00f3rzy zawarli z m\u0142odocianymi pracownikami umow\u0119 o prac\u0119 w celu przygotowania zawodowego, mog\u0105 ubiega\u0107 &hellip;","og_url":"https:\/\/grabowiec.pl\/ug\/index.php\/2026\/04\/29\/dofinansowanie-pracodawcom-kosztow-ksztalcenia-mlodocianych-pracownikow\/","og_site_name":"GMINA GRABOWIEC","article_published_time":"2026-04-29T11:26:53+00:00","article_modified_time":"2026-04-29T11:28:29+00:00","author":"GrabAdmin","twitter_card":"summary_large_image","twitter_misc":{"Napisane przez":"GrabAdmin","Szacowany czas czytania":"6 minut"},"schema":{"@context":"https:\/\/schema.org","@graph":[{"@type":"Article","@id":"https:\/\/grabowiec.pl\/ug\/index.php\/2026\/04\/29\/dofinansowanie-pracodawcom-kosztow-ksztalcenia-mlodocianych-pracownikow\/#article","isPartOf":{"@id":"https:\/\/grabowiec.pl\/ug\/index.php\/2026\/04\/29\/dofinansowanie-pracodawcom-kosztow-ksztalcenia-mlodocianych-pracownikow\/"},"author":{"name":"GrabAdmin","@id":"https:\/\/grabowiec.pl\/ug\/#\/schema\/person\/5985d73d5ee31f074e8352f4782bdf99"},"headline":"DOFINANSOWANIE PRACODAWCOM KOSZT\u00d3W KSZTA\u0141CENIA M\u0141ODOCIANYCH PRACOWNIK\u00d3W","datePublished":"2026-04-29T11:26:53+00:00","dateModified":"2026-04-29T11:28:29+00:00","mainEntityOfPage":{"@id":"https:\/\/grabowiec.pl\/ug\/index.php\/2026\/04\/29\/dofinansowanie-pracodawcom-kosztow-ksztalcenia-mlodocianych-pracownikow\/"},"wordCount":1194,"publisher":{"@id":"https:\/\/grabowiec.pl\/ug\/#organization"},"articleSection":["INFORMACJE","O\u015aWIATA"],"inLanguage":"pl-PL"},{"@type":"WebPage","@id":"https:\/\/grabowiec.pl\/ug\/index.php\/2026\/04\/29\/dofinansowanie-pracodawcom-kosztow-ksztalcenia-mlodocianych-pracownikow\/","url":"https:\/\/grabowiec.pl\/ug\/index.php\/2026\/04\/29\/dofinansowanie-pracodawcom-kosztow-ksztalcenia-mlodocianych-pracownikow\/","name":"DOFINANSOWANIE PRACODAWCOM KOSZT\u00d3W KSZTA\u0141CENIA M\u0141ODOCIANYCH PRACOWNIK\u00d3W - GMINA GRABOWIEC","isPartOf":{"@id":"https:\/\/grabowiec.pl\/ug\/#website"},"datePublished":"2026-04-29T11:26:53+00:00","dateModified":"2026-04-29T11:28:29+00:00","breadcrumb":{"@id":"https:\/\/grabowiec.pl\/ug\/index.php\/2026\/04\/29\/dofinansowanie-pracodawcom-kosztow-ksztalcenia-mlodocianych-pracownikow\/#breadcrumb"},"inLanguage":"pl-PL","potentialAction":[{"@type":"ReadAction","target":["https:\/\/grabowiec.pl\/ug\/index.php\/2026\/04\/29\/dofinansowanie-pracodawcom-kosztow-ksztalcenia-mlodocianych-pracownikow\/"]}]},{"@type":"BreadcrumbList","@id":"https:\/\/grabowiec.pl\/ug\/index.php\/2026\/04\/29\/dofinansowanie-pracodawcom-kosztow-ksztalcenia-mlodocianych-pracownikow\/#breadcrumb","itemListElement":[{"@type":"ListItem","position":1,"name":"Strona g\u0142\u00f3wna","item":"https:\/\/grabowiec.pl\/ug\/"},{"@type":"ListItem","position":2,"name":"DOFINANSOWANIE PRACODAWCOM KOSZT\u00d3W KSZTA\u0141CENIA M\u0141ODOCIANYCH PRACOWNIK\u00d3W"}]},{"@type":"WebSite","@id":"https:\/\/grabowiec.pl\/ug\/#website","url":"https:\/\/grabowiec.pl\/ug\/","name":"GMINA GRABOWIEC","description":"","publisher":{"@id":"https:\/\/grabowiec.pl\/ug\/#organization"},"potentialAction":[{"@type":"SearchAction","target":{"@type":"EntryPoint","urlTemplate":"https:\/\/grabowiec.pl\/ug\/?s={search_term_string}"},"query-input":{"@type":"PropertyValueSpecification","valueRequired":true,"valueName":"search_term_string"}}],"inLanguage":"pl-PL"},{"@type":"Organization","@id":"https:\/\/grabowiec.pl\/ug\/#organization","name":"GMINA GRABOWIEC","url":"https:\/\/grabowiec.pl\/ug\/","logo":{"@type":"ImageObject","inLanguage":"pl-PL","@id":"https:\/\/grabowiec.pl\/ug\/#\/schema\/logo\/image\/","url":"https:\/\/grabowiec.pl\/ug\/wp-content\/uploads\/2023\/02\/grab-herb.png","contentUrl":"https:\/\/grabowiec.pl\/ug\/wp-content\/uploads\/2023\/02\/grab-herb.png","width":500,"height":600,"caption":"GMINA GRABOWIEC"},"image":{"@id":"https:\/\/grabowiec.pl\/ug\/#\/schema\/logo\/image\/"}},{"@type":"Person","@id":"https:\/\/grabowiec.pl\/ug\/#\/schema\/person\/5985d73d5ee31f074e8352f4782bdf99","name":"GrabAdmin","image":{"@type":"ImageObject","inLanguage":"pl-PL","@id":"https:\/\/secure.gravatar.com\/avatar\/d282d70901c093d417c40ef93cb537ed734f8c89a218e980f2eb8806fb2268e4?s=96&d=mm&r=g","url":"https:\/\/secure.gravatar.com\/avatar\/d282d70901c093d417c40ef93cb537ed734f8c89a218e980f2eb8806fb2268e4?s=96&d=mm&r=g","contentUrl":"https:\/\/secure.gravatar.com\/avatar\/d282d70901c093d417c40ef93cb537ed734f8c89a218e980f2eb8806fb2268e4?s=96&d=mm&r=g","caption":"GrabAdmin"},"sameAs":["http:\/\/grabowiec.pl\/ug"],"url":"https:\/\/grabowiec.pl\/ug\/index.php\/author\/grabadmin\/"}]}},"_links":{"self":[{"href":"https:\/\/grabowiec.pl\/ug\/index.php\/wp-json\/wp\/v2\/posts\/6144","targetHints":{"allow":["GET"]}}],"collection":[{"href":"https:\/\/grabowiec.pl\/ug\/index.php\/wp-json\/wp\/v2\/posts"}],"about":[{"href":"https:\/\/grabowiec.pl\/ug\/index.php\/wp-json\/wp\/v2\/types\/post"}],"author":[{"embeddable":true,"href":"https:\/\/grabowiec.pl\/ug\/index.php\/wp-json\/wp\/v2\/users\/1"}],"replies":[{"embeddable":true,"href":"https:\/\/grabowiec.pl\/ug\/index.php\/wp-json\/wp\/v2\/comments?post=6144"}],"version-history":[{"count":1,"href":"https:\/\/grabowiec.pl\/ug\/index.php\/wp-json\/wp\/v2\/posts\/6144\/revisions"}],"predecessor-version":[{"id":6145,"href":"https:\/\/grabowiec.pl\/ug\/index.php\/wp-json\/wp\/v2\/posts\/6144\/revisions\/6145"}],"wp:attachment":[{"href":"https:\/\/grabowiec.pl\/ug\/index.php\/wp-json\/wp\/v2\/media?parent=6144"}],"wp:term":[{"taxonomy":"category","embeddable":true,"href":"https:\/\/grabowiec.pl\/ug\/index.php\/wp-json\/wp\/v2\/categories?post=6144"},{"taxonomy":"post_tag","embeddable":true,"href":"https:\/\/grabowiec.pl\/ug\/index.php\/wp-json\/wp\/v2\/tags?post=6144"}],"curies":[{"name":"wp","href":"https:\/\/api.w.org\/{rel}","templated":true}]}}