{"id":658,"date":"2022-06-03T19:01:49","date_gmt":"2022-06-03T17:01:49","guid":{"rendered":"https:\/\/grabowiec.pl\/ug\/?p=658"},"modified":"2023-02-10T19:02:31","modified_gmt":"2023-02-10T18:02:31","slug":"inwestycje-w-gminie-grabowiec","status":"publish","type":"post","link":"https:\/\/grabowiec.pl\/ug\/index.php\/2022\/06\/03\/inwestycje-w-gminie-grabowiec\/","title":{"rendered":"INWESTYCJE W GMINIE GRABOWIEC"},"content":{"rendered":"\n<p>B\u0119d\u0105 nowe inwestycje w gminie Grabowiec. Program Inwestycji Samorz\u0105dowych w ramach Polskiego \u0141adu, rozdysponowa\u0142 ponad 2,5 mld z\u0142otych pomi\u0119dzy samorz\u0105dy wojew\u00f3dztwa lubelskiego. Wyniki naboru wniosk\u00f3w, og\u0142oszono w poniedzia\u0142ek, 30 maja a wnioskowane projekty z terenu Gminy Grabowiec, zosta\u0142y zakwalifikowane do otrzymania dotacji.<\/p>\n\n\n\n<p>Poni\u017cej przedstawiamy obszary inwestycji:<\/p>\n\n\n\n<p>GMINA GRABOWIEC Budowa gminnej oczyszczalni \u015bciek\u00f3w w miejscowo\u015bci Grabowiec (etap I), w ramach Programu Inwestycji Strategicznych &#8211; edycja II 9 500 000,00 z\u0142<br>GMINA GRABOWIEC Budowa dr\u00f3g gminnych w miejscowo\u015bciach Cieszyn, Ornatowice-Kolonia i \u017burawl\u00f3w, w ramach Programu Inwestycji Strategicznych edycja II 1 498 182,97 z\u0142.<br>Jak wskazuj\u0105 nazwy inwestycji, zamieszczonych w wynikach naboru wniosk\u00f3w, samorz\u0105dy wojew\u00f3dztwa lubelskiego inwestuj\u0105 g\u0142\u00f3wnie w budow\u0119, przebudow\u0119 i modernizacj\u0119 dr\u00f3g gminnych, o\u015bwietlenia, wodoci\u0105gi i kanalizacje.<\/p>\n","protected":false},"excerpt":{"rendered":"<p>B\u0119d\u0105 nowe inwestycje w gminie Grabowiec. Program Inwestycji Samorz\u0105dowych w ramach Polskiego \u0141adu, rozdysponowa\u0142 ponad &hellip;<\/p>\n","protected":false},"author":1,"featured_media":659,"comment_status":"closed","ping_status":"closed","sticky":false,"template":"","format":"standard","meta":{"footnotes":""},"categories":[8],"tags":[],"class_list":["post-658","post","type-post","status-publish","format-standard","has-post-thumbnail","hentry","category-wydarzenia"],"author_data":{"name":"GrabAdmin","url":"https:\/\/grabowiec.pl\/ug\/index.php\/author\/grabadmin\/"},"excerpt_data":"B\u0119d\u0105 nowe inwestycje w gminie Grabowiec. Program Inwestycji Samorz\u0105dowych w ramach Polskiego \u0141adu, rozdysponowa\u0142 ponad...","categories_data":{"8":{"term_id":8,"name":"WYDARZENIA","slug":"wydarzenia","term_group":0,"term_taxonomy_id":8,"taxonomy":"category","description":"","parent":0,"count":286,"filter":"raw","cat_ID":8,"category_count":286,"category_description":"","cat_name":"WYDARZENIA","category_nicename":"wydarzenia","category_parent":0}},"featured_image_src":"https:\/\/grabowiec.pl\/ug\/wp-content\/uploads\/2023\/02\/pano20220515170337.jpg","date_formated":"2022-06-03","yoast_head":"<!-- This site is optimized with the Yoast SEO plugin v27.5 - https:\/\/yoast.com\/product\/yoast-seo-wordpress\/ -->\n<title>INWESTYCJE W GMINIE GRABOWIEC - GMINA GRABOWIEC<\/title>\n<meta name=\"robots\" content=\"index, follow, max-snippet:-1, max-image-preview:large, max-video-preview:-1\" \/>\n<link rel=\"canonical\" href=\"https:\/\/grabowiec.pl\/ug\/index.php\/2022\/06\/03\/inwestycje-w-gminie-grabowiec\/\" \/>\n<meta property=\"og:locale\" content=\"pl_PL\" \/>\n<meta property=\"og:type\" content=\"article\" \/>\n<meta property=\"og:title\" content=\"INWESTYCJE W GMINIE GRABOWIEC - GMINA GRABOWIEC\" \/>\n<meta property=\"og:description\" content=\"B\u0119d\u0105 nowe inwestycje w gminie Grabowiec. Program Inwestycji Samorz\u0105dowych w ramach Polskiego \u0141adu, rozdysponowa\u0142 ponad &hellip;\" \/>\n<meta property=\"og:url\" content=\"https:\/\/grabowiec.pl\/ug\/index.php\/2022\/06\/03\/inwestycje-w-gminie-grabowiec\/\" \/>\n<meta property=\"og:site_name\" content=\"GMINA GRABOWIEC\" \/>\n<meta property=\"article:published_time\" content=\"2022-06-03T17:01:49+00:00\" \/>\n<meta property=\"article:modified_time\" content=\"2023-02-10T18:02:31+00:00\" \/>\n<meta property=\"og:image\" content=\"https:\/\/grabowiec.pl\/ug\/wp-content\/uploads\/2023\/02\/pano20220515170337.jpg\" \/>\n\t<meta property=\"og:image:width\" content=\"2308\" \/>\n\t<meta property=\"og:image:height\" content=\"936\" \/>\n\t<meta property=\"og:image:type\" content=\"image\/jpeg\" \/>\n<meta name=\"author\" content=\"GrabAdmin\" \/>\n<meta name=\"twitter:card\" content=\"summary_large_image\" \/>\n<meta name=\"twitter:label1\" content=\"Napisane przez\" \/>\n\t<meta name=\"twitter:data1\" content=\"GrabAdmin\" \/>\n\t<meta name=\"twitter:label2\" content=\"Szacowany czas czytania\" \/>\n\t<meta name=\"twitter:data2\" content=\"1 minuta\" \/>\n<script type=\"application\/ld+json\" class=\"yoast-schema-graph\">{\"@context\":\"https:\\\/\\\/schema.org\",\"@graph\":[{\"@type\":\"Article\",\"@id\":\"https:\\\/\\\/grabowiec.pl\\\/ug\\\/index.php\\\/2022\\\/06\\\/03\\\/inwestycje-w-gminie-grabowiec\\\/#article\",\"isPartOf\":{\"@id\":\"https:\\\/\\\/grabowiec.pl\\\/ug\\\/index.php\\\/2022\\\/06\\\/03\\\/inwestycje-w-gminie-grabowiec\\\/\"},\"author\":{\"name\":\"GrabAdmin\",\"@id\":\"https:\\\/\\\/grabowiec.pl\\\/ug\\\/#\\\/schema\\\/person\\\/5985d73d5ee31f074e8352f4782bdf99\"},\"headline\":\"INWESTYCJE W GMINIE GRABOWIEC\",\"datePublished\":\"2022-06-03T17:01:49+00:00\",\"dateModified\":\"2023-02-10T18:02:31+00:00\",\"mainEntityOfPage\":{\"@id\":\"https:\\\/\\\/grabowiec.pl\\\/ug\\\/index.php\\\/2022\\\/06\\\/03\\\/inwestycje-w-gminie-grabowiec\\\/\"},\"wordCount\":135,\"publisher\":{\"@id\":\"https:\\\/\\\/grabowiec.pl\\\/ug\\\/#organization\"},\"image\":{\"@id\":\"https:\\\/\\\/grabowiec.pl\\\/ug\\\/index.php\\\/2022\\\/06\\\/03\\\/inwestycje-w-gminie-grabowiec\\\/#primaryimage\"},\"thumbnailUrl\":\"https:\\\/\\\/grabowiec.pl\\\/ug\\\/wp-content\\\/uploads\\\/2023\\\/02\\\/pano20220515170337.jpg\",\"articleSection\":[\"WYDARZENIA\"],\"inLanguage\":\"pl-PL\"},{\"@type\":\"WebPage\",\"@id\":\"https:\\\/\\\/grabowiec.pl\\\/ug\\\/index.php\\\/2022\\\/06\\\/03\\\/inwestycje-w-gminie-grabowiec\\\/\",\"url\":\"https:\\\/\\\/grabowiec.pl\\\/ug\\\/index.php\\\/2022\\\/06\\\/03\\\/inwestycje-w-gminie-grabowiec\\\/\",\"name\":\"INWESTYCJE W GMINIE GRABOWIEC - GMINA GRABOWIEC\",\"isPartOf\":{\"@id\":\"https:\\\/\\\/grabowiec.pl\\\/ug\\\/#website\"},\"primaryImageOfPage\":{\"@id\":\"https:\\\/\\\/grabowiec.pl\\\/ug\\\/index.php\\\/2022\\\/06\\\/03\\\/inwestycje-w-gminie-grabowiec\\\/#primaryimage\"},\"image\":{\"@id\":\"https:\\\/\\\/grabowiec.pl\\\/ug\\\/index.php\\\/2022\\\/06\\\/03\\\/inwestycje-w-gminie-grabowiec\\\/#primaryimage\"},\"thumbnailUrl\":\"https:\\\/\\\/grabowiec.pl\\\/ug\\\/wp-content\\\/uploads\\\/2023\\\/02\\\/pano20220515170337.jpg\",\"datePublished\":\"2022-06-03T17:01:49+00:00\",\"dateModified\":\"2023-02-10T18:02:31+00:00\",\"breadcrumb\":{\"@id\":\"https:\\\/\\\/grabowiec.pl\\\/ug\\\/index.php\\\/2022\\\/06\\\/03\\\/inwestycje-w-gminie-grabowiec\\\/#breadcrumb\"},\"inLanguage\":\"pl-PL\",\"potentialAction\":[{\"@type\":\"ReadAction\",\"target\":[\"https:\\\/\\\/grabowiec.pl\\\/ug\\\/index.php\\\/2022\\\/06\\\/03\\\/inwestycje-w-gminie-grabowiec\\\/\"]}]},{\"@type\":\"ImageObject\",\"inLanguage\":\"pl-PL\",\"@id\":\"https:\\\/\\\/grabowiec.pl\\\/ug\\\/index.php\\\/2022\\\/06\\\/03\\\/inwestycje-w-gminie-grabowiec\\\/#primaryimage\",\"url\":\"https:\\\/\\\/grabowiec.pl\\\/ug\\\/wp-content\\\/uploads\\\/2023\\\/02\\\/pano20220515170337.jpg\",\"contentUrl\":\"https:\\\/\\\/grabowiec.pl\\\/ug\\\/wp-content\\\/uploads\\\/2023\\\/02\\\/pano20220515170337.jpg\",\"width\":2308,\"height\":936},{\"@type\":\"BreadcrumbList\",\"@id\":\"https:\\\/\\\/grabowiec.pl\\\/ug\\\/index.php\\\/2022\\\/06\\\/03\\\/inwestycje-w-gminie-grabowiec\\\/#breadcrumb\",\"itemListElement\":[{\"@type\":\"ListItem\",\"position\":1,\"name\":\"Strona g\u0142\u00f3wna\",\"item\":\"https:\\\/\\\/grabowiec.pl\\\/ug\\\/\"},{\"@type\":\"ListItem\",\"position\":2,\"name\":\"INWESTYCJE W GMINIE GRABOWIEC\"}]},{\"@type\":\"WebSite\",\"@id\":\"https:\\\/\\\/grabowiec.pl\\\/ug\\\/#website\",\"url\":\"https:\\\/\\\/grabowiec.pl\\\/ug\\\/\",\"name\":\"GMINA GRABOWIEC\",\"description\":\"\",\"publisher\":{\"@id\":\"https:\\\/\\\/grabowiec.pl\\\/ug\\\/#organization\"},\"potentialAction\":[{\"@type\":\"SearchAction\",\"target\":{\"@type\":\"EntryPoint\",\"urlTemplate\":\"https:\\\/\\\/grabowiec.pl\\\/ug\\\/?s={search_term_string}\"},\"query-input\":{\"@type\":\"PropertyValueSpecification\",\"valueRequired\":true,\"valueName\":\"search_term_string\"}}],\"inLanguage\":\"pl-PL\"},{\"@type\":\"Organization\",\"@id\":\"https:\\\/\\\/grabowiec.pl\\\/ug\\\/#organization\",\"name\":\"GMINA GRABOWIEC\",\"url\":\"https:\\\/\\\/grabowiec.pl\\\/ug\\\/\",\"logo\":{\"@type\":\"ImageObject\",\"inLanguage\":\"pl-PL\",\"@id\":\"https:\\\/\\\/grabowiec.pl\\\/ug\\\/#\\\/schema\\\/logo\\\/image\\\/\",\"url\":\"https:\\\/\\\/grabowiec.pl\\\/ug\\\/wp-content\\\/uploads\\\/2023\\\/02\\\/grab-herb.png\",\"contentUrl\":\"https:\\\/\\\/grabowiec.pl\\\/ug\\\/wp-content\\\/uploads\\\/2023\\\/02\\\/grab-herb.png\",\"width\":500,\"height\":600,\"caption\":\"GMINA GRABOWIEC\"},\"image\":{\"@id\":\"https:\\\/\\\/grabowiec.pl\\\/ug\\\/#\\\/schema\\\/logo\\\/image\\\/\"}},{\"@type\":\"Person\",\"@id\":\"https:\\\/\\\/grabowiec.pl\\\/ug\\\/#\\\/schema\\\/person\\\/5985d73d5ee31f074e8352f4782bdf99\",\"name\":\"GrabAdmin\",\"image\":{\"@type\":\"ImageObject\",\"inLanguage\":\"pl-PL\",\"@id\":\"https:\\\/\\\/secure.gravatar.com\\\/avatar\\\/d282d70901c093d417c40ef93cb537ed734f8c89a218e980f2eb8806fb2268e4?s=96&d=mm&r=g\",\"url\":\"https:\\\/\\\/secure.gravatar.com\\\/avatar\\\/d282d70901c093d417c40ef93cb537ed734f8c89a218e980f2eb8806fb2268e4?s=96&d=mm&r=g\",\"contentUrl\":\"https:\\\/\\\/secure.gravatar.com\\\/avatar\\\/d282d70901c093d417c40ef93cb537ed734f8c89a218e980f2eb8806fb2268e4?s=96&d=mm&r=g\",\"caption\":\"GrabAdmin\"},\"sameAs\":[\"http:\\\/\\\/grabowiec.pl\\\/ug\"],\"url\":\"https:\\\/\\\/grabowiec.pl\\\/ug\\\/index.php\\\/author\\\/grabadmin\\\/\"}]}<\/script>\n<!-- \/ Yoast SEO plugin. -->","yoast_head_json":{"title":"INWESTYCJE W GMINIE GRABOWIEC - GMINA GRABOWIEC","robots":{"index":"index","follow":"follow","max-snippet":"max-snippet:-1","max-image-preview":"max-image-preview:large","max-video-preview":"max-video-preview:-1"},"canonical":"https:\/\/grabowiec.pl\/ug\/index.php\/2022\/06\/03\/inwestycje-w-gminie-grabowiec\/","og_locale":"pl_PL","og_type":"article","og_title":"INWESTYCJE W GMINIE GRABOWIEC - GMINA GRABOWIEC","og_description":"B\u0119d\u0105 nowe inwestycje w gminie Grabowiec. Program Inwestycji Samorz\u0105dowych w ramach Polskiego \u0141adu, rozdysponowa\u0142 ponad &hellip;","og_url":"https:\/\/grabowiec.pl\/ug\/index.php\/2022\/06\/03\/inwestycje-w-gminie-grabowiec\/","og_site_name":"GMINA GRABOWIEC","article_published_time":"2022-06-03T17:01:49+00:00","article_modified_time":"2023-02-10T18:02:31+00:00","og_image":[{"width":2308,"height":936,"url":"https:\/\/grabowiec.pl\/ug\/wp-content\/uploads\/2023\/02\/pano20220515170337.jpg","type":"image\/jpeg"}],"author":"GrabAdmin","twitter_card":"summary_large_image","twitter_misc":{"Napisane przez":"GrabAdmin","Szacowany czas czytania":"1 minuta"},"schema":{"@context":"https:\/\/schema.org","@graph":[{"@type":"Article","@id":"https:\/\/grabowiec.pl\/ug\/index.php\/2022\/06\/03\/inwestycje-w-gminie-grabowiec\/#article","isPartOf":{"@id":"https:\/\/grabowiec.pl\/ug\/index.php\/2022\/06\/03\/inwestycje-w-gminie-grabowiec\/"},"author":{"name":"GrabAdmin","@id":"https:\/\/grabowiec.pl\/ug\/#\/schema\/person\/5985d73d5ee31f074e8352f4782bdf99"},"headline":"INWESTYCJE W GMINIE GRABOWIEC","datePublished":"2022-06-03T17:01:49+00:00","dateModified":"2023-02-10T18:02:31+00:00","mainEntityOfPage":{"@id":"https:\/\/grabowiec.pl\/ug\/index.php\/2022\/06\/03\/inwestycje-w-gminie-grabowiec\/"},"wordCount":135,"publisher":{"@id":"https:\/\/grabowiec.pl\/ug\/#organization"},"image":{"@id":"https:\/\/grabowiec.pl\/ug\/index.php\/2022\/06\/03\/inwestycje-w-gminie-grabowiec\/#primaryimage"},"thumbnailUrl":"https:\/\/grabowiec.pl\/ug\/wp-content\/uploads\/2023\/02\/pano20220515170337.jpg","articleSection":["WYDARZENIA"],"inLanguage":"pl-PL"},{"@type":"WebPage","@id":"https:\/\/grabowiec.pl\/ug\/index.php\/2022\/06\/03\/inwestycje-w-gminie-grabowiec\/","url":"https:\/\/grabowiec.pl\/ug\/index.php\/2022\/06\/03\/inwestycje-w-gminie-grabowiec\/","name":"INWESTYCJE W GMINIE GRABOWIEC - GMINA GRABOWIEC","isPartOf":{"@id":"https:\/\/grabowiec.pl\/ug\/#website"},"primaryImageOfPage":{"@id":"https:\/\/grabowiec.pl\/ug\/index.php\/2022\/06\/03\/inwestycje-w-gminie-grabowiec\/#primaryimage"},"image":{"@id":"https:\/\/grabowiec.pl\/ug\/index.php\/2022\/06\/03\/inwestycje-w-gminie-grabowiec\/#primaryimage"},"thumbnailUrl":"https:\/\/grabowiec.pl\/ug\/wp-content\/uploads\/2023\/02\/pano20220515170337.jpg","datePublished":"2022-06-03T17:01:49+00:00","dateModified":"2023-02-10T18:02:31+00:00","breadcrumb":{"@id":"https:\/\/grabowiec.pl\/ug\/index.php\/2022\/06\/03\/inwestycje-w-gminie-grabowiec\/#breadcrumb"},"inLanguage":"pl-PL","potentialAction":[{"@type":"ReadAction","target":["https:\/\/grabowiec.pl\/ug\/index.php\/2022\/06\/03\/inwestycje-w-gminie-grabowiec\/"]}]},{"@type":"ImageObject","inLanguage":"pl-PL","@id":"https:\/\/grabowiec.pl\/ug\/index.php\/2022\/06\/03\/inwestycje-w-gminie-grabowiec\/#primaryimage","url":"https:\/\/grabowiec.pl\/ug\/wp-content\/uploads\/2023\/02\/pano20220515170337.jpg","contentUrl":"https:\/\/grabowiec.pl\/ug\/wp-content\/uploads\/2023\/02\/pano20220515170337.jpg","width":2308,"height":936},{"@type":"BreadcrumbList","@id":"https:\/\/grabowiec.pl\/ug\/index.php\/2022\/06\/03\/inwestycje-w-gminie-grabowiec\/#breadcrumb","itemListElement":[{"@type":"ListItem","position":1,"name":"Strona g\u0142\u00f3wna","item":"https:\/\/grabowiec.pl\/ug\/"},{"@type":"ListItem","position":2,"name":"INWESTYCJE W GMINIE GRABOWIEC"}]},{"@type":"WebSite","@id":"https:\/\/grabowiec.pl\/ug\/#website","url":"https:\/\/grabowiec.pl\/ug\/","name":"GMINA GRABOWIEC","description":"","publisher":{"@id":"https:\/\/grabowiec.pl\/ug\/#organization"},"potentialAction":[{"@type":"SearchAction","target":{"@type":"EntryPoint","urlTemplate":"https:\/\/grabowiec.pl\/ug\/?s={search_term_string}"},"query-input":{"@type":"PropertyValueSpecification","valueRequired":true,"valueName":"search_term_string"}}],"inLanguage":"pl-PL"},{"@type":"Organization","@id":"https:\/\/grabowiec.pl\/ug\/#organization","name":"GMINA GRABOWIEC","url":"https:\/\/grabowiec.pl\/ug\/","logo":{"@type":"ImageObject","inLanguage":"pl-PL","@id":"https:\/\/grabowiec.pl\/ug\/#\/schema\/logo\/image\/","url":"https:\/\/grabowiec.pl\/ug\/wp-content\/uploads\/2023\/02\/grab-herb.png","contentUrl":"https:\/\/grabowiec.pl\/ug\/wp-content\/uploads\/2023\/02\/grab-herb.png","width":500,"height":600,"caption":"GMINA GRABOWIEC"},"image":{"@id":"https:\/\/grabowiec.pl\/ug\/#\/schema\/logo\/image\/"}},{"@type":"Person","@id":"https:\/\/grabowiec.pl\/ug\/#\/schema\/person\/5985d73d5ee31f074e8352f4782bdf99","name":"GrabAdmin","image":{"@type":"ImageObject","inLanguage":"pl-PL","@id":"https:\/\/secure.gravatar.com\/avatar\/d282d70901c093d417c40ef93cb537ed734f8c89a218e980f2eb8806fb2268e4?s=96&d=mm&r=g","url":"https:\/\/secure.gravatar.com\/avatar\/d282d70901c093d417c40ef93cb537ed734f8c89a218e980f2eb8806fb2268e4?s=96&d=mm&r=g","contentUrl":"https:\/\/secure.gravatar.com\/avatar\/d282d70901c093d417c40ef93cb537ed734f8c89a218e980f2eb8806fb2268e4?s=96&d=mm&r=g","caption":"GrabAdmin"},"sameAs":["http:\/\/grabowiec.pl\/ug"],"url":"https:\/\/grabowiec.pl\/ug\/index.php\/author\/grabadmin\/"}]}},"_links":{"self":[{"href":"https:\/\/grabowiec.pl\/ug\/index.php\/wp-json\/wp\/v2\/posts\/658","targetHints":{"allow":["GET"]}}],"collection":[{"href":"https:\/\/grabowiec.pl\/ug\/index.php\/wp-json\/wp\/v2\/posts"}],"about":[{"href":"https:\/\/grabowiec.pl\/ug\/index.php\/wp-json\/wp\/v2\/types\/post"}],"author":[{"embeddable":true,"href":"https:\/\/grabowiec.pl\/ug\/index.php\/wp-json\/wp\/v2\/users\/1"}],"replies":[{"embeddable":true,"href":"https:\/\/grabowiec.pl\/ug\/index.php\/wp-json\/wp\/v2\/comments?post=658"}],"version-history":[{"count":1,"href":"https:\/\/grabowiec.pl\/ug\/index.php\/wp-json\/wp\/v2\/posts\/658\/revisions"}],"predecessor-version":[{"id":660,"href":"https:\/\/grabowiec.pl\/ug\/index.php\/wp-json\/wp\/v2\/posts\/658\/revisions\/660"}],"wp:featuredmedia":[{"embeddable":true,"href":"https:\/\/grabowiec.pl\/ug\/index.php\/wp-json\/wp\/v2\/media\/659"}],"wp:attachment":[{"href":"https:\/\/grabowiec.pl\/ug\/index.php\/wp-json\/wp\/v2\/media?parent=658"}],"wp:term":[{"taxonomy":"category","embeddable":true,"href":"https:\/\/grabowiec.pl\/ug\/index.php\/wp-json\/wp\/v2\/categories?post=658"},{"taxonomy":"post_tag","embeddable":true,"href":"https:\/\/grabowiec.pl\/ug\/index.php\/wp-json\/wp\/v2\/tags?post=658"}],"curies":[{"name":"wp","href":"https:\/\/api.w.org\/{rel}","templated":true}]}}